{"id":171723,"date":"2025-06-12T21:05:10","date_gmt":"2025-06-12T21:05:10","guid":{"rendered":"https:\/\/www.europesays.com\/fr\/171723\/"},"modified":"2025-06-12T21:05:10","modified_gmt":"2025-06-12T21:05:10","slug":"les-pertes-militaires-russes-atteignent-le-million-calcule-lukraine","status":"publish","type":"post","link":"https:\/\/www.europesays.com\/fr\/171723\/","title":{"rendered":"Les pertes militaires russes atteignent le million, calcule l&rsquo;Ukraine"},"content":{"rendered":"<p>Le nombre de soldats russes tu\u00e9s ou bless\u00e9s en Ukraine a d\u00e9pass\u00e9 le million, ont annonc\u00e9 jeudi des responsables militaires \u00e0 Kyiv, d\u00e9crivant le lourd tribut pay\u00e9 par Moscou pour son invasion amorc\u00e9e il y a trois ans, le 24\u00a0f\u00e9vrier\u00a02022. Aucun responsable russe n\u2019a comment\u00e9 cette d\u00e9claration. <\/p>\n<p>Cette affirmation de l\u2019\u00e9tat-major des forces arm\u00e9es ukrainiennes, publi\u00e9e un jour f\u00e9ri\u00e9 c\u00e9l\u00e9brant la souverainet\u00e9 de la Russie, concorde avec les estimations des services de renseignement occidentaux. <\/p>\n<p>Le pr\u00e9sident Vladimir Poutine a c\u00e9l\u00e9br\u00e9 jeudi la Journ\u00e9e de la Russie en accueillant au Kremlin une r\u00e9union avec des soldats d\u00e9cor\u00e9s pour leur service en Ukraine. <\/p>\n<p>Le 3\u00a0juin, le Centre d\u2019\u00e9tudes strat\u00e9giques et internationales de Washington avait affirm\u00e9 que la Russie atteindrait probablement le million de victimes cet \u00e9t\u00e9, ce qu\u2019il avait qualifi\u00e9 de \u00abstup\u00e9fiant et macabre\u00bb.<\/p>\n<p>T\u00f4t dans la guerre, la Russie reconnaissait qu\u2019environ 6000 soldats avaient \u00e9t\u00e9 tu\u00e9s. Plus t\u00f4t cette ann\u00e9e, elle avait affirm\u00e9 que les pertes militaires ukrainiennes avaient d\u00e9pass\u00e9 le seuil du million. <\/p>\n<p>Le pr\u00e9sident ukrainien, Volodymyr Zelensky, a affirm\u00e9 en f\u00e9vrier que 45\u00a0100\u00a0soldats ukrainiens avaient \u00e9t\u00e9 tu\u00e9s et qu\u2019environ 390\u00a0000\u00a0autres avaient \u00e9t\u00e9 bless\u00e9s. <\/p>\n<p>Les affirmations des deux parties concernant les pertes de leur adversaire n\u2019ont pu \u00eatre v\u00e9rifi\u00e9es de mani\u00e8re ind\u00e9pendante. <\/p>\n<p>Ces estimations surviennent alors que les forces russes ont bombard\u00e9 l\u2019Ukraine avec des drones et d\u2019autres armes, tuant trois personnes et en blessant plusieurs autres, malgr\u00e9 la pression internationale pour qu\u2019elles acceptent un cessez-le-feu. <\/p>\n<p>Selon l\u2019arm\u00e9e de l\u2019air ukrainienne, la Russie a lanc\u00e9 63\u00a0drones et leurres sur l\u2019Ukraine dans la nuit, d\u00e9truisant 28\u00a0drones et en bloquant 21.<\/p>\n<p>La police ukrainienne a d\u00e9clar\u00e9 que deux personnes ont \u00e9t\u00e9 tu\u00e9es et six autres, bless\u00e9es, au cours des derni\u00e8res 24\u00a0heures dans la r\u00e9gion orientale de Donetsk. Une personne a \u00e9t\u00e9 tu\u00e9e et 14\u00a0autres ont \u00e9t\u00e9 bless\u00e9es dans la r\u00e9gion m\u00e9ridionale de Kherson, partiellement occup\u00e9e par les forces russes, a indiqu\u00e9 la police.<\/p>\n<p>Les autorit\u00e9s de Kharkiv, deuxi\u00e8me plus grande ville d\u2019Ukraine, ont affirm\u00e9 que 18\u00a0personnes, dont 4\u00a0enfants, ont \u00e9t\u00e9 bless\u00e9es par des attaques de drones russes dans la nuit.<\/p>\n<p>La Russie a lanc\u00e9 des vagues de drones et de missiles ces derniers jours, avec un bombardement record de pr\u00e8s de 500\u00a0drones lundi et une vague de 315\u00a0drones et 7\u00a0missiles dans la nuit de mardi. <\/p>\n<p>L\u2019Ukraine a ripost\u00e9 aux attaques russes par des raids de drones. Le minist\u00e8re russe de la D\u00e9fense a d\u00e9clar\u00e9 que les d\u00e9fenses a\u00e9riennes avaient abattu 52\u00a0drones ukrainiens jeudi matin, dont 41\u00a0au-dessus de la r\u00e9gion de Belgorod, frontali\u00e8re avec l\u2019Ukraine. Le gouverneur r\u00e9gional, Viatcheslav Gladkov, a indiqu\u00e9 qu\u2019un gar\u00e7on de deux ans avait \u00e9t\u00e9 tu\u00e9 jeudi dans une attaque de drone ukrainien, qui a \u00e9galement bless\u00e9 sa grand-m\u00e8re. Il avait pr\u00e9c\u00e9demment fait \u00e9tat de trois autres bless\u00e9s. <\/p>\n<p>La r\u00e9cente escalade des attaques a\u00e9riennes s\u2019accompagne d\u2019une nouvelle avanc\u00e9e russe. <\/p>\n<p>Le minist\u00e8re russe de la D\u00e9fense a affirm\u00e9 jeudi que ses troupes avaient captur\u00e9 deux autres villages dans la r\u00e9gion de Donetsk, Oleksiivka et Petrivske. L\u2019arm\u00e9e ukrainienne n\u2019a pas comment\u00e9 imm\u00e9diatement. <\/p>\n<p>Les attaques se sont poursuivies malgr\u00e9 les discussions sur un \u00e9ventuel cessez-le-feu. <\/p>\n<p>La Russie et l\u2019Ukraine ont proc\u00e9d\u00e9 jeudi \u00e0 un \u00e9change de prisonniers de guerre, sans communiquer de chiffres. Selon le m\u00e9diateur ukrainien pour les droits de l\u2019homme, Dmytro Lubinets, certains des soldats rapatri\u00e9s \u00e9taient port\u00e9s disparus. <\/p>\n","protected":false},"excerpt":{"rendered":"Le nombre de soldats russes tu\u00e9s ou bless\u00e9s en Ukraine a d\u00e9pass\u00e9 le million, ont annonc\u00e9 jeudi des&hellip;\n","protected":false},"author":2,"featured_media":171724,"comment_status":"","ping_status":"","sticky":false,"template":"","format":"standard","meta":{"footnotes":""},"categories":[1590],"tags":[11,1777,674,11621,1854,4576,12,220],"class_list":{"0":"post-171723","1":"post","2":"type-post","3":"status-publish","4":"format-standard","5":"has-post-thumbnail","7":"category-ukraine","8":"tag-actualites","9":"tag-eu","10":"tag-europe","11":"tag-https-lactualite-com-sujet-defense","12":"tag-https-lactualite-com-sujet-international","13":"tag-https-lactualite-com-sujet-politique","14":"tag-news","15":"tag-ukraine"},"share_on_mastodon":{"url":"https:\/\/pubeurope.com\/@fr\/114672430205778301","error":""},"_links":{"self":[{"href":"https:\/\/www.europesays.com\/fr\/wp-json\/wp\/v2\/posts\/171723","targetHints":{"allow":["GET"]}}],"collection":[{"href":"https:\/\/www.europesays.com\/fr\/wp-json\/wp\/v2\/posts"}],"about":[{"href":"https:\/\/www.europesays.com\/fr\/wp-json\/wp\/v2\/types\/post"}],"author":[{"embeddable":true,"href":"https:\/\/www.europesays.com\/fr\/wp-json\/wp\/v2\/users\/2"}],"replies":[{"embeddable":true,"href":"https:\/\/www.europesays.com\/fr\/wp-json\/wp\/v2\/comments?post=171723"}],"version-history":[{"count":0,"href":"https:\/\/www.europesays.com\/fr\/wp-json\/wp\/v2\/posts\/171723\/revisions"}],"wp:featuredmedia":[{"embeddable":true,"href":"https:\/\/www.europesays.com\/fr\/wp-json\/wp\/v2\/media\/171724"}],"wp:attachment":[{"href":"https:\/\/www.europesays.com\/fr\/wp-json\/wp\/v2\/media?parent=171723"}],"wp:term":[{"taxonomy":"category","embeddable":true,"href":"https:\/\/www.europesays.com\/fr\/wp-json\/wp\/v2\/categories?post=171723"},{"taxonomy":"post_tag","embeddable":true,"href":"https:\/\/www.europesays.com\/fr\/wp-json\/wp\/v2\/tags?post=171723"}],"curies":[{"name":"wp","href":"https:\/\/api.w.org\/{rel}","templated":true}]}}