{"id":171725,"date":"2025-06-12T21:06:13","date_gmt":"2025-06-12T21:06:13","guid":{"rendered":"https:\/\/www.europesays.com\/fr\/171725\/"},"modified":"2025-06-12T21:06:13","modified_gmt":"2025-06-12T21:06:13","slug":"le-petrole-relache-une-partie-de-ses-gains-lies-aux-tensions-entre-les-etats-unis-et-liran","status":"publish","type":"post","link":"https:\/\/www.europesays.com\/fr\/171725\/","title":{"rendered":"Le p\u00e9trole rel\u00e2che une partie de ses gains li\u00e9s aux tensions entre les \u00c9tats-Unis et l&rsquo;Iran"},"content":{"rendered":"<p class=\"fig-paragraph\">Les cours du p\u00e9trole ont recul\u00e9 jeudi, apr\u00e8s leur forte hausse de la veille due\u00a0<a href=\"http:\/\/www.lefigaro.fr\/international\/nucleaire-iranien-nouveaux-pourparlers-entre-teheran-et-washington-ce-dimanche-20250612\" target=\"_blank\" data-fig-type=\"NewsFlash\" rel=\"noopener\" data-gtm-custom-categorie=\"navigation\" data-gtm-custom-action=\"crossclick\" data-gtm-custom-label=\"Contextuel\" data-gtm-event=\"customEventSPE\" data-fig-domain=\"LEFIGARO\">aux tensions entre T\u00e9h\u00e9ran et Washington<\/a>\u00a0autour de la question du nucl\u00e9aire iranien. Le prix du baril de Brent de la mer du Nord, pour livraison en ao\u00fbt, a perdu 0,59% \u00e0 69,36 dollars. Son \u00e9quivalent am\u00e9ricain, le baril de West Texas Intermediate, pour livraison en juillet, a recul\u00e9 de 0,16% \u00e0 68,04 dollars.<\/p>\n<p class=\"fig-paragraph\">Dans une interview au New York Post publi\u00e9e mercredi, le pr\u00e9sident am\u00e9ricain Donald Trump a affirm\u00e9 se montrer \u00abmoins confiant\u00bb au sujet d&rsquo;un accord avec T\u00e9h\u00e9ran sur le nucl\u00e9aire iranien. Depuis, le ton est mont\u00e9, et les \u00c9tats-Unis ont annonc\u00e9 mercredi avoir d\u00e9plac\u00e9 une partie de leur personnel au Moyen-Orient apr\u00e8s que T\u00e9h\u00e9ran a menac\u00e9 de frapper leurs bases militaires en cas de conflit cons\u00e9cutif \u00e0 un \u00e9chec des n\u00e9gociations.<\/p>\n<p class=\"fig-paragraph\">\u00abLes n\u00e9gociations entre les \u00c9tats-Unis et l&rsquo;Iran sur leur programme nucl\u00e9aire n&rsquo;ont gu\u00e8re progress\u00e9 et la rh\u00e9torique s&rsquo;intensifie, ce qui fait craindre une escalade dans la r\u00e9gion\u00bb, explique aupr\u00e8s de l&rsquo;AFP Andy Lipow, de Lipow Oil Associates. \u00abCette situation pourrait avoir un impact sur l&rsquo;approvisionnement\u00bb de brut, ajoute l&rsquo;analyste, ce qui ferait donc grimper les cours.<\/p>\n<p>\u00abLe cauchemar absolu serait une fermeture du d\u00e9troit d\u2019Ormuz\u00bb<\/p>\n<p class=\"fig-paragraph\">En outre, jeudi, l&rsquo;Agence internationale de l&rsquo;\u00e9nergie atomique (AIEA) a adopt\u00e9 une r\u00e9solution condamnant T\u00e9h\u00e9ran pour \u00abnon-respect\u00bb de ses obligations nucl\u00e9aires, apr\u00e8s quoi l&rsquo;Iran a d\u00e9clar\u00e9 qu&rsquo;il allait construire un nouveau site d&rsquo;enrichissement d&rsquo;uranium. \u00abLe march\u00e9 est pratiquement convaincu que si les n\u00e9gociations sur le nucl\u00e9aire iranien \u00e9chouent, les installations nucl\u00e9aires iraniennes seront attaqu\u00e9es\u00bb, abonde dans une note Phil Flynn, de Price Futures Group. L&rsquo;Iran fait partie des dix premiers producteurs mondiaux d&rsquo;or noir.<\/p>\n<p class=\"fig-paragraph\">Pour le march\u00e9 p\u00e9trolier, en cas d&rsquo;escalade, \u00able cauchemar absolu serait une fermeture du d\u00e9troit d&rsquo;Ormuz\u00bb, affirme Arne Lohmann Rasmussen, de Global Risk Management. Selon lui, \u00absi l&rsquo;Iran bloque ce passage \u00e9troit, cela pourrait affecter jusqu&rsquo;\u00e0 20% des flux p\u00e9troliers mondiaux\u00bb. L&rsquo;agence de s\u00e9curit\u00e9 maritime britannique (UKTMO) &#8211;\u00abtr\u00e8s respect\u00e9e dans la communaut\u00e9 maritime\u00bb, pr\u00e9cise John Evans de chez PVM&#8211; a lanc\u00e9 hier un avertissement au secteur maritime concernant un risque accru dans le golfe Persique, le golfe d&rsquo;Oman et en particulier le d\u00e9troit d&rsquo;Ormuz.<\/p>\n","protected":false},"excerpt":{"rendered":"Les cours du p\u00e9trole ont recul\u00e9 jeudi, apr\u00e8s leur forte hausse de la veille due\u00a0aux tensions entre T\u00e9h\u00e9ran&hellip;\n","protected":false},"author":2,"featured_media":171726,"comment_status":"","ping_status":"","sticky":false,"template":"","format":"standard","meta":{"footnotes":""},"categories":[1589],"tags":[1111,47,11,1117,1109,1112,636,341,257,73,1866,632,1108,107,1106,1107,1119,1116,1110,1114,3019,500,12,1113,844,1118,137,401,1115,1864,1865,1863,308],"class_list":{"0":"post-171725","1":"post","2":"type-post","3":"status-publish","4":"format-standard","5":"has-post-thumbnail","7":"category-etats-unis","8":"tag-actu","9":"tag-actualite","10":"tag-actualites","11":"tag-assurance","12":"tag-breves","13":"tag-depeches","14":"tag-devises","15":"tag-emploi","16":"tag-entreprise","17":"tag-etats-unis","18":"tag-etats-unis-damerique","19":"tag-fcp","20":"tag-fil","21":"tag-fil-info","22":"tag-flash","23":"tag-flash-actu","24":"tag-formation","25":"tag-immobilier","26":"tag-informations","27":"tag-infos","28":"tag-iran","29":"tag-medias","30":"tag-news","31":"tag-nouvelles","32":"tag-petrole","33":"tag-placement","34":"tag-retraite","35":"tag-sicav","36":"tag-taux","37":"tag-united-states","38":"tag-united-states-of-america","39":"tag-us","40":"tag-usa"},"share_on_mastodon":{"url":"https:\/\/pubeurope.com\/@fr\/114672434168248595","error":""},"_links":{"self":[{"href":"https:\/\/www.europesays.com\/fr\/wp-json\/wp\/v2\/posts\/171725","targetHints":{"allow":["GET"]}}],"collection":[{"href":"https:\/\/www.europesays.com\/fr\/wp-json\/wp\/v2\/posts"}],"about":[{"href":"https:\/\/www.europesays.com\/fr\/wp-json\/wp\/v2\/types\/post"}],"author":[{"embeddable":true,"href":"https:\/\/www.europesays.com\/fr\/wp-json\/wp\/v2\/users\/2"}],"replies":[{"embeddable":true,"href":"https:\/\/www.europesays.com\/fr\/wp-json\/wp\/v2\/comments?post=171725"}],"version-history":[{"count":0,"href":"https:\/\/www.europesays.com\/fr\/wp-json\/wp\/v2\/posts\/171725\/revisions"}],"wp:featuredmedia":[{"embeddable":true,"href":"https:\/\/www.europesays.com\/fr\/wp-json\/wp\/v2\/media\/171726"}],"wp:attachment":[{"href":"https:\/\/www.europesays.com\/fr\/wp-json\/wp\/v2\/media?parent=171725"}],"wp:term":[{"taxonomy":"category","embeddable":true,"href":"https:\/\/www.europesays.com\/fr\/wp-json\/wp\/v2\/categories?post=171725"},{"taxonomy":"post_tag","embeddable":true,"href":"https:\/\/www.europesays.com\/fr\/wp-json\/wp\/v2\/tags?post=171725"}],"curies":[{"name":"wp","href":"https:\/\/api.w.org\/{rel}","templated":true}]}}