{"id":17173,"date":"2025-04-11T11:34:08","date_gmt":"2025-04-11T11:34:08","guid":{"rendered":"https:\/\/www.europesays.com\/fr\/17173\/"},"modified":"2025-04-11T11:34:08","modified_gmt":"2025-04-11T11:34:08","slug":"refus-dobtemperer-a-paris-un-homme-entre-la-vie-et-la-mort-apres-une-course-poursuite-a-trottinette","status":"publish","type":"post","link":"https:\/\/www.europesays.com\/fr\/17173\/","title":{"rendered":"Refus d\u2019obtemp\u00e9rer \u00e0 Paris\u00a0: un homme entre la vie et la mort apr\u00e8s une course-poursuite \u00e0 trottinette"},"content":{"rendered":"<p class=\"paragraph text_align_left\">C\u2019est un nouveau<a href=\"https:\/\/www.leparisien.fr\/faits-divers\/refus-dobtemperer-a-paris-apres-le-spectaculaire-accident-les-policiers-blesses-sont-tous-sortis-des-hopitaux-22-03-2025-7KDC36OGSREM5DG7MWUIYBAP6M.php\" target=\"_blank\" rel=\"nofollow noopener\"> refus d\u2019obtemp\u00e9re<\/a>r qui se termine mal. Les faits d\u00e9voil\u00e9s par <a href=\"https:\/\/actu17.fr\/faits-divers\/paris-pronostic-vital-engage-pour-un-homme-a-trottinette-qui-a-chute-apres-un-refus-dobtemperer.html\" target=\"_blank\" rel=\"nofollow noopener\">Actu17<\/a> se sont d\u00e9roul\u00e9s mercredi apr\u00e8s-midi aux alentours de 16h40. Alors que des policiers patrouillaient dans le XIXe\u00a0arrondissement de Paris, les agents \u00ab\u00a0ont vu passer une <a href=\"https:\/\/www.leparisien.fr\/faits-divers\/les-trottinettes-electriques-en-vogue-chez-les-tueurs-cest-plus-discret-tu-ne-lentends-pas-arriver-12-03-2025-NIMMU3RXLZCPLE4KJY6YYLWOMM.php\" target=\"_blank\" rel=\"nofollow noopener\">trottinette \u00e9lectrique<\/a> \u00e0 vive allure\u00a0\u00bb, indique le parquet de Paris.<\/p>\n<p class=\"paragraph text_align_left\">L\u2019individu en question circulait alors sur un trottoir et sans casque au niveau de la rue de l\u2019Ourcq, pr\u00e9cise une source proche du dossier. Face \u00e0 ces nombreuses infractions, les forces de l\u2019ordre \u00ab\u00a0manifestent leur intention de contr\u00f4ler le conducteur\u00a0\u00bb, souligne le parquet, mais celui-ci en d\u00e9cide autrement.<\/p>\n<p class=\"paragraph text_align_left\">\u00c0 la vue des policiers, l\u2019individu aurait pris \u00ab\u00a0d\u00e9lib\u00e9r\u00e9ment la fuite\u00a0\u00bb pendant que l\u2019\u00e9quipage de police le prenait en charge. Au cours de cette course-poursuite, le fuyard aurait emprunt\u00e9 le trottoir en sens inverse du quai de l\u2019Oise, \u00ab\u00a0en manquant de percuter plusieurs pi\u00e9tons\u00a0\u00bb, d\u00e9crit le parquet.<\/p>\n<p>Une vitesse de 78\u00a0km\/h<\/p>\n<p class=\"paragraph text_align_left\">C\u2019est alors que le conducteur du deux-roues aurait perdu le contr\u00f4le de son v\u00e9hicule, \u00ab\u00a0dont la derni\u00e8re vitesse enregistr\u00e9e \u00e9tait <a href=\"https:\/\/www.leparisien.fr\/essonne-91\/jusqua-150-kmh-en-trottinette-electrique-la-premiere-competition-officielle-debarque-en-essonne-15-07-2023-GVUN4YNXBJD25BCM4PTCQONJAE.php\" target=\"_blank\" rel=\"nofollow noopener\">de 78\u00a0km\/h<\/a>\u00a0\u00bb, indique encore le parquet, alors que la vitesse maximale autoris\u00e9e en ville pour ces engins est de 25\u00a0km\/h. Du fait de son allure vive, l\u2019homme aurait chut\u00e9 lourdement au sol, au niveau du 1,\u00a0quai de l\u2019Oise, soit juste devant la caserne des sapeurs-pompiers de Paris du XIXe.<\/p>\n<p class=\"paragraph text_align_left\">La victime a \u00e9t\u00e9 rapidement prise en charge par les services de secours qui lui ont prodigu\u00e9 les premiers soins avant d\u2019\u00eatre transport\u00e9e en urgence absolue \u00e0 l\u2019h\u00f4pital de la Piti\u00e9-Salp\u00eatri\u00e8re, dans le XIIIe\u00a0arrondissement, avec une escorte moto. \u00ab\u00a0Les premiers secours ont estim\u00e9 que le pronostic vital \u00e9tait engag\u00e9\u00a0\u00bb, confirme le parquet de Paris, qui pr\u00e9cise qu\u2019une enqu\u00eate a \u00e9t\u00e9 ouverte et confi\u00e9e aux policiers du service de traitement judiciaire des accidents (STJA).<\/p>\n","protected":false},"excerpt":{"rendered":"C\u2019est un nouveau refus d\u2019obtemp\u00e9rer qui se termine mal. Les faits d\u00e9voil\u00e9s par Actu17 se sont d\u00e9roul\u00e9s mercredi&hellip;\n","protected":false},"author":2,"featured_media":17174,"comment_status":"","ping_status":"","sticky":false,"template":"","format":"standard","meta":{"footnotes":""},"categories":[1888],"tags":[1111,1928,11,1927,1777,674,1011,27,1944,12,1926,626,1925,25],"class_list":{"0":"post-17173","1":"post","2":"type-post","3":"status-publish","4":"format-standard","5":"has-post-thumbnail","7":"category-paris","8":"tag-actu","9":"tag-actu-paris","10":"tag-actualites","11":"tag-actualites-paris","12":"tag-eu","13":"tag-europe","14":"tag-fr","15":"tag-france","16":"tag-ma-ville","17":"tag-news","18":"tag-news-paris","19":"tag-paris","20":"tag-paris-news","21":"tag-republique-francaise"},"share_on_mastodon":{"url":"https:\/\/pubeurope.com\/@fr\/114319121979522868","error":""},"_links":{"self":[{"href":"https:\/\/www.europesays.com\/fr\/wp-json\/wp\/v2\/posts\/17173","targetHints":{"allow":["GET"]}}],"collection":[{"href":"https:\/\/www.europesays.com\/fr\/wp-json\/wp\/v2\/posts"}],"about":[{"href":"https:\/\/www.europesays.com\/fr\/wp-json\/wp\/v2\/types\/post"}],"author":[{"embeddable":true,"href":"https:\/\/www.europesays.com\/fr\/wp-json\/wp\/v2\/users\/2"}],"replies":[{"embeddable":true,"href":"https:\/\/www.europesays.com\/fr\/wp-json\/wp\/v2\/comments?post=17173"}],"version-history":[{"count":0,"href":"https:\/\/www.europesays.com\/fr\/wp-json\/wp\/v2\/posts\/17173\/revisions"}],"wp:featuredmedia":[{"embeddable":true,"href":"https:\/\/www.europesays.com\/fr\/wp-json\/wp\/v2\/media\/17174"}],"wp:attachment":[{"href":"https:\/\/www.europesays.com\/fr\/wp-json\/wp\/v2\/media?parent=17173"}],"wp:term":[{"taxonomy":"category","embeddable":true,"href":"https:\/\/www.europesays.com\/fr\/wp-json\/wp\/v2\/categories?post=17173"},{"taxonomy":"post_tag","embeddable":true,"href":"https:\/\/www.europesays.com\/fr\/wp-json\/wp\/v2\/tags?post=17173"}],"curies":[{"name":"wp","href":"https:\/\/api.w.org\/{rel}","templated":true}]}}