{"id":171731,"date":"2025-06-12T21:09:25","date_gmt":"2025-06-12T21:09:25","guid":{"rendered":"https:\/\/www.europesays.com\/fr\/171731\/"},"modified":"2025-06-12T21:09:25","modified_gmt":"2025-06-12T21:09:25","slug":"leurope-est-a-un-moment-charniere-ou-vont-le-cac-40-et-les-etf","status":"publish","type":"post","link":"https:\/\/www.europesays.com\/fr\/171731\/","title":{"rendered":"\u00abl\u2019Europe est \u00e0 un moment charni\u00e8re\u00bb, o\u00f9 vont le CAC 40 et les ETF ?"},"content":{"rendered":"<p class=\"articleHead-lead\">\n            Le CAC 40 et les ETF sur l&rsquo;indice actions phare de la Bourse connaissent un regain de volatilit\u00e9, alors que les tensions politiques s\u2019intensifient et que la question des droits de douane reste pos\u00e9e. Mais l\u2019Europe a devant elle des perspectives prometteuses, pour un investisseur de moyen terme.\n        <\/p>\n<p>            <img decoding=\"async\"  src=\"https:\/\/www.europesays.com\/fr\/wp-content\/uploads\/2025\/06\/1749762564_564_picture.jpg\"  class=\"apply-ratio\" alt=\"Bourse de Paris (CAC 40)\"\/><\/p>\n<p>\n                                            \u00a9 Fred De Noyelle \/GODONG\/Getty Images<\/p>\n<p>                                             &#8211; Bourse de Paris (CAC 40)\n                                    <\/p>\n<ul class=\"articleMainFollow-list\">\n<li class=\"articleMainFollow-item\">\n<p>                        Sauvegarder<\/p>\n<p>                        Sauvegard\u00e9<\/p>\n<\/li>\n<li class=\"articleMainFollow-item\">\n<\/li>\n<\/ul>\n<p>\n                    Recevoir les alertes Bourse\n                <\/p>\n<p><a href=\"https:\/\/www.capital.fr\/entreprises-marches\/bourse-le-cac-40-chute-israel-pourrait-attaquer-l-iran-avertit-deutsche-bank-1514857\" target=\"_blank\" rel=\"noopener\">Le CAC 40 conna\u00eet un regain de volatilit\u00e9, sur fond de mont\u00e9e des tensions g\u00e9opolitiques<\/a> et d\u2019interrogations persistantes sur les droits de douane de Donald Trump. Sur le front des bonnes nouvelles, du c\u00f4t\u00e9 de la croissance \u00e9conomique, en zone euro, la confiance des investisseurs a rebondi pour le deuxi\u00e8me mois d\u2019affil\u00e9e en juin et devient m\u00eame positive pour la premi\u00e8re fois depuis un an. Il faut rester prudent sur l\u2019interpr\u00e9tation de ces enqu\u00eates aupr\u00e8s des investisseurs, mais selon LBP AM (La Banque Postale Asset Management, p\u00f4le de gestion d\u2019actifs de La Banque postale), cela plaide pour le sc\u00e9nario d\u2019une \u00abr\u00e9sistance de l\u2019\u00e9conomie au deuxi\u00e8me trimestre, apr\u00e8s la forte croissance du premier trimestre\u00bb. Cela conforte le sc\u00e9nario du g\u00e9rant d\u2019actifs (et de la BCE) d\u2019une reprise \u00abretard\u00e9e &#8211; mais pas remise en question &#8211; de l\u2019\u00e9conomie europ\u00e9enne, cette ann\u00e9e\u00bb.<\/p>\n<p>L&rsquo;Europe est \u00ab\u00e0 un moment charni\u00e8re, \u00e0 un tournant\u00bb, juge Amundi Investment Solutions, pour qui les perspectives du Vieux continent sont prometteuses \u00e0 horizon moyen terme, en d\u00e9pit de la faible croissance attendue pour le produit int\u00e9rieur brut (PIB) de l\u2019Union europ\u00e9enne cette ann\u00e9e. R\u00e9formes \u00e0 venir, changements structurels, m\u00e9ga-investissements dans les infrastructures et effort militaire en Allemagne et en Europe\u2026 De quoi doper l\u2019innovation, la productivit\u00e9 et la croissance \u00e9conomique de l\u2019Union europ\u00e9enne, fait valoir Amundi Investment Solutions.<\/p>\n<p>        \u00c0 lire aussi :<br \/>\n        <a class=\"articleToRead-link\" href=\"https:\/\/www.capital.fr\/entreprises-marches\/bourse-le-cac-40-en-mode-survie-entre-risque-de-krach-et-espoir-loeil-du-loup-de-zurich-1513704\" data-wide=\"\" target=\"_blank\" rel=\"noopener\"><br \/>\n            Bourse : le CAC 40 \u00aben mode survie, entre risque de krach et espoir\u00bb, l\u2019oeil du Loup de Zurich<br \/>\n        <\/a><\/p>\n<p>Signaux contrast\u00e9s sur la croissance \u00e9conomique am\u00e9ricaine, mais l\u2019inflation rassure la Bourse<\/p>\n<p>Aux Etats-Unis, apr\u00e8s les chiffres mitig\u00e9s de l\u2019emploi (bons en premi\u00e8re lecture, mais assez inqui\u00e9tants dans le d\u00e9tail) de la semaine derni\u00e8re et les mauvaises statistiques r\u00e9centes dans le secteur des services (pilier de l\u2019\u00e9conomie am\u00e9ricaine), la confiance des petits commerces s\u2019est reprise en mai apr\u00e8s 4 nets replis, mais de fa\u00e7on limit\u00e9e (compte tenu de la forte incertitude politique persistante). Les PME vont relever leurs prix de vente mais le ralentissement de l\u2019emploi freine les salaires, ce qui \u00abdiminue le risque d\u2019une inflation persistante au-del\u00e0 du choc des droits de douane de Donald Trump\u00bb, souligne par ailleurs LBP AM.<\/p>\n<p>D\u00e9j\u00e0, les chiffres de l&rsquo;inflation am\u00e9ricaine en mai ont rassur\u00e9. Les droits de douane ont beau avoir beaucoup grimp\u00e9 en avril et le mois dernier, les prix des biens non \u00e9nerg\u00e9tiques ont tr\u00e8s l\u00e9g\u00e8rement baiss\u00e9 le mois dernier, appr\u00e9cie CPR Asset Management, qui salue \u00abune bonne nouvelle pour la Fed\u00bb (elle sera dans une position plus confortable que pr\u00e9vu, pour ses d\u00e9cisions sur les taux d\u2019int\u00e9r\u00eat directeurs). L\u2019inflation totale est ressortie sous les pr\u00e9visions des \u00e9conomistes pour le quatri\u00e8me mois cons\u00e9cutif, \u00e0 2,4% sur un an en mai (apr\u00e8s 2,3% en avril), contre 2,5% attendu en moyenne par la communaut\u00e9 financi\u00e8re.<\/p>\n<p>        \u00c0 lire aussi :<br \/>\n        <a class=\"articleToRead-link\" href=\"https:\/\/www.capital.fr\/votre-argent\/bourse-les-etf-actions-obligations-or-comment-ca-marche-1513738\" data-wide=\"\" target=\"_blank\" rel=\"noopener\"><br \/>\n            Bourse : les ETF actions, obligations, or\u2026 Comment \u00e7a marche ?<br \/>\n        <\/a><\/p>\n<p>CAC 40, Nasdaq, S&amp;P 500\u2026 Que dit l\u2019analyse technique et financi\u00e8re ?<\/p>\n<p>Suite \u00e0 l\u2019analyse du 5 juin 2025 sur la Bourse de Trackers, la lettre d\u2019investissement de Capital sur les<a href=\"https:\/\/www.capital.fr\/entreprises-marches\/etf-1338566\" target=\"_blank\" rel=\"noopener\"> ETF<\/a> (ou trackers, fonds indiciels sur actions, etc.), les march\u00e9s actions (CAC 40, S&amp;P 500, Nasdaq) ont connu des \u00e9volutions contrast\u00e9s. Le <a href=\"https:\/\/www.capital.fr\/entreprises-marches\/cac-40-1378868\" target=\"_blank\" rel=\"noopener\">CAC 40<\/a>, qui \u00e9volue sous un obstacle graphique de l\u2019analyse technique, a l\u00e9g\u00e8rement reflu\u00e9. Le S&amp;P 500 et le Nasdaq 100 (les deux indices actions phares de Wall Street) ont quant \u00e0 eux quelque peu prolong\u00e9 leurs mouvements haussiers, mais ces derniers tendent \u00e0 s\u2019affaiblir. Et la proximit\u00e9 des pr\u00e9c\u00e9dents records historiques incitent \u00e0 un regain de prudence, pour un investisseur en actions am\u00e9ricaines.<\/p>\n<p>\u200b\u200bD\u00e9couvrez<a href=\"https:\/\/www.capital.fr\/entreprises-marches\/analyse-technique-definition-interet-et-methodes-1428661\" target=\"_blank\" rel=\"noopener\"> l\u2019analyse technique<\/a>, boursi\u00e8re et \u00e9conomique de<a href=\"https:\/\/www.capital.fr\/entreprises-marches\/etf-le-cac-40-face-a-des-vents-contraires-la-bourse-va-t-elle-plonger-1514150\" target=\"_blank\" rel=\"noopener\"> <\/a><a href=\"https:\/\/www.capital.fr\/entreprises-marches\/bourse-les-etf-sur-cac-40-et-sp-500-calent-trump-commence-a-faire-chuter-la-croissance-1514667\" target=\"_blank\" rel=\"noopener\">Trackers et ses id\u00e9es d&rsquo;investissement en Bourse sur des ETF<\/a>. Jean-David Haddad, professeur agr\u00e9g\u00e9 d\u2019\u00e9conomie et r\u00e9dacteur en chef de Francebourse, Nicolas Gallant, cr\u00e9ateur de Momentum (une lettre d\u2019investissement de Capital sur les actions en Bourse), et Thomas Andrieu, analyste et \u00e9crivain, notre \u00e9quipe d\u2019analystes-r\u00e9dacteurs, ont rep\u00e9r\u00e9 des ETF \u00e0 m\u00eame de signer de belles performances \u00e0 moyen terme, dans un environnement plus incertain pour la Bourse. Profitez des offres de Trackers r\u00e9serv\u00e9es aux premiers abonn\u00e9s. Pour en b\u00e9n\u00e9ficier, il suffit de cliquer sur le lien ci-apr\u00e8s.<\/p>\n<p>        Recevez nos derni\u00e8res news<\/p>\n<p>        Chaque matin, les infos \u00e0 retenir sur les <b>march\u00e9s financiers<\/b>.<\/p>\n","protected":false},"excerpt":{"rendered":"Le CAC 40 et les ETF sur l&rsquo;indice actions phare de la Bourse connaissent un regain de volatilit\u00e9,&hellip;\n","protected":false},"author":2,"featured_media":171732,"comment_status":"","ping_status":"","sticky":false,"template":"","format":"standard","meta":{"footnotes":""},"categories":[1586],"tags":[11,4417,340,343,7880,2302,1777,674,1011,27,12,25],"class_list":{"0":"post-171731","1":"post","2":"type-post","3":"status-publish","4":"format-standard","5":"has-post-thumbnail","7":"category-europe","8":"tag-actualites","9":"tag-analyse-technique","10":"tag-bourse","11":"tag-cac-40","12":"tag-conseil-boursier","13":"tag-etf","14":"tag-eu","15":"tag-europe","16":"tag-fr","17":"tag-france","18":"tag-news","19":"tag-republique-francaise"},"share_on_mastodon":{"url":"https:\/\/pubeurope.com\/@fr\/114672445952991749","error":""},"_links":{"self":[{"href":"https:\/\/www.europesays.com\/fr\/wp-json\/wp\/v2\/posts\/171731","targetHints":{"allow":["GET"]}}],"collection":[{"href":"https:\/\/www.europesays.com\/fr\/wp-json\/wp\/v2\/posts"}],"about":[{"href":"https:\/\/www.europesays.com\/fr\/wp-json\/wp\/v2\/types\/post"}],"author":[{"embeddable":true,"href":"https:\/\/www.europesays.com\/fr\/wp-json\/wp\/v2\/users\/2"}],"replies":[{"embeddable":true,"href":"https:\/\/www.europesays.com\/fr\/wp-json\/wp\/v2\/comments?post=171731"}],"version-history":[{"count":0,"href":"https:\/\/www.europesays.com\/fr\/wp-json\/wp\/v2\/posts\/171731\/revisions"}],"wp:featuredmedia":[{"embeddable":true,"href":"https:\/\/www.europesays.com\/fr\/wp-json\/wp\/v2\/media\/171732"}],"wp:attachment":[{"href":"https:\/\/www.europesays.com\/fr\/wp-json\/wp\/v2\/media?parent=171731"}],"wp:term":[{"taxonomy":"category","embeddable":true,"href":"https:\/\/www.europesays.com\/fr\/wp-json\/wp\/v2\/categories?post=171731"},{"taxonomy":"post_tag","embeddable":true,"href":"https:\/\/www.europesays.com\/fr\/wp-json\/wp\/v2\/tags?post=171731"}],"curies":[{"name":"wp","href":"https:\/\/api.w.org\/{rel}","templated":true}]}}