{"id":171740,"date":"2025-06-12T21:16:18","date_gmt":"2025-06-12T21:16:18","guid":{"rendered":"https:\/\/www.europesays.com\/fr\/171740\/"},"modified":"2025-06-12T21:16:18","modified_gmt":"2025-06-12T21:16:18","slug":"hoani-bosmorin-stade-francais-madosh-tambwe-les-infos-du-jeudi-12-juin","status":"publish","type":"post","link":"https:\/\/www.europesays.com\/fr\/171740\/","title":{"rendered":"Hoani Bosmorin, Stade Fran\u00e7ais, Madosh Tambwe, les infos du jeudi 12 juin"},"content":{"rendered":"<p style=\"text-align: justify;\" align=\"justify\"><strong>TRANSFERTS RUGBY \u2013 Hoani Bosmorin scelle son avenir, le Stade Fran\u00e7ais officialise les contours de son effectif et Madosh Tambwe va encore changer de club : les infos de ce jeudi 12 juin.\u00a0<\/strong><\/p>\n<p>La Rochelle : Hoani Bosmorin prolonge<\/p>\n<p style=\"text-align: justify;\">La saison de <a href=\"https:\/\/dicodusport.fr\/blog\/transferts-stade-rochelais-2025-arrivees-departs-et-prolongations\/\" rel=\"nofollow noopener\" target=\"_blank\"><strong>La Rochelle<\/strong><\/a> est une sacr\u00e9e d\u00e9ception. Entre <a href=\"https:\/\/dicodusport.fr\/blog\/champions-cup-8emes-de-finale-fin-de-laventure-pour-la-rochelle-battue-dun-point-par-le-munster\/\" rel=\"nofollow noopener\" target=\"_blank\">une \u00e9limination peu glorieuse en 8\u00e8me de finale de Champions Cup<\/a>, et <a href=\"https:\/\/dicodusport.fr\/blog\/top-14-j26-bayonne-clermont-et-castres-en-barrages-lubb-file-en-demies\/\" rel=\"nofollow noopener\" target=\"_blank\">une non-qualification en phase finale de Top 14<\/a> pour la premi\u00e8re fois depuis 2018, difficile de retenir quelconque satisfaction d\u2019un exercice qui sent tr\u00e8s fort la fin d\u2019un cycle. Pourtant, il existe quelques satisfactions, et parmi elles, <strong>Hoani Bosmorin<\/strong>.<\/p>\n<p style=\"text-align: justify;\">Brillant chez les U20, il semblait promis \u00e0 un grand avenir, mais tous les espoirs ne franchissent pas le pas. Lui semble \u00eatre en train de le faire, puisque titulaire sur toute la fin de saison. La question de son avenir s\u2019est logiquement pos\u00e9e, et visiblement, il est d\u00e9j\u00e0 r\u00e9gl\u00e9. L\u2019ailier se serait mis d\u2019accord pour prolonger son contrat de deux saisons, un dossier en moins pour La Rochelle.<\/p>\n<p style=\"text-align: justify;\"><strong>L\u2019avis de Dicodusport<\/strong> <strong>:\u00a0<\/strong>Avant de penser \u00e0 relancer un nouveau cycle, il faut d\u2019abord retenir les \u00e9l\u00e9ments prometteurs : mission accomplie pour celui-ci.\u00a0<\/p>\n<p>Stade Fran\u00e7ais : l\u2019effectif se dessine officiellement<\/p>\n<p style=\"text-align: justify;\">La fin d\u2019un cycle, on peut \u00e9galement en parler du c\u00f4t\u00e9 du <a href=\"https:\/\/dicodusport.fr\/blog\/transferts-stade-francais-2025-arrivees-departs-et-prolongations\/\" rel=\"nofollow noopener\" target=\"_blank\"><strong>Stade Fran\u00e7ais<\/strong><\/a>. \u00c0 un cheveu d\u2019une finale de Top 14 en 2024, <a href=\"https:\/\/dicodusport.fr\/blog\/top-14-j26-le-stade-francais-sauve-sa-peau-perpignan-en-barrages-vannes-relegue\/\" rel=\"nofollow noopener\" target=\"_blank\">le club parisien a d\u00fb attendre la toute derni\u00e8re journ\u00e9e avant d\u2019assurer son maintien cette saison<\/a>. Une chute vertigineuse apr\u00e8s des changements incessants de staff, saupoudr\u00e9e d\u2019une \u00e9ni\u00e8me campagne insipide en Champions Cup.<\/p>\n<p style=\"text-align: justify;\">Il va falloir se relancer, mais avant, les Soldats Roses ont officiellement dit au revoir \u00e0 neuf joueurs, dont <strong>Pierre Boudehent<\/strong> et <strong>Cl\u00e9ment Castets<\/strong>. Une page se tourne, avec les arriv\u00e9es de <strong>Tawera Kerr-Barlow<\/strong> et <strong>Thierry Paiva<\/strong> en provenance de La Rochelle pour lancer un nouveau cycle, en attendant des recrues suppl\u00e9mentaires. Reste \u00e0 savoir ce que le Stade Fran\u00e7ais fera de <a href=\"https:\/\/dicodusport.fr\/blog\/transferts-louis-carbonel-pourrait-deja-quitter-le-stade-francais-enzo-herve-en-monnaie-dechange\/\" rel=\"nofollow noopener\" target=\"_blank\"><strong>Louis Carbonel<\/strong><\/a>, qui pourrait retourner \u00e0 Toulon et peut-\u00eatre d\u00e9bloquer la fin du recrutement.<\/p>\n<p style=\"text-align: justify;\"><strong>L\u2019avis de Dicodusport<\/strong> <strong>:<\/strong> le Stade Fran\u00e7ais a fr\u00f4l\u00e9 la correctionnelle, reste \u00e0 savoir si les le\u00e7ons seront acquises pour la suite. Le d\u00e9but de recrutement est coh\u00e9rent, \u00e0 voire la suite.\u00a0<\/p>\n<p>\n<a href=\"https:\/\/dicodusport.fr\/blog\/offres\/abonnements-sans-pub\/\" rel=\"nofollow noopener\" target=\"_blank\"><img loading=\"lazy\" decoding=\"async\" class=\"alignnone size-full wp-image-501284 perfmatters-lazy\" alt=\"\" width=\"1200\" height=\"200\" src=\"https:\/\/www.europesays.com\/fr\/wp-content\/uploads\/2025\/04\/Abonnements-sans-pubs-Dicodusport.png\"\/><\/a><\/p>\n<p>Montpellier : retour \u00e0 l\u2019envoyeur pour Madosh Tambwe ?<\/p>\n<p style=\"text-align: justify;\">C\u2019\u00e9tait l\u2019un des dossiers de la derni\u00e8re intersaison en Top 14. <strong>Madosh Tambwe<\/strong> \u00e9tait brillant sous le maillot de l\u2019<a href=\"https:\/\/dicodusport.fr\/blog\/transferts-ubb-2025-arrivees-departs-et-prolongations\/\" rel=\"nofollow noopener\" target=\"_blank\"><strong>Union Bordeaux-B\u00e8gles<\/strong><\/a>, mais avec la pr\u00e9sence de <strong>Damian Penaud<\/strong> et <strong>Louis Bielle-Biarrey<\/strong> sur les ailes, il n\u2019y avait pas de r\u00e9elle place pour exprimer totalement son talent. Un d\u00e9part \u00e9tait in\u00e9luctable, et c\u2019est <a href=\"https:\/\/dicodusport.fr\/blog\/transferts-mhr-2025-arrivees-departs-et-prolongations\/\" rel=\"nofollow noopener\" target=\"_blank\"><strong>Montpellier<\/strong><\/a> qui a rafl\u00e9 la mise.<\/p>\n<p>\n<a href=\"https:\/\/dicodusport.fr\/blog\/offres\/abonnements-sans-pub\/\" rel=\"nofollow noopener\" target=\"_blank\"><img loading=\"lazy\" decoding=\"async\" class=\"alignnone size-full wp-image-501296 perfmatters-lazy\" alt=\"\" width=\"400\" height=\"400\" src=\"https:\/\/www.europesays.com\/fr\/wp-content\/uploads\/2025\/04\/Abonnements-sans-pubs-Dicodusport-mobile.png\"\/><\/a><\/p>\n<p style=\"text-align: justify;\">Un an plus tard, il n\u2019est plus en odeur de saintet\u00e9 dans l\u2019H\u00e9rault, ayant perdu sa place de titulaire en course de saison, et les r\u00e9sultats bien meilleurs du MHR ensuite ont valid\u00e9 un d\u00e9part, encore. Et visiblement, ce sera pour jouer\u2026 \u00e0 l\u2019UBB. Un sacr\u00e9 retournement de situation pour un ailier qui paraissait ultra-prometteur voil\u00e0 encore 12 mois.<\/p>\n<p style=\"text-align: justify;\"><strong>L\u2019avis de Dicodusport<\/strong> <strong>:\u00a0<\/strong>Renouer avec son ex, une bonne id\u00e9e ? Les raisons de son d\u00e9part sont toujours l\u00e0, et l\u2019on se demande ce que Madosh Tambwe est en train de faire de sa carri\u00e8re\u2026\u00a0<\/p>\n","protected":false},"excerpt":{"rendered":"TRANSFERTS RUGBY \u2013 Hoani Bosmorin scelle son avenir, le Stade Fran\u00e7ais officialise les contours de son effectif et&hellip;\n","protected":false},"author":2,"featured_media":171741,"comment_status":"","ping_status":"","sticky":false,"template":"","format":"standard","meta":{"footnotes":""},"categories":[1416],"tags":[2113,1011,27,479,1468,60,477],"class_list":{"0":"post-171740","1":"post","2":"type-post","3":"status-publish","4":"format-standard","5":"has-post-thumbnail","7":"category-rugby","8":"tag-breve","9":"tag-fr","10":"tag-france","11":"tag-rugby","12":"tag-rugby-football","13":"tag-sports","14":"tag-transferts-rugby"},"share_on_mastodon":{"url":"https:\/\/pubeurope.com\/@fr\/114672473738088134","error":""},"_links":{"self":[{"href":"https:\/\/www.europesays.com\/fr\/wp-json\/wp\/v2\/posts\/171740","targetHints":{"allow":["GET"]}}],"collection":[{"href":"https:\/\/www.europesays.com\/fr\/wp-json\/wp\/v2\/posts"}],"about":[{"href":"https:\/\/www.europesays.com\/fr\/wp-json\/wp\/v2\/types\/post"}],"author":[{"embeddable":true,"href":"https:\/\/www.europesays.com\/fr\/wp-json\/wp\/v2\/users\/2"}],"replies":[{"embeddable":true,"href":"https:\/\/www.europesays.com\/fr\/wp-json\/wp\/v2\/comments?post=171740"}],"version-history":[{"count":0,"href":"https:\/\/www.europesays.com\/fr\/wp-json\/wp\/v2\/posts\/171740\/revisions"}],"wp:featuredmedia":[{"embeddable":true,"href":"https:\/\/www.europesays.com\/fr\/wp-json\/wp\/v2\/media\/171741"}],"wp:attachment":[{"href":"https:\/\/www.europesays.com\/fr\/wp-json\/wp\/v2\/media?parent=171740"}],"wp:term":[{"taxonomy":"category","embeddable":true,"href":"https:\/\/www.europesays.com\/fr\/wp-json\/wp\/v2\/categories?post=171740"},{"taxonomy":"post_tag","embeddable":true,"href":"https:\/\/www.europesays.com\/fr\/wp-json\/wp\/v2\/tags?post=171740"}],"curies":[{"name":"wp","href":"https:\/\/api.w.org\/{rel}","templated":true}]}}