{"id":171742,"date":"2025-06-12T21:17:12","date_gmt":"2025-06-12T21:17:12","guid":{"rendered":"https:\/\/www.europesays.com\/fr\/171742\/"},"modified":"2025-06-12T21:17:12","modified_gmt":"2025-06-12T21:17:12","slug":"atp-rennae-stubbs-sur-lavenir-de-novak-djokovic-je-pense-quil-pourrait-dire-adieu-au-tennis-sur-ce-tournoi","status":"publish","type":"post","link":"https:\/\/www.europesays.com\/fr\/171742\/","title":{"rendered":"ATP > Rennae Stubbs sur l&rsquo;avenir de Novak Djokovic : \u00ab\u00a0Je pense qu&rsquo;il pourrait dire adieu au tennis sur ce tournoi"},"content":{"rendered":"<p>D\u00e9fait par Jannik Sinner en demi\u2010finale de Roland\u2010Garros, Novak Djokovic a jet\u00e9 un froid sur son avenir en conf\u00e9\u00adrence de presse, <a href=\"https:\/\/www.welovetennis.fr\/roland-garros\/le-terrible-aveu-de-novak-djokovic-apres-sa-defaite-contre-jannik-sinner-il-nest-pas-impossible-que-ce-soir-jai-joue-mon-dernier-match-a-roland-garros-cest-la-raison-pour-laq\" data-wpel-link=\"internal\" target=\"_blank\" rel=\"noopener\">en soute\u00adnant qu\u2019il s\u2019agis\u00adsait peut\u2010\u00eatre de ses derniers Internationaux de France<\/a>.<\/p>\n<p>Rennae Stubbs est all\u00e9e plus loin, en esti\u00admant que sa retraite est immi\u00adnente. Pour l\u2019an\u00adcienne num\u00e9ro un mondiale en double, le Djoker pour\u00adrait \u00e9crire les derni\u00e8res pages de sa carri\u00e8re \u00e0 Melbourne, en janvier prochain, o\u00f9 il a \u00e9t\u00e9 titr\u00e9 dix\u00a0fois.\u00a0<\/p>\n<p><strong>\u00ab\u202fM\u00eame si je souhai\u00adtais qu\u2019il reste dans le tennis \u00e0 cause de ses matchs contre Sinner et Alcaraz, je crois que c\u2019est la derni\u00e8re fois qu\u2019on le voit \u00e0 Roland\u2010Garros. Il \u00e9tait d\u2019ailleurs \u00e9trange en conf\u00e9\u00adrence de presse\u2026 Cependant, il a de grandes chances \u00e0 Wimbledon et j\u2019y crois vrai\u00adment. Je pense qu\u2019il pour\u00adrait dire adieu au tennis en Australie, o\u00f9 il a \u00e9t\u00e9 cham\u00adpion la plupart\u00a0du\u00a0temps\u202f\u00bb<\/strong>, a soulign\u00e9 l\u2019an\u00adcienne coach de Serena Williams, dans des propos relay\u00e9s par <a href=\"https:\/\/sportal.blic.rs\/prica\/rene-stabs-novak-djokovic-bi-mogao-da-se-oprosti-u-australiji-2025061018000748828\" data-wpel-link=\"external\" target=\"_blank\" rel=\"nofollow external noopener\">Sportal<\/a>.<\/p>\n<p>Une sortie \u00e9ton\u00adnante, <a href=\"https:\/\/www.welovetennis.fr\/atp\/thierry-guibert-pdg-de-lacoste-novak-djokovic-souhaite-aller-au-moins-jusquaux-jeux-de-los-angeles\" data-wpel-link=\"internal\" target=\"_blank\" rel=\"noopener\">le PDG de Lacoste, Thierry Guibert, assu\u00adrait que son poulain pour\u00adrait prolonger le plaisir jusqu\u2019au Jeux olym\u00adpiques de Los Angeles 2028<\/a>.<\/p>\n<p class=\"post-published-date\" style=\"color: silver; font-size: 75%; text-align: left;\">Publi\u00e9 le jeudi 12 juin 2025 \u00e0 17:40<\/p>\n","protected":false},"excerpt":{"rendered":"D\u00e9fait par Jannik Sinner en demi\u2010finale de Roland\u2010Garros, Novak Djokovic a jet\u00e9 un froid sur son avenir en&hellip;\n","protected":false},"author":2,"featured_media":171743,"comment_status":"","ping_status":"","sticky":false,"template":"","format":"standard","meta":{"footnotes":""},"categories":[1415],"tags":[1744,105,1011,27,2201,2127,60,1467],"class_list":{"0":"post-171742","1":"post","2":"type-post","3":"status-publish","4":"format-standard","5":"has-post-thumbnail","7":"category-tennis","8":"tag-alcaraz","9":"tag-djokovic","10":"tag-fr","11":"tag-france","12":"tag-serena-williams","13":"tag-sinner","14":"tag-sports","15":"tag-tennis"},"share_on_mastodon":{"url":"https:\/\/pubeurope.com\/@fr\/114672477367596313","error":""},"_links":{"self":[{"href":"https:\/\/www.europesays.com\/fr\/wp-json\/wp\/v2\/posts\/171742","targetHints":{"allow":["GET"]}}],"collection":[{"href":"https:\/\/www.europesays.com\/fr\/wp-json\/wp\/v2\/posts"}],"about":[{"href":"https:\/\/www.europesays.com\/fr\/wp-json\/wp\/v2\/types\/post"}],"author":[{"embeddable":true,"href":"https:\/\/www.europesays.com\/fr\/wp-json\/wp\/v2\/users\/2"}],"replies":[{"embeddable":true,"href":"https:\/\/www.europesays.com\/fr\/wp-json\/wp\/v2\/comments?post=171742"}],"version-history":[{"count":0,"href":"https:\/\/www.europesays.com\/fr\/wp-json\/wp\/v2\/posts\/171742\/revisions"}],"wp:featuredmedia":[{"embeddable":true,"href":"https:\/\/www.europesays.com\/fr\/wp-json\/wp\/v2\/media\/171743"}],"wp:attachment":[{"href":"https:\/\/www.europesays.com\/fr\/wp-json\/wp\/v2\/media?parent=171742"}],"wp:term":[{"taxonomy":"category","embeddable":true,"href":"https:\/\/www.europesays.com\/fr\/wp-json\/wp\/v2\/categories?post=171742"},{"taxonomy":"post_tag","embeddable":true,"href":"https:\/\/www.europesays.com\/fr\/wp-json\/wp\/v2\/tags?post=171742"}],"curies":[{"name":"wp","href":"https:\/\/api.w.org\/{rel}","templated":true}]}}