{"id":171745,"date":"2025-06-12T21:20:12","date_gmt":"2025-06-12T21:20:12","guid":{"rendered":"https:\/\/www.europesays.com\/fr\/171745\/"},"modified":"2025-06-12T21:20:12","modified_gmt":"2025-06-12T21:20:12","slug":"russell-surpris-que-verstappen-assume-la-responsabilite-de-leur-contact","status":"publish","type":"post","link":"https:\/\/www.europesays.com\/fr\/171745\/","title":{"rendered":"Russell \u00ab\u00a0surpris\u00a0\u00bb que Verstappen assume la responsabilit\u00e9 de leur contact"},"content":{"rendered":"<p>Les excuses de <a href=\"https:\/\/fr.motorsport.com\/driver\/max-verstappen\/93029\/\" target=\"_blank\" rel=\"noopener\">Max Verstappen<\/a> sur les r\u00e9seaux sociaux, au lendemain du Grand Prix d&rsquo;Espagne, ont \u00ab\u00a0un peu surpris\u00a0\u00bb <a href=\"https:\/\/fr.motorsport.com\/driver\/george-russell\/96626\/\" target=\"_blank\" rel=\"noopener\">George Russell<\/a>. Les deux hommes sont entr\u00e9s en contact au 64e tour de l&rsquo;\u00e9preuve catalane, quand le N\u00e9erlandais, visiblement frustr\u00e9 par une s\u00e9rie de faits de course en sa d\u00e9faveur, a fait mine de laisser passer la <a href=\"https:\/\/fr.motorsport.com\/team\/mercedes\/611\/\" target=\"_blank\" rel=\"noopener\">Mercedes<\/a> &#8211; sur ordre de <a href=\"https:\/\/fr.motorsport.com\/team\/red-bull\/553\/\" target=\"_blank\" rel=\"noopener\">Red Bull<\/a> &#8211; avant de r\u00e9acc\u00e9l\u00e9rer et de percuter Russell.<\/p>\n<p>Apr\u00e8s avoir refus\u00e9 de s&rsquo;exprimer sur l&rsquo;incident lors de l&rsquo;apr\u00e8s-course en d\u00e9pit d&rsquo;un geste apparu \u00e0 beaucoup comme intentionnel et sanctionn\u00e9 de dix secondes de p\u00e9nalit\u00e9 accompagn\u00e9es de trois points sur sa Super Licence &#8211; <a href=\"https:\/\/fr.motorsport.com\/f1\/news\/verstappen-bord-suspension-geste-russell\/10728827\/\" target=\"_self\" rel=\"noopener\">le pla\u00e7ant au bord de la suspension<\/a> -, Verstappen a finalement publi\u00e9 un communiqu\u00e9 le lendemain de l&rsquo;\u00e9preuve <a href=\"https:\/\/fr.motorsport.com\/f1\/news\/verstappen-mea-culpa-incident-russell\/10728994\/\" target=\"_self\" rel=\"noopener\">pour reconna\u00eetre avoir commis une faute<\/a>.<\/p>\n<p>\u00ab\u00a0Nous avions une strat\u00e9gie excitante et une bonne course \u00e0 Barcelone, jusqu&rsquo;\u00e0 l&rsquo;arriv\u00e9e de la voiture de s\u00e9curit\u00e9\u00a0\u00bb, avait-il \u00e9crit.\u00a0\u00ab\u00a0Notre choix de pneus pour la fin de course et certaines man\u0153uvres apr\u00e8s la relance ont aliment\u00e9 ma frustration, ce qui a conduit \u00e0 une man\u0153uvre qui n&rsquo;\u00e9tait pas correcte et qui n&rsquo;aurait pas d\u00fb arriver. Je donne toujours tout pour l&rsquo;\u00e9quipe et parfois les \u00e9motions prennent le dessus. On gagne ensemble, on perd ensemble.\u00a0Rendez-vous \u00e0 Montr\u00e9al.\u00a0\u00bb<\/p>\n<p>Lire aussi :<\/p>\n<p>\u00c0 Montr\u00e9al, justement, Russell a \u00e9t\u00e9 interrog\u00e9 sur le sujet ce jeudi et a livr\u00e9 ses premiers commentaires depuis la course de Barcelone. \u00ab\u00a0J&rsquo;ai \u00e9t\u00e9 un peu surpris de le voir assumer ses responsabilit\u00e9s, car cela ne lui ressemble pas.\u00a0\u00bb<\/p>\n<p>\u00ab\u00a0En fait, nous nous sommes crois\u00e9s \u00e0 l&rsquo;a\u00e9roport il y a quelques jours, mais nous n&rsquo;en avons m\u00eame pas parl\u00e9. Il \u00e9tait l\u00e0 avec sa famille et son b\u00e9b\u00e9, et nous avons discut\u00e9 de comment \u00e7a allait. Il \u00e9tait occup\u00e9 \u00e0 plier la poussette et \u00e0 essayer de la faire passer au scanner de s\u00e9curit\u00e9.\u00a0\u00bb<\/p>\n<p>\u00ab\u00a0Donc, \u00e9coutez, je n&rsquo;ai rien \u00e0 dire de mon c\u00f4t\u00e9. Si j&rsquo;avais d\u00fb abandonner la course, je ressentirais certainement quelque chose de tr\u00e8s diff\u00e9rent. Au final, ses actions m&rsquo;ont profit\u00e9, lui ont co\u00fbt\u00e9 cher, et je devrais le remercier.\u00a0\u00bb<\/p>\n<p>Russell ne veut pas croire \u00e0 un geste \u00ab\u00a0intentionnel\u00a0\u00bb<br \/>\n   <img decoding=\"async\" draggable=\"false\" src=\"https:\/\/www.europesays.com\/fr\/wp-content\/uploads\/2025\/06\/1749763212_376_max-verstappen-red-bull-racing.jpg\" alt=\"Max Verstappen, Red Bull Racing, George Russell, Mercedes\" width=\"1200\" height=\"800\" loading=\"lazy\"\/> <\/p>\n<p class=\"title\">Max Verstappen, Red Bull Racing, George Russell, Mercedes<\/p>\n<p class=\"photographer\">Photo de: Sam Bloxham \/ Motorsport Images via Getty Images<\/p>\n<p>Juste apr\u00e8s la course, Russell n&rsquo;avait pas cach\u00e9 avoir le sentiment <a href=\"https:\/\/fr.motorsport.com\/f1\/news\/russell-reaction-verstappen-tout-a-fait-delibere\/10728786\/\" target=\"_blank\" rel=\"noopener\">que l&rsquo;action du quadruple champion du monde lui avait \u00ab\u00a0sembl\u00e9 tout \u00e0 fait d\u00e9lib\u00e9r\u00e9e\u00a0\u00bb<\/a>. Toutefois, une dizaine de jours plus tard, son discours a quelque peu \u00e9volu\u00e9\u00a0: il envisage l&rsquo;hypoth\u00e8se que Verstappen aurait avant tout cherch\u00e9 \u00e0 l&rsquo;intimider plut\u00f4t qu&rsquo;\u00e0 le percuter.<\/p>\n<p>\u00ab\u00a0Je veux croire qu&rsquo;il n&rsquo;a pas cherch\u00e9 intentionnellement \u00e0 me percuter, car cela aurait \u00e9t\u00e9 compl\u00e8tement fou\u00a0\u00bb, a-t-il d\u00e9clar\u00e9. \u00ab\u00a0Je pense qu&rsquo;il a simplement voulu montrer qui \u00e9tait le patron, qu&rsquo;il a jou\u00e9 des coudes et qu&rsquo;il a mal calcul\u00e9 son coup.\u00a0Je pense qu&rsquo;une sanction plus s\u00e9v\u00e8re que celle qu&rsquo;il a re\u00e7ue aurait \u00e9t\u00e9 un peu excessive. Mais tout d\u00e9pend finalement de l&rsquo;intention ou non du geste.\u00a0\u00bb<\/p>\n<p>Intentionnel ou pas, ce que les commissaires n&rsquo;ont pas tranch\u00e9 dans leur d\u00e9cision, ils ont en tout cas inflig\u00e9 \u00e0 Verstappen trois points de p\u00e9nalit\u00e9 sur sa Super Licence, une sanction qui exc\u00e8de la normale pour les collisions. Il compte aujourd&rsquo;hui et pour les deux prochains GP 11 points sur son \u00ab\u00a0permis\u00a0\u00bb, ce qui le place donc \u00e0 une unit\u00e9 d&rsquo;une suspension d&rsquo;une course.<\/p>\n<p>Plaisantant sur le sujet, Russell a sous-entendu que Verstappen pourrait d\u00e9lib\u00e9r\u00e9ment \u00e9coper d&rsquo;une telle sanction afin d&rsquo;avoir un week-end libre\u00a0: \u00ab\u00a0Tel que je le connais, il va probablement piloter encore plus agressivement pour pouvoir passer un week-end tranquille chez lui.\u00a0\u00bb<\/p>\n<p style=\"text-align: right;\">Avec Emily Selleck et Filip Cleeren<\/p>\n<p>Lire aussi :<\/p>\n<p>Dans cet article<\/p>\n<p>    Fabien Gaillard\n<\/p>\n<p>    Formule 1\n<\/p>\n<p>    Max Verstappen\n<\/p>\n<p>    George Russell\n<\/p>\n<p>    Red Bull\n<\/p>\n<p>    Mercedes\n<\/p>\n<p>Soyez le premier inform\u00e9 et souscrivez aux alertes mails pour recevoir les infos en temps r\u00e9el<\/p>\n<p>    S&rsquo;abonner aux alertes de news<\/p>\n","protected":false},"excerpt":{"rendered":"Les excuses de Max Verstappen sur les r\u00e9seaux sociaux, au lendemain du Grand Prix d&rsquo;Espagne, ont \u00ab\u00a0un peu&hellip;\n","protected":false},"author":2,"featured_media":171746,"comment_status":"","ping_status":"","sticky":false,"template":"","format":"standard","meta":{"footnotes":""},"categories":[1412],"tags":[30180,1451,1452,1453,1454,1455,1011,27,9124,30179,2236,4320,2255,60],"class_list":{"0":"post-171745","1":"post","2":"type-post","3":"status-publish","4":"format-standard","5":"has-post-thumbnail","7":"category-f1","8":"tag-circuit-gilles-villeneuve","9":"tag-f1","10":"tag-formula-1","11":"tag-formula1","12":"tag-formule-1","13":"tag-formule1","14":"tag-fr","15":"tag-france","16":"tag-george-russell","17":"tag-gp-du-canada","18":"tag-max-verstappen","19":"tag-mercedes","20":"tag-red-bull","21":"tag-sports"},"share_on_mastodon":{"url":"https:\/\/pubeurope.com\/@fr\/114672489155823090","error":""},"_links":{"self":[{"href":"https:\/\/www.europesays.com\/fr\/wp-json\/wp\/v2\/posts\/171745","targetHints":{"allow":["GET"]}}],"collection":[{"href":"https:\/\/www.europesays.com\/fr\/wp-json\/wp\/v2\/posts"}],"about":[{"href":"https:\/\/www.europesays.com\/fr\/wp-json\/wp\/v2\/types\/post"}],"author":[{"embeddable":true,"href":"https:\/\/www.europesays.com\/fr\/wp-json\/wp\/v2\/users\/2"}],"replies":[{"embeddable":true,"href":"https:\/\/www.europesays.com\/fr\/wp-json\/wp\/v2\/comments?post=171745"}],"version-history":[{"count":0,"href":"https:\/\/www.europesays.com\/fr\/wp-json\/wp\/v2\/posts\/171745\/revisions"}],"wp:featuredmedia":[{"embeddable":true,"href":"https:\/\/www.europesays.com\/fr\/wp-json\/wp\/v2\/media\/171746"}],"wp:attachment":[{"href":"https:\/\/www.europesays.com\/fr\/wp-json\/wp\/v2\/media?parent=171745"}],"wp:term":[{"taxonomy":"category","embeddable":true,"href":"https:\/\/www.europesays.com\/fr\/wp-json\/wp\/v2\/categories?post=171745"},{"taxonomy":"post_tag","embeddable":true,"href":"https:\/\/www.europesays.com\/fr\/wp-json\/wp\/v2\/tags?post=171745"}],"curies":[{"name":"wp","href":"https:\/\/api.w.org\/{rel}","templated":true}]}}