{"id":171751,"date":"2025-06-12T21:23:11","date_gmt":"2025-06-12T21:23:11","guid":{"rendered":"https:\/\/www.europesays.com\/fr\/171751\/"},"modified":"2025-06-12T21:23:11","modified_gmt":"2025-06-12T21:23:11","slug":"des-propos-mensongers-accusee-de-tromperie-iris-mittenaere-dit-avoir-porte-plainte-pour-diffamation-et-cyberharcelement","status":"publish","type":"post","link":"https:\/\/www.europesays.com\/fr\/171751\/","title":{"rendered":"\u00ab\u00a0Des propos mensongers\u00a0\u00bb\u00a0: accus\u00e9e de tromperie, Iris Mittenaere dit avoir port\u00e9 plainte pour diffamation et cyberharc\u00e8lement"},"content":{"rendered":"<p class=\"paragraph text_align_left\">\u00ab\u00a0Il est temps que cela cesse\u00a0\u00bb, tonne-t-elle. Deux jours apr\u00e8s avoir \u00e9t\u00e9 accus\u00e9e <a href=\"https:\/\/www.leparisien.fr\/culture-loisirs\/tv\/jai-decouvert-que-javais-ete-trompe-diego-el-glaoui-revele-pourquoi-il-sest-separe-diris-mittenaere-11-06-2025-NAQ6YP4EGBDP7DFCATBBVK6ZWA.php\" target=\"_blank\" rel=\"noreferrer nofollow noopener\">de tromperie par son ex-fianc\u00e9 Diego El Glaoui<\/a>, l\u2019ancienne miss France Iris Mittenaere annonce avoir port\u00e9 plainte dans un communiqu\u00e9 diffus\u00e9 ce jeudi soir sur Instagram.<\/p>\n<p class=\"paragraph text_align_left\">\u00ab\u00a0Depuis plusieurs jours, je fais l\u2019objet d\u2019une campagne de haine et de diffamation sur les r\u00e9seaux sociaux. Des propos mensongers, volontairement d\u00e9form\u00e9s ou sortis de leur contexte ont \u00e9t\u00e9 relay\u00e9s pour tenter de nuire \u00e0 mon image, \u00e0 ma parole et \u00e0 mon engagement\u00a0\u00bb, t\u00e9moigne l\u2019animatrice.<\/p>\n<p class=\"title-embed-dailymotion lp-color-text lp-f-subtitle-04\">Vid\u00e9oL&rsquo;ex-compagnon d&rsquo;Iris Mittenaere condamn\u00e9 \u00e0 six mois de prison ferme pour violences conjugales<\/p>\n<p class=\"paragraph text_align_left\">L\u2019ex-miss Univers fait notamment r\u00e9f\u00e9rence aux propos de son ex-compagnon, l\u2019entrepreneur Diego El Glaoui, dont elle a partag\u00e9 la vie durant cinq ans. Un an apr\u00e8s <a href=\"https:\/\/www.leparisien.fr\/culture-loisirs\/des-chemins-differents-iris-mittenaere-et-diego-el-glaoui-se-separent-avant-leur-mariage-11-05-2024-BTMZ5KGFAFCKZHVCM4KLXIVHOQ.php\" target=\"_blank\" rel=\"noreferrer nofollow noopener\">la s\u00e9paration du couple<\/a>, ce mardi, l\u2019homme avait lui-m\u00eame diffus\u00e9 un communiqu\u00e9 racontant avoir d\u00e9couvert la suppos\u00e9e infid\u00e9lit\u00e9 d\u2019Iris Mittenaere au cours de leur relation.<\/p>\n<p class=\"paragraph text_align_left\">\u00ab\u00a0Je n\u2019ai jamais souhait\u00e9 que la v\u00e9rit\u00e9 soit rendue publique et jamais je n\u2019aurais pens\u00e9 devoir l\u2019\u00e9voquer ici\u00a0\u00bb, confiait alors le fondateur de <a href=\"https:\/\/www.leparisien.fr\/culture-loisirs\/series\/influences-sur-prime-video-iris-mittenaere-et-diego-el-glaoui-entrouvrent-les-portes-de-leur-agence-27-02-2024-GBHHTH4UMBFARIREDTRTXN3VDE.php\" target=\"_blank\" rel=\"noreferrer nofollow noopener\">l\u2019agence d\u2019influence We Are Influence<\/a>.<\/p>\n<p>\u00ab\u00a0Calomnie\u00a0\u00bb et \u00ab\u00a0manipulation\u00a0\u00bb<\/p>\n<p class=\"paragraph text_align_left\">Le communiqu\u00e9 officiel de l\u2019agent d\u2019influenceurs faisait suite aux multiples publications faites ces derniers jours par <a href=\"https:\/\/www.leparisien.fr\/faits-divers\/ma-vie-en-depend-limprobable-enquete-daqababe-et-son-armee-numerique-pour-retrouver-xavier-dupont-de-ligonnes-27-04-2025-WLQVZ3HJ6ZBN5JBVKM6C4KG7KI.php\" target=\"_blank\" rel=\"noreferrer nofollow noopener\">le blogueur controvers\u00e9 Aqababe<\/a>, enflant la rumeur au sujet de la tromperie pr\u00e9sum\u00e9e d\u2019Iris Mittenaere et de la fin tumultueuse de son couple.<\/p>\n<p class=\"paragraph text_align_left\">Face \u00e0 ces dires, Iris Mittenaere se dit \u00ab\u00a0d\u00e9termin\u00e9e \u00e0 faire respecter\u00a0\u00bb ses \u00ab\u00a0droits\u00a0\u00bb. \u00ab\u00a0Une plainte p\u00e9nale a \u00e9t\u00e9 d\u00e9pos\u00e9e aupr\u00e8s du procureur de la R\u00e9publique de Paris pour divulgation de correspondances priv\u00e9es, diffamation publique, cyberharc\u00e8lement et incitation au cyberharc\u00e8lement\u00a0\u00bb, poursuit-elle. En parall\u00e8le, \u00ab\u00a0une proc\u00e9dure d\u2019urgence civile est engag\u00e9e pour atteinte \u00e0 l\u2019intimit\u00e9 de ma vie priv\u00e9e\u00a0\u00bb, ajoute-t-elle.<\/p>\n<p class=\"paragraph text_align_left\">\u00ab\u00a0Comme trop d\u2019autres femmes, je constate \u00e0 quel point la calomnie, le harc\u00e8lement et la manipulation sont devenus des outils de pression en ligne. Il est temps que cela cesse\u00a0\u00bb, insiste Iris Mittenaere.<\/p>\n<p class=\"paragraph text_align_left\">En r\u00e9ponse \u00e0 ce communiqu\u00e9, Aqababe dit d\u00e9j\u00e0 assumer ses publications. \u00ab\u00a0J\u2019ai toujours fait de la pr\u00e9vention dans mon canal en incitant personne \u00e0 l\u2019harceler ni l\u2019insulter, et \u00e7a \u00e0 maintes reprises\u00a0!\u00a0\u00bb, \u00e9crit-il ce jeudi soir sur Instagram. \u00ab\u00a0Je fais simplement mon job\u00a0\u00bb, d\u00e9fend par ailleurs le blogueur.<\/p>\n","protected":false},"excerpt":{"rendered":"\u00ab\u00a0Il est temps que cela cesse\u00a0\u00bb, tonne-t-elle. Deux jours apr\u00e8s avoir \u00e9t\u00e9 accus\u00e9e de tromperie par son ex-fianc\u00e9&hellip;\n","protected":false},"author":2,"featured_media":171752,"comment_status":"","ping_status":"","sticky":false,"template":"","format":"standard","meta":{"footnotes":""},"categories":[1359],"tags":[872,58,59,1011,27,973,2205],"class_list":{"0":"post-171751","1":"post","2":"type-post","3":"status-publish","4":"format-standard","5":"has-post-thumbnail","7":"category-people","8":"tag-culture-et-loisirs","9":"tag-divertissement","10":"tag-entertainment","11":"tag-fr","12":"tag-france","13":"tag-people","14":"tag-television-medias"},"share_on_mastodon":{"url":"https:\/\/pubeurope.com\/@fr\/114672501007615808","error":""},"_links":{"self":[{"href":"https:\/\/www.europesays.com\/fr\/wp-json\/wp\/v2\/posts\/171751","targetHints":{"allow":["GET"]}}],"collection":[{"href":"https:\/\/www.europesays.com\/fr\/wp-json\/wp\/v2\/posts"}],"about":[{"href":"https:\/\/www.europesays.com\/fr\/wp-json\/wp\/v2\/types\/post"}],"author":[{"embeddable":true,"href":"https:\/\/www.europesays.com\/fr\/wp-json\/wp\/v2\/users\/2"}],"replies":[{"embeddable":true,"href":"https:\/\/www.europesays.com\/fr\/wp-json\/wp\/v2\/comments?post=171751"}],"version-history":[{"count":0,"href":"https:\/\/www.europesays.com\/fr\/wp-json\/wp\/v2\/posts\/171751\/revisions"}],"wp:featuredmedia":[{"embeddable":true,"href":"https:\/\/www.europesays.com\/fr\/wp-json\/wp\/v2\/media\/171752"}],"wp:attachment":[{"href":"https:\/\/www.europesays.com\/fr\/wp-json\/wp\/v2\/media?parent=171751"}],"wp:term":[{"taxonomy":"category","embeddable":true,"href":"https:\/\/www.europesays.com\/fr\/wp-json\/wp\/v2\/categories?post=171751"},{"taxonomy":"post_tag","embeddable":true,"href":"https:\/\/www.europesays.com\/fr\/wp-json\/wp\/v2\/tags?post=171751"}],"curies":[{"name":"wp","href":"https:\/\/api.w.org\/{rel}","templated":true}]}}