{"id":171756,"date":"2025-06-12T21:26:09","date_gmt":"2025-06-12T21:26:09","guid":{"rendered":"https:\/\/www.europesays.com\/fr\/171756\/"},"modified":"2025-06-12T21:26:09","modified_gmt":"2025-06-12T21:26:09","slug":"jai-envie-de-te-demonter-malaise-chez-canal-une-enquete-tentaculaire-diligentee","status":"publish","type":"post","link":"https:\/\/www.europesays.com\/fr\/171756\/","title":{"rendered":"\u201cJ\u2019ai envie de te d\u00e9monter\u201d : malaise chez Canal+, une enqu\u00eate tentaculaire diligent\u00e9e"},"content":{"rendered":"<p class=\"p1\">Les faits sont particuli\u00e8rement graves. Au mois de<br \/>\nd\u00e9cembre 2024, <strong>un journaliste<\/strong> du service rugby de<br \/>\n<a href=\"https:\/\/www.telestar.fr\/actu_tv\/canal-sur-quel-numero-de-la-tnt-pourrez-vous-retrouver-la-chaine-des-le-6-juin-1725407\" target=\"_blank\" rel=\"noopener nofollow\">Canal+<\/a> a \u00e9t\u00e9 licenci\u00e9. Selon le<br \/>\njournal <a href=\"https:\/\/www.lequipe.fr\/Medias\/Article\/Le-service-rugby-de-canal-secoue-par-une-affaire-de-sexisme\/1569692\" target=\"_blank\" rel=\"nofollow noopener\">L\u2019\u00c9quipe<\/a>, ce<br \/>\nreporter-commentateur avait tenu <strong>des propos et un<br \/>\ncomportement sexistes<\/strong>, jug\u00e9s inappropri\u00e9s envers deux de<br \/>\nses coll\u00e8gues.<\/p>\n<p class=\"p1\">Au moment de d\u00e9noncer la situation, les jeunes femmes<br \/>\nont <strong>d\u00e9voil\u00e9 des SMS obsc\u00e8nes<\/strong>\u00a0sur leur<br \/>\nt\u00e9l\u00e9phone. Elles auraient ainsi re\u00e7u des messages comme : \u201cJ\u2019ai<br \/>\nenvie de te d\u00e9monter\u201d. L\u2019une d\u2019elles aurait \u00e9galement signal\u00e9<br \/>\ns\u2019\u00eatre vue <strong>proposer de la drogue<\/strong> avec insistance.<br \/>\nUne affaire qui survient seulement quelques mois apr\u00e8s l\u2019\u00e9viction<br \/>\nd\u2019un journaliste d\u2019Infosport+ pour \u201charc\u00e8lement<br \/>\nd\u2019ambiance\u201d.<\/p>\n<p>La cha\u00eene Canal+ a lanc\u00e9 une enqu\u00eate interne<\/p>\n<p class=\"p1\">Apr\u00e8s le t\u00e9moignage des deux femmes, la cha\u00eene Canal+<br \/>\na pris les choses tr\u00e8s au s\u00e9rieux. Une <strong>enqu\u00eate<br \/>\ninterne<\/strong> sur d\u2019\u00e9ventuels comportements sexistes et de<br \/>\n<a href=\"https:\/\/www.closermag.fr\/people\/toxique-humiliations-pleurs-les-souvenirs-douloureux-des-collegues-de-patrick-cohen-sur-france-inter-3514947\" rel=\"nofollow noopener\" target=\"_blank\"><br \/>\nharc\u00e8lement<\/a> au sein de la rubrique rugby a donc \u00e9t\u00e9 lanc\u00e9e.<\/p>\n<p class=\"p1\">Selon les informations de L\u2019\u00c9quipe, sur<br \/>\n<strong>34 t\u00e9moignages recueillis<\/strong>, les trois quarts<br \/>\n\u00e9voqueraient une ambiance de travail irr\u00e9prochable et<br \/>\nprofessionnelle. L\u2019autre quart signalerait cependant un<br \/>\nfonctionnement \u201cmasculiniste\u201d et des c<strong>omportements<br \/>\nsexistes<\/strong>. De son c\u00f4t\u00e9, Mathieu Blin, l\u2019un des consultants<br \/>\nde la cha\u00eene, a indiqu\u00e9 avoir eu \u00e9cho \u201cd\u2019une ambiance<br \/>\ncompliqu\u00e9e\u201d dans la r\u00e9daction, avant le rendu de<br \/>\nl\u2019enqu\u00eate.<\/p>\n<p>Cinq journalistes du service ont<br \/>\nfait l\u2019objet d\u2019une mise \u00e0 pied<\/p>\n<p class=\"p1\">Lors de la restitution de l\u2019enqu\u00eate, <strong>un<br \/>\nverbatim choquant<\/strong> aurait \u00e9t\u00e9 d\u00e9voil\u00e9. Un journaliste<br \/>\naurait ainsi d\u00e9clar\u00e9 \u00e0 propos d\u2019une consultante rugby \u00e0 l\u2019antenne :<br \/>\n\u201cElle devrait se faire violer par un mec qui sort de Baumettes,<br \/>\n\u00e7a lui ferait du bien\u201d. Des propos gla\u00e7ants qui ne sont pas<br \/>\npass\u00e9s aupr\u00e8s de la direction.<\/p>\n<p class=\"p1\">Face \u00e0 ses salari\u00e9s, <a href=\"https:\/\/www.closermag.fr\/people\/se-debarrasser-dhanouna-lavenir-flou-de-lanimateur-naurait-pas-pu-etre-une-meilleure-nouvelle-pour-cette-figure-de-canal-3516454\" rel=\"nofollow noopener\" target=\"_blank\"><br \/>\nMaxime Saada<\/a>, le PDG du groupe, a rappel\u00e9 <strong>sa ligne de<br \/>\ntol\u00e9rance z\u00e9ro<\/strong> sur ces sujets. Une position \u00e9galement<br \/>\npartag\u00e9e par le directeur des sports, Thomas S\u00e9n\u00e9cal. Au total,<br \/>\n<strong>cinq employ\u00e9s<\/strong> auraient ensuite \u00e9t\u00e9 sanctionn\u00e9s.<br \/>\nTrois journalistes du service, en CDD jusqu\u2019au 30 juin, et deux en<br \/>\nCDI, auraient fait l\u2019objet d\u2019une mise \u00e0 pied conservatoire.<\/p>\n","protected":false},"excerpt":{"rendered":"Les faits sont particuli\u00e8rement graves. Au mois de d\u00e9cembre 2024, un journaliste du service rugby de Canal+ a&hellip;\n","protected":false},"author":2,"featured_media":171757,"comment_status":"","ping_status":"","sticky":false,"template":"","format":"standard","meta":{"footnotes":""},"categories":[1356],"tags":[548,58,59,1011,27,252,1364],"class_list":{"0":"post-171756","1":"post","2":"type-post","3":"status-publish","4":"format-standard","5":"has-post-thumbnail","7":"category-television","8":"tag-article-simple","9":"tag-divertissement","10":"tag-entertainment","11":"tag-fr","12":"tag-france","13":"tag-television","14":"tag-tv"},"share_on_mastodon":{"url":"https:\/\/pubeurope.com\/@fr\/114672512795453001","error":""},"_links":{"self":[{"href":"https:\/\/www.europesays.com\/fr\/wp-json\/wp\/v2\/posts\/171756","targetHints":{"allow":["GET"]}}],"collection":[{"href":"https:\/\/www.europesays.com\/fr\/wp-json\/wp\/v2\/posts"}],"about":[{"href":"https:\/\/www.europesays.com\/fr\/wp-json\/wp\/v2\/types\/post"}],"author":[{"embeddable":true,"href":"https:\/\/www.europesays.com\/fr\/wp-json\/wp\/v2\/users\/2"}],"replies":[{"embeddable":true,"href":"https:\/\/www.europesays.com\/fr\/wp-json\/wp\/v2\/comments?post=171756"}],"version-history":[{"count":0,"href":"https:\/\/www.europesays.com\/fr\/wp-json\/wp\/v2\/posts\/171756\/revisions"}],"wp:featuredmedia":[{"embeddable":true,"href":"https:\/\/www.europesays.com\/fr\/wp-json\/wp\/v2\/media\/171757"}],"wp:attachment":[{"href":"https:\/\/www.europesays.com\/fr\/wp-json\/wp\/v2\/media?parent=171756"}],"wp:term":[{"taxonomy":"category","embeddable":true,"href":"https:\/\/www.europesays.com\/fr\/wp-json\/wp\/v2\/categories?post=171756"},{"taxonomy":"post_tag","embeddable":true,"href":"https:\/\/www.europesays.com\/fr\/wp-json\/wp\/v2\/tags?post=171756"}],"curies":[{"name":"wp","href":"https:\/\/api.w.org\/{rel}","templated":true}]}}