{"id":171758,"date":"2025-06-12T21:27:10","date_gmt":"2025-06-12T21:27:10","guid":{"rendered":"https:\/\/www.europesays.com\/fr\/171758\/"},"modified":"2025-06-12T21:27:10","modified_gmt":"2025-06-12T21:27:10","slug":"on-est-en-contact-ed-sheeran-fan-de-pierre-garnier-une-collaboration-en-vue","status":"publish","type":"post","link":"https:\/\/www.europesays.com\/fr\/171758\/","title":{"rendered":"\u00ab\u00a0On est en contact\u00a0\u00bb, Ed Sheeran fan de Pierre Garnier, une collaboration en vue !"},"content":{"rendered":"<p><a href=\"https:\/\/www.public.fr\/tag\/pierre-garnier\" rel=\"nofollow noopener\" target=\"_blank\">Pierre Garnier<\/a>, bient\u00f4t en duo <a href=\"https:\/\/www.public.fr\/ed-sheeran-fan-de-louane-son-appel-aux-votes-na-pas-ete-suivi\" rel=\"nofollow noopener\" target=\"_blank\">avec Ed Sheeran <\/a>? L\u2019id\u00e9e n\u2019est pas \u00e0 exclure. Si une telle collaboration voit le jour, l\u2019interpr\u00e8te de Nous on sait prouverait qu\u2019il fait partie des plus grands artistes fran\u00e7ais de notre g\u00e9n\u00e9ration.<\/p>\n<p>S\u2019il n\u2019a pas vraiment besoin de le prouver, force est de constater que le gagnant de la <strong>\u00ab\u00a0Star Academy\u00a0\u00bb<\/strong> 2023, qu\u2019il a remport\u00e9e en f\u00e9vrier 2024, a encha\u00een\u00e9 les succ\u00e8s en l\u2019espace de quelques mois. En plus de battre de nombreux records avec ses titres Ceux qu&rsquo;on \u00e9tait, Nous on sait, Chaque seconde,\u00a0Adieu nous deux\u2026, son morceau\u00a0Nous on sait\u00a0vient d&rsquo;\u00eatre\u00a0certifi\u00e9 \u00ab\u00a0disque de diamant\u00a0\u00bb\u00a0d\u00e9passant le cap symbolique des\u00a050\u00a0millions d&rsquo;\u00e9coutes.<\/p>\n<p>Un succ\u00e8s qui lui a d\u2019ailleurs permis de gagner de nombreuses r\u00e9compenses. Avec deux NRJ Music Awards\u00a0ou encore\u00a0deux Victoires de la musique. Apr\u00e8s avoir r\u00e9cup\u00e9r\u00e9 ses troph\u00e9es, Pierre Garnier est parti sur les routes de France, le 10 janvier dernier, pour une tourn\u00e9e en France et en Belgique.<\/p>\n<p>L&rsquo;agenda tr\u00e8s charg\u00e9 de Pierre Garnier<\/p>\n<p>Alors que de nombreuses dates \u00e9taient d\u00e9j\u00e0 pr\u00e9vues, d\u2019autres ont \u00e9t\u00e9 rajout\u00e9es face \u00e0 l\u2019engouement suscit\u00e9 par le gagnant de la \u00ab\u00a0Star Academy\u00a0\u00bb. Et si certains pensaient qu\u2019il profiterait de l\u2019\u00e9t\u00e9 pour se reposer, c\u2019est loup\u00e9.<\/p>\n<p>En effet, Pierre Garnier devrait monter sur la sc\u00e8ne de 27 festivals au cours de l\u2019\u00e9t\u00e9 ! De quoi grandement inqui\u00e9ter ses fans. Si certains ont fait part de leur joie, de voir multiplier leurs chances de croiser le chanteur, d\u2019autres ont fait part de leur inqui\u00e9tude.<\/p>\n<p>\u00ab\u00a0C\u2019est sympa et tout mais tu te reposes quand\u00a0?\u00a0\u00bb, \u00ab\u00a0Mdr, la question c\u2019est plut\u00f4t o\u00f9 est ce qu\u2019on ne se voit pas\u00a0?\u00a0\u00bb, ont r\u00e9agi nombre de fans. En plus de cet agenda charg\u00e9, au niveau des concerts, Pierre Garnier travaillerait \u00e9galement sur une future collaboration et pas des moindres.<\/p>\n<p>Ed Sheeran, partant pour collaborer avec le gagnant de la \u00ab\u00a0Star Academy\u00a0\u00bb<\/p>\n<p>Ce jeudi 12 juin 2025, le chanteur Ed Sheeran r\u00e9pondait aux questions de NRJ. Au cours de l\u2019entretien, nos confr\u00e8res lui ont fait \u00e9couter une interpr\u00e9tation de Pierre Garnier qui a visiblement charm\u00e9 <a href=\"https:\/\/vsd.fr\/68539-le-chanteur-ed-sheeran-se-blesse-en-plein-concert-la-video-fait-le-buzz\/\" rel=\"nofollow noopener\" target=\"_blank\">le chanteur britannique.\u00a0<\/a><\/p>\n<p>\u00ab\u00a0Oui on m\u2019avait envoy\u00e9 cette vid\u00e9o il y a un moment\u00a0\u00bb, a confi\u00e9 Ed Sheeran avant de commencer : \u00ab\u00a0Oui je crois que\u2026\u00a0\u00bb. <strong>\u00ab\u00a0On est en contact\u00a0\u00bb<\/strong>, a-t-il finalement l\u00e2ch\u00e9 en regardant la cam\u00e9ra et faisant comprendre qu\u2019une collaboration serait d\u2019actualit\u00e9.\u00a0<\/p>\n<p>Par la suite, l\u2019interpr\u00e8te de Azizem a compliment\u00e9 le gagnant de la <strong>\u00ab\u00a0Star Academy\u00a0\u00bb<\/strong> : \u00ab\u00a0Il a une superbe voix, tr\u00e8s, tr\u00e8s jolie voix. J\u2019ai \u00e9cout\u00e9 ses autres chansons aussi. J\u2019aime ses chansons originales\u00a0\u00bb. <strong>\u00ab\u00a0Oui totalement. J\u2019adorerais chanter sur sc\u00e8ne avec lui\u00a0\u00bb<\/strong>, a-t-il de nouveau martel\u00e9 lorsque nos confr\u00e8res lui ont demand\u00e9 si une \u00e9ventuelle collaboration l\u2019int\u00e9ressait.\u00a0<\/p>\n<p>      Mentionn\u00e9s dans cet article<\/p>\n<p>\u00c0 lire aussi<\/p>\n","protected":false},"excerpt":{"rendered":"Pierre Garnier, bient\u00f4t en duo avec Ed Sheeran ? L\u2019id\u00e9e n\u2019est pas \u00e0 exclure. Si une telle collaboration&hellip;\n","protected":false},"author":2,"featured_media":171759,"comment_status":"","ping_status":"","sticky":false,"template":"","format":"standard","meta":{"footnotes":""},"categories":[1355],"tags":[58,9472,59,1011,27,1361,873,5096,5095],"class_list":{"0":"post-171758","1":"post","2":"type-post","3":"status-publish","4":"format-standard","5":"has-post-thumbnail","7":"category-musique","8":"tag-divertissement","9":"tag-ed-sheeran","10":"tag-entertainment","11":"tag-fr","12":"tag-france","13":"tag-music","14":"tag-musique","15":"tag-pierre-garnier","16":"tag-star-academy"},"share_on_mastodon":{"url":"https:\/\/pubeurope.com\/@fr\/114672516831334065","error":""},"_links":{"self":[{"href":"https:\/\/www.europesays.com\/fr\/wp-json\/wp\/v2\/posts\/171758","targetHints":{"allow":["GET"]}}],"collection":[{"href":"https:\/\/www.europesays.com\/fr\/wp-json\/wp\/v2\/posts"}],"about":[{"href":"https:\/\/www.europesays.com\/fr\/wp-json\/wp\/v2\/types\/post"}],"author":[{"embeddable":true,"href":"https:\/\/www.europesays.com\/fr\/wp-json\/wp\/v2\/users\/2"}],"replies":[{"embeddable":true,"href":"https:\/\/www.europesays.com\/fr\/wp-json\/wp\/v2\/comments?post=171758"}],"version-history":[{"count":0,"href":"https:\/\/www.europesays.com\/fr\/wp-json\/wp\/v2\/posts\/171758\/revisions"}],"wp:featuredmedia":[{"embeddable":true,"href":"https:\/\/www.europesays.com\/fr\/wp-json\/wp\/v2\/media\/171759"}],"wp:attachment":[{"href":"https:\/\/www.europesays.com\/fr\/wp-json\/wp\/v2\/media?parent=171758"}],"wp:term":[{"taxonomy":"category","embeddable":true,"href":"https:\/\/www.europesays.com\/fr\/wp-json\/wp\/v2\/categories?post=171758"},{"taxonomy":"post_tag","embeddable":true,"href":"https:\/\/www.europesays.com\/fr\/wp-json\/wp\/v2\/tags?post=171758"}],"curies":[{"name":"wp","href":"https:\/\/api.w.org\/{rel}","templated":true}]}}