{"id":171760,"date":"2025-06-12T21:28:12","date_gmt":"2025-06-12T21:28:12","guid":{"rendered":"https:\/\/www.europesays.com\/fr\/171760\/"},"modified":"2025-06-12T21:28:12","modified_gmt":"2025-06-12T21:28:12","slug":"the-batman-ii-en-danger-james-gunn-donne-enfin-des-nouvelles-du-projet-2","status":"publish","type":"post","link":"https:\/\/www.europesays.com\/fr\/171760\/","title":{"rendered":"The Batman II en danger ? James Gunn donne enfin des nouvelles du projet"},"content":{"rendered":"<p>The Batman a \u00e9t\u00e9 une bouff\u00e9e d\u2019air frais pour DC \u00e0 sa sortie en 2022. Au milieu des \u00e9checs critiques et commerciaux, de Wonder Woman 1984 \u00e0 The Flash en passant par Shazam\u00a0: Fury of Gods, le film de Matt Reeves s\u2019est illustr\u00e9 comme une solide adaptation des aventures du Chevalier Noir. \u00c0 mi-chemin entre le film noir et la proposition superh\u00e9ro\u00efque, <a href=\"https:\/\/www.journaldugeek.com\/critique\/critique-the-batman-la-chauve-souris-prend-son-envol\/\" rel=\"nofollow noopener\" target=\"_blank\">The Batman<\/a> a donn\u00e9 des id\u00e9es \u00e0 l\u2019\u00e9curie en proie \u00e0 d\u2019\u00e9normes difficult\u00e9s.<\/p>\n<p>Comme Joker trois ans plus t\u00f4t, le film \u00e9tait promis \u00e0 une suite s\u2019inscrivant en marge du DCEU alors port\u00e9 par Gal Gadot, Ben Affleck et Henry Cavill. Si Arthur Fleck a d\u00e9j\u00e0 eu l\u2019occasion de livrer le second volet de ses aventures au cin\u00e9ma, et de largement d\u00e9cevoir, le Bruce Wayne de Pattinson se fait d\u00e9sirer.<\/p>\n<p>S\u2019il a un temps \u00e9t\u00e9 annonc\u00e9 pour l\u2019ann\u00e9e 2025, sa sortie a \u00e9t\u00e9 repouss\u00e9e \u00e0 de nombreuses reprises jusqu\u2019\u00e0 ce que Warner Bros m<strong>ise sur 2027 (au plus t\u00f4t).<\/strong> M\u00eame Robert Pattinson ne paraissait pas tr\u00e8s confiant, craignant d\u2019\u00eatre trop vieux au moment o\u00f9 les choses seront v\u00e9ritablement lanc\u00e9es. Il indiquait en mars dernier \u00e0 Hero Magazine : \u201cJ\u2019ai commenc\u00e9 en tant que jeune Batman et je serai un vieux Batman dans la suite\u2026 J\u2019ai 38 ans, je suis vieux\u201d.\u00a0<\/p>\n<p> James Gunn donne enfin des nouvelles <\/p>\n<p>En charge de DCU Studios, aux c\u00f4t\u00e9s de Peter Safran, James Gunn est plut\u00f4t occup\u00e9. Il va bient\u00f4t pr\u00e9senter le premier film de son DCU\u00a0: Superman. Film qu\u2019il a produit mais aussi r\u00e9alis\u00e9. Il s\u2019agira du premier m\u00e9trage d\u2019un nouvel univers cin\u00e9matographique qui doit se poursuivre avec <a href=\"https:\/\/www.journaldugeek.com\/2024\/09\/27\/supergirl-le-film-avec-millie-alcock-a-trouve-son-grand-mechant\/\" rel=\"nofollow noopener\" target=\"_blank\">Supergirl<\/a> et Swamp Thing au cin\u00e9ma. Alors que les contours de cette licence sont encore assez myst\u00e9rieux, et que The Batman\u00a0: Part II ne s\u2019inscrit pas dans ce chapitre, l\u2019on pouvait craindre que le film ne soit rel\u00e9gu\u00e9<strong> en bas de la liste des priorit\u00e9s<\/strong> de Gunn et Safran. En pleine tourn\u00e9e promotionnelle pour Superman, Gunn se veut plut\u00f4t rassurant. Il explique \u00e0 Entertainment Weekly :<\/p>\n<blockquote>\n<p>\u201cCe que Matt fait est tr\u00e8s important, malgr\u00e9 toutes les rumeurs qui disent le contraire. On devrait <strong>bient\u00f4t recevoir le sc\u00e9nario<\/strong>, et j\u2019ai h\u00e2te\u201d.\u00a0<\/p>\n<\/blockquote>\n<p>Il ne pr\u00e9cise en revanche pas quand la production sera lanc\u00e9e, ni m\u00eame si l\u2019horizon 2027 est toujours envisag\u00e9. L\u2019envoi prochain d\u2019un sc\u00e9nario est tout de m\u00eame un bon indicateur, les choses avancent <strong>dans le bon sens<\/strong> pour le personnage.<\/p>\n<p>James Gunn a aussi profit\u00e9 de l\u2019occasion pour \u00e9voquer le fameux DC Elsewords, dont Joker et <a href=\"https:\/\/www.journaldugeek.com\/critique\/critique-joker-folie-a-deux-une-folie-den-faire-un-2\/\" rel=\"nofollow noopener\" target=\"_blank\">Joker\u00a0: Folie \u00e0 Deux<\/a> \u00e9taient des composantes essentielles. Il semble que l\u2019id\u00e9e est maintenant de miser sur le justicier de Gotham de Reeves plut\u00f4t que l\u2019antagoniste de Todd Phillips. En effet, Gunn s\u2019est bien gard\u00e9 de mentionner le personnage camp\u00e9 par Joaquin Phoenix, pr\u00e9f\u00e9rant parler de la \u201cBatman Epic Crime Saga\u201d de Matt Reeves. L\u2019\u00e9chec critique et commercial de Folie \u00e0 deux aura eu raison des ambitions de DC concernant le grand m\u00e9chant, difficile de l\u2019imaginer autrement.<\/p>\n<blockquote>\n<p class=\"text-base text-neutral-700 dark:text-neutral-300\">\ud83d\udfe3 Pour ne manquer aucune news sur le Journal du Geek, abonnez-vous sur <a href=\"https:\/\/news.google.com\/publications\/CAAqBwgKMNr_hAswwYyCAw?hl=fr&amp;gl=FR&amp;ceid=FR%3Afr\" target=\"_blank\" rel=\"nofollow noopener\">Google Actualit\u00e9s<\/a> et sur <a href=\"https:\/\/whatsapp.com\/channel\/0029VaClM5y4tRry12tb7D2h\" target=\"_blank\" rel=\"nofollow noopener\">notre WhatsApp<\/a>. Et si vous nous adorez, on a <a href=\"https:\/\/www.journaldugeek.com\/newsletter\/\" target=\"_blank\" rel=\"nofollow noopener\">une newsletter tous les matins<\/a>.<\/p>\n<\/blockquote>\n","protected":false},"excerpt":{"rendered":"The Batman a \u00e9t\u00e9 une bouff\u00e9e d\u2019air frais pour DC \u00e0 sa sortie en 2022. Au milieu des&hellip;\n","protected":false},"author":2,"featured_media":168191,"comment_status":"","ping_status":"","sticky":false,"template":"","format":"standard","meta":{"footnotes":""},"categories":[1354],"tags":[25359,58,59,1346,1011,27,1360,30155],"class_list":{"0":"post-171760","1":"post","2":"type-post","3":"status-publish","4":"format-standard","5":"has-post-thumbnail","7":"category-films","8":"tag-dc","9":"tag-divertissement","10":"tag-entertainment","11":"tag-films","12":"tag-fr","13":"tag-france","14":"tag-movies","15":"tag-the-batman"},"share_on_mastodon":{"url":"https:\/\/pubeurope.com\/@fr\/114672520648972720","error":""},"_links":{"self":[{"href":"https:\/\/www.europesays.com\/fr\/wp-json\/wp\/v2\/posts\/171760","targetHints":{"allow":["GET"]}}],"collection":[{"href":"https:\/\/www.europesays.com\/fr\/wp-json\/wp\/v2\/posts"}],"about":[{"href":"https:\/\/www.europesays.com\/fr\/wp-json\/wp\/v2\/types\/post"}],"author":[{"embeddable":true,"href":"https:\/\/www.europesays.com\/fr\/wp-json\/wp\/v2\/users\/2"}],"replies":[{"embeddable":true,"href":"https:\/\/www.europesays.com\/fr\/wp-json\/wp\/v2\/comments?post=171760"}],"version-history":[{"count":0,"href":"https:\/\/www.europesays.com\/fr\/wp-json\/wp\/v2\/posts\/171760\/revisions"}],"wp:featuredmedia":[{"embeddable":true,"href":"https:\/\/www.europesays.com\/fr\/wp-json\/wp\/v2\/media\/168191"}],"wp:attachment":[{"href":"https:\/\/www.europesays.com\/fr\/wp-json\/wp\/v2\/media?parent=171760"}],"wp:term":[{"taxonomy":"category","embeddable":true,"href":"https:\/\/www.europesays.com\/fr\/wp-json\/wp\/v2\/categories?post=171760"},{"taxonomy":"post_tag","embeddable":true,"href":"https:\/\/www.europesays.com\/fr\/wp-json\/wp\/v2\/tags?post=171760"}],"curies":[{"name":"wp","href":"https:\/\/api.w.org\/{rel}","templated":true}]}}