{"id":171761,"date":"2025-06-12T21:29:09","date_gmt":"2025-06-12T21:29:09","guid":{"rendered":"https:\/\/www.europesays.com\/fr\/171761\/"},"modified":"2025-06-12T21:29:09","modified_gmt":"2025-06-12T21:29:09","slug":"le-nombre-doperations-liees-aux-progestatifs-luteran-et-lutenyl-divise-par-dix-grace-a-la-surveillance","status":"publish","type":"post","link":"https:\/\/www.europesays.com\/fr\/171761\/","title":{"rendered":"le nombre d\u2019op\u00e9rations li\u00e9es aux progestatifs Luteran et Lut\u00e9nyl divis\u00e9 par dix gr\u00e2ce \u00e0 la surveillance"},"content":{"rendered":"<p>Les multiples mesures visant \u00e0 limiter le risque ont fait drastiquement chuter le nombre d\u2019utilisatrices, et augmenter la surveillance de celles rest\u00e9es fid\u00e8les \u00e0 ces m\u00e9dicaments.<\/p>\n<p class=\"fig-paragraph\">Le nombre de femmes op\u00e9r\u00e9es de\u00a0<a href=\"https:\/\/sante.lefigaro.fr\/sante\/maladie\/cancer-tetedu-cerveau\/quels-examens-faire\" target=\"_blank\" data-fig-type=\"Keyword\" rel=\"noopener\" data-gtm-custom-categorie=\"navigation\" data-gtm-custom-action=\"crossclick\" data-gtm-custom-label=\"Contextuel\" data-gtm-event=\"customEventSPE\" data-fig-domain=\"SANTE\">m\u00e9ningiomes<\/a>\u00a0dus \u00e0 la\u00a0<a href=\"http:\/\/sante.lefigaro.fr\/social\/sante-publique\/le-lien-entre-progesterone-et-tumeur-cerebrale-se-confirme-20240328\" data-fig-type=\"Article\" data-gtm-custom-categorie=\"navigation\" data-gtm-custom-action=\"crossclick\" data-gtm-custom-label=\"Contextuel\" data-gtm-event=\"customEventSPE\" data-fig-domain=\"SANTE\" target=\"_blank\" rel=\"noopener\">prise prolong\u00e9e des progestatifs<\/a>\u00a0Luteran et Lut\u00e9nyl et leurs g\u00e9n\u00e9riques a chut\u00e9 consid\u00e9rablement en cinq ans gr\u00e2ce aux restrictions impos\u00e9es par les autorit\u00e9s sanitaires, selon une \u00e9tude publi\u00e9e jeudi. Le nombre de ces op\u00e9rations \u00ab\u00a0a \u00e9t\u00e9 divis\u00e9 par 10 en cinq ans, passant de 152 femmes op\u00e9r\u00e9es en 2018 \u00e0 15 en 2023\u00a0\u00bb, conclut cette \u00e9tude du groupement d&rsquo;int\u00e9r\u00eat scientifique Epi-Phare \u00e9valuant l&rsquo;impact des mesures mises en place en France pour r\u00e9duire ces risques de m\u00e9ningiomes. \u00ab\u00a0La forte r\u00e9gression du nombre de m\u00e9ningiomes op\u00e9r\u00e9s r\u00e9sulte \u00e0 la fois de la baisse consid\u00e9rable du recours aux progestatifs \u00e0 risque et d&rsquo;une augmentation de la\u00a0<a href=\"https:\/\/sante.lefigaro.fr\/article\/androcur-de-nouvelles-recommandations-pour-limiter-le-risque-de-tumeur-cerebrale\" target=\"_blank\" data-fig-type=\"Article\" rel=\"noopener\" data-gtm-custom-categorie=\"navigation\" data-gtm-custom-action=\"crossclick\" data-gtm-custom-label=\"Contextuel\" data-gtm-event=\"customEventSPE\" data-fig-domain=\"SANTE\">surveillance par imagerie m\u00e9dicale<\/a> \u00a0\u00bb, selon cette \u00e9tude.<\/p>\n<p class=\"fig-paragraph\">Parfois qualifi\u00e9es de \u00ab\u00a0b\u00e9nignes\u00a0\u00bb, car elles ne sont pas susceptibles de d\u00e9g\u00e9n\u00e9rer en cancers mortels, ces tumeurs au cerveau peuvent n\u00e9anmoins provoquer de graves troubles neurologiques qui se traduisent par des maux de t\u00eate, convulsions crises d&rsquo;\u00e9pilepsie, vertiges, baisse d&rsquo;audition, perte d&rsquo;odorat&#8230;<\/p>\n<p>D\u00e9riv\u00e9s de progest\u00e9rone<\/p>\n<p class=\"fig-paragraph\">L&rsquo;ac\u00e9tate de chlormadinone (Luteran du laboratoire Sanofi) et l&rsquo;ac\u00e9tate de nom\u00e9gestrol (Lut\u00e9nyl de Theramex) sont des d\u00e9riv\u00e9s de la progest\u00e9rone utilis\u00e9s dans la prise en charge de la m\u00e9nopause, des troubles menstruels et de l&rsquo;endom\u00e9triose notamment. Depuis f\u00e9vrier 2019, une lettre a \u00e9t\u00e9 adress\u00e9e aux professionnels de sant\u00e9 afin de les informer d&rsquo;un \u00ab\u00a0possible risque\u00a0\u00bb de m\u00e9ningiomes associ\u00e9s \u00e0 la prise de ces m\u00e9dicaments. Un risque identifi\u00e9 de plus longue date pour l\u2019Androcur (ac\u00e9tate de cyprot\u00e9rone, utilis\u00e9 principalement dans l\u2019hirsutisme s\u00e9v\u00e8re chez la femme). Des recommandations d&rsquo;utilisation (indication, dur\u00e9e d&rsquo;utilisation) et une obligation de suivi par IRM des femmes expos\u00e9es aux ac\u00e9tates de nom\u00e9gestrol et chlormadinone avaient ensuite \u00e9t\u00e9 publi\u00e9es d\u00e9but 2021 par les autorit\u00e9s sanitaires. En janvier 2022, des courriers ont \u00e9t\u00e9 envoy\u00e9s aux utilisatrices de ces progestatifs ainsi qu&rsquo;\u00e0 leurs prescripteurs, rappelant le risque de m\u00e9ningiome et la surveillance par IRM en cas de poursuite du traitement.<\/p>\n<p class=\"fig-paragraph\">\u00c0 la suite de toutes ces mesures, le recours mensuel \u00e0 ces progestatifs a recul\u00e9 de 97\u00a0% entre 2019 et 2023, faisant chuter le nombre d&rsquo;utilisatrices de \u00ab\u00a0plus de 260\u00a0000 \u00e0 moins de 9000\u00a0\u00bb, d\u00e9taille Epi-Phare dans son rapport. Les nouvelles prescriptions ont \u00e9galement consid\u00e9rablement diminu\u00e9, \u00ab\u00a0passant de pr\u00e8s de 18\u00a0000 par mois \u00e0 environ 1000 par mois\u00a0\u00bb. Un report vers d&rsquo;autres progestatifs a \u00e9t\u00e9 observ\u00e9, dont le d\u00e9sogestrel pour lequel\u00a0<a href=\"http:\/\/sante.lefigaro.fr\/medecine\/pas-d-irm-systematique-pour-les-femmes-prenant-une-micropilule-contraceptive-20250320\" data-fig-type=\"NewsFlash\" data-gtm-custom-categorie=\"navigation\" data-gtm-custom-action=\"crossclick\" data-gtm-custom-label=\"Contextuel\" data-gtm-event=\"customEventSPE\" data-fig-domain=\"SANTE\" target=\"_blank\" rel=\"noopener\">un risque plus faible de m\u00e9ningiome a r\u00e9cemment \u00e9t\u00e9 d\u00e9montr\u00e9<\/a>. Quant \u00e0 l\u2019IRM c\u00e9r\u00e9brale recommand\u00e9e aux femmes expos\u00e9e pendant plus d\u2019un an \u00e0 l\u2019ac\u00e9tate de chlormadinone et \u00e0 l\u2019ac\u00e9tate de nom\u00e9gestrol, elle a \u00e9t\u00e9 r\u00e9alis\u00e9e par 22% des femmes concern\u00e9es en 2023, contre seulement 5% en 2019.<\/p>\n","protected":false},"excerpt":{"rendered":"Les multiples mesures visant \u00e0 limiter le risque ont fait drastiquement chuter le nombre d\u2019utilisatrices, et augmenter la&hellip;\n","protected":false},"author":2,"featured_media":171762,"comment_status":"","ping_status":"","sticky":false,"template":"","format":"standard","meta":{"footnotes":""},"categories":[10],"tags":[442,228,440,441,436,1011,27,72,226,439,229,71,435,437,227,438],"class_list":{"0":"post-171761","1":"post","2":"type-post","3":"status-publish","4":"format-standard","5":"has-post-thumbnail","7":"category-sante","8":"tag-administration-de-la-sante","9":"tag-diagnostic","10":"tag-droit-a-la-sante","11":"tag-education-sanitaire-education-sanitaire-individuelle-et-collective","12":"tag-environnement","13":"tag-fr","14":"tag-france","15":"tag-health","16":"tag-maladie","17":"tag-niveau-de-vie","18":"tag-pathologie","19":"tag-sante","20":"tag-sante-de-la-population","21":"tag-services-medicaux","22":"tag-traitement","23":"tag-traitement-preventif"},"share_on_mastodon":{"url":"https:\/\/pubeurope.com\/@fr\/114672524553480517","error":""},"_links":{"self":[{"href":"https:\/\/www.europesays.com\/fr\/wp-json\/wp\/v2\/posts\/171761","targetHints":{"allow":["GET"]}}],"collection":[{"href":"https:\/\/www.europesays.com\/fr\/wp-json\/wp\/v2\/posts"}],"about":[{"href":"https:\/\/www.europesays.com\/fr\/wp-json\/wp\/v2\/types\/post"}],"author":[{"embeddable":true,"href":"https:\/\/www.europesays.com\/fr\/wp-json\/wp\/v2\/users\/2"}],"replies":[{"embeddable":true,"href":"https:\/\/www.europesays.com\/fr\/wp-json\/wp\/v2\/comments?post=171761"}],"version-history":[{"count":0,"href":"https:\/\/www.europesays.com\/fr\/wp-json\/wp\/v2\/posts\/171761\/revisions"}],"wp:featuredmedia":[{"embeddable":true,"href":"https:\/\/www.europesays.com\/fr\/wp-json\/wp\/v2\/media\/171762"}],"wp:attachment":[{"href":"https:\/\/www.europesays.com\/fr\/wp-json\/wp\/v2\/media?parent=171761"}],"wp:term":[{"taxonomy":"category","embeddable":true,"href":"https:\/\/www.europesays.com\/fr\/wp-json\/wp\/v2\/categories?post=171761"},{"taxonomy":"post_tag","embeddable":true,"href":"https:\/\/www.europesays.com\/fr\/wp-json\/wp\/v2\/tags?post=171761"}],"curies":[{"name":"wp","href":"https:\/\/api.w.org\/{rel}","templated":true}]}}