{"id":171765,"date":"2025-06-12T21:31:09","date_gmt":"2025-06-12T21:31:09","guid":{"rendered":"https:\/\/www.europesays.com\/fr\/171765\/"},"modified":"2025-06-12T21:31:09","modified_gmt":"2025-06-12T21:31:09","slug":"mort-de-werenoi-lentourage-se-declare-la-guerre-autour-de-lheritage-une-enquete-est-ouverte","status":"publish","type":"post","link":"https:\/\/www.europesays.com\/fr\/171765\/","title":{"rendered":"Mort de Werenoi : l\u2019entourage se d\u00e9clare la guerre autour de l\u2019h\u00e9ritage, une enqu\u00eate est ouverte"},"content":{"rendered":"<p>      R\u00e9sum\u00e9<\/p>\n<p>Apr\u00e8s la mort de Werenoi, une dispute \u00e9clate dans son entourage autour d\u2019une somme d\u2019argent importante, entra\u00eenant une plainte et une enqu\u00eate judiciaire en cours.<\/p>\n<p>        Sommaire<\/p>\n<p>Le deuil n&rsquo;aura \u00e9t\u00e9 que de courte dur\u00e9e. Selon les informations du Parisien, une enqu\u00eate a \u00e9t\u00e9 ouverte par le parquet de Bobigny <strong>pour \u00ab\u00a0vol aggrav\u00e9 et extorsion\u00a0\u00bb<\/strong>. Une compagne de Werenoi a d\u00e9pos\u00e9 plainte au commissariat de Colombes apr\u00e8s que le manageur du <a href=\"https:\/\/www.public.fr\/exclu-public-le-rappeur-werenoi-serait-decede-a-lage-de-31-ans\" rel=\"nofollow noopener\" target=\"_blank\">rappeur d\u00e9c\u00e9d\u00e9<\/a> l&rsquo;aurait agress\u00e9e. Contact\u00e9 par nos confr\u00e8res, ce dernier accuse cette derni\u00e8re d&rsquo;avoir subtilis\u00e9 plus d&rsquo;un million d&rsquo;euros au d\u00e9funt. Le manageur <strong>souhaiterait la r\u00e9cup\u00e9rer pour la donner \u00e0 la famille h\u00e9riti\u00e8re<\/strong>.<\/p>\n<p>Les faits d\u00e9taill\u00e9s par la plaignante auraient eu lieu quelques heures apr\u00e8s la mort de Werenoi. Dans la nuit du 21 au 22 mai, <strong>Babiry Sacko, producteur de Werenoi<\/strong>, aurait agress\u00e9 la jeune femme dans un bar \u00e0 chicha de Montreuil. Il l&rsquo;aurait alors menac\u00e9e, et somm\u00e9e de rembourser une importante somme d&rsquo;argent que Werenoi aurait fait transiter sur son compte bancaire. Mais la jeune femme, estimant que cette somme d&rsquo;argent <strong>lui avait \u00e9t\u00e9 donn\u00e9e par l&rsquo;artiste de son vivant<\/strong>, refuserait de la rendre \u00e0 la famille.<\/p>\n<p>Le producteur veut retrouver le million d&rsquo;euros perdu<\/p>\n<p>Pour Babiry Sacko, interrog\u00e9 par Le Parisien, la jeune femme n&rsquo;est qu&rsquo;une ma\u00eetresse parmi tant d&rsquo;autres pour Werenoi. <strong>Elle ne serait aucunement l\u00e9gitime<\/strong> pour obtenir une telle somme d&rsquo;argent, et il tient simplement \u00e0 ce que celle-ci soit redistribu\u00e9e aux ayant-droits.<\/p>\n<p>\u00ab\u00a0La personne dont vous parlez vit \u00e0 Duba\u00ef et<strong> a disparu avec un million d\u2019euros<\/strong> appartenant \u00e0 Werenoi. Elle pr\u00e9tend avoir eu une relation avec lui. Elle lui a fait miroiter des choses et l\u2019a convaincu de d\u00e9poser un million d\u2019euros sur un compte \u00e0 Duba\u00ef. Quand il est tomb\u00e9 malade et a voulu rentrer en France, il n\u2019arrivait pas \u00e0 r\u00e9cup\u00e9rer sa carte bancaire. <strong>Sa sant\u00e9 s\u2019aggravait de jour et jour et il avait besoin de son argent. Il est rentr\u00e9 trop tard et est mort le lendemain<\/strong>\u00a0\u00bb a ainsi d\u00e9clar\u00e9 le manageur vis\u00e9 par la plainte.<\/p>\n<p>Babs, de son nom d&rsquo;artiste, n&rsquo;a pas peur de la proc\u00e9dure lanc\u00e9e \u00e0 son encontre. L&rsquo;homme d&rsquo;affaires affirme ainsi vouloir d\u00e9fendre <strong>les int\u00e9r\u00eats posthumes de Werenoi \u00e0 n&rsquo;importe quel prix<\/strong> : \u00ab\u00a0Nous vivons un enfer. Je ne la laisserai pas s\u2019en tirer comme \u00e7a\u00a0\u00bb. Il a lui aussi pris un avocat, et veut d\u00e9poser plainte contre la jeune femme pour la faire condamner et la soustraire \u00e0 rendre l&rsquo;argent.<\/p>\n<p>La maman de Werenoi d\u00e9pass\u00e9e par cette guerre<\/p>\n<p>Le 24 mai dernier, la maman de Werenoi avait aussi post\u00e9 un message subliminal sur son compte Facebook, \u00e0 destination de <a href=\"https:\/\/vsd.fr\/80844-ultime-hommage-a-werenoi-le-rappeur-enterre-dans-son-quartier-natal-sous-lemotion-collective\/\" rel=\"nofollow noopener\" target=\"_blank\">l&rsquo;entourage du rappeur<\/a>. Elle d\u00e9plorait d\u00e9j\u00e0 la guerre qui se faisait autour de l&rsquo;h\u00e9ritage de son fils, estim\u00e9 \u00e0 plusieurs millions d&rsquo;euros. \u00ab\u00a0<strong>\u00c0 peine sorti de son lit de mort, les complots et guerres de dynastie ont r\u00e9veill\u00e9 leurs \u00e2mes pourries<\/strong>. J\u2019ai eu \u00e0 d\u00e9brancher mon fils et certains proches m\u2019ont vraiment d\u00e9\u00e7u (\u2026), \u00e7a parlait d\u00e9j\u00e0 d\u2019argent (\u2026) H\u00e9 prenez tout et rendez moi mon fils bande de\u2026 Laissez-moi faire mon deuil\u00a0\u00bb accablait celle qui a \u00e9t\u00e9 contrainte de d\u00e9brancher son fils, <a href=\"https:\/\/www.public.fr\/exclu-public-mort-de-werenoi-les-vraies-causes-de-son-deces\" rel=\"nofollow noopener\" target=\"_blank\">confirmant ainsi nos informations<\/a> sur <strong>une d\u00e9faillance multivisc\u00e9rale provoqu\u00e9e par une crise de diab\u00e8te<\/strong>. <\/p>\n<p>      Mentionn\u00e9s dans cet article<\/p>\n<p>\u00c0 lire aussi<\/p>\n","protected":false},"excerpt":{"rendered":"R\u00e9sum\u00e9 Apr\u00e8s la mort de Werenoi, une dispute \u00e9clate dans son entourage autour d\u2019une somme d\u2019argent importante, entra\u00eenant&hellip;\n","protected":false},"author":2,"featured_media":171766,"comment_status":"","ping_status":"","sticky":false,"template":"","format":"standard","meta":{"footnotes":""},"categories":[8],"tags":[1120,234,58,59,1011,27,11632,303,18,2634,22146],"class_list":{"0":"post-171765","1":"post","2":"type-post","3":"status-publish","4":"format-standard","5":"has-post-thumbnail","7":"category-divertissement","8":"tag-agression","9":"tag-diabete","10":"tag-divertissement","11":"tag-entertainment","12":"tag-fr","13":"tag-france","14":"tag-heritage","15":"tag-justice","16":"tag-mort","17":"tag-plainte","18":"tag-werenoi"},"share_on_mastodon":{"url":"https:\/\/pubeurope.com\/@fr\/114672532417377034","error":""},"_links":{"self":[{"href":"https:\/\/www.europesays.com\/fr\/wp-json\/wp\/v2\/posts\/171765","targetHints":{"allow":["GET"]}}],"collection":[{"href":"https:\/\/www.europesays.com\/fr\/wp-json\/wp\/v2\/posts"}],"about":[{"href":"https:\/\/www.europesays.com\/fr\/wp-json\/wp\/v2\/types\/post"}],"author":[{"embeddable":true,"href":"https:\/\/www.europesays.com\/fr\/wp-json\/wp\/v2\/users\/2"}],"replies":[{"embeddable":true,"href":"https:\/\/www.europesays.com\/fr\/wp-json\/wp\/v2\/comments?post=171765"}],"version-history":[{"count":0,"href":"https:\/\/www.europesays.com\/fr\/wp-json\/wp\/v2\/posts\/171765\/revisions"}],"wp:featuredmedia":[{"embeddable":true,"href":"https:\/\/www.europesays.com\/fr\/wp-json\/wp\/v2\/media\/171766"}],"wp:attachment":[{"href":"https:\/\/www.europesays.com\/fr\/wp-json\/wp\/v2\/media?parent=171765"}],"wp:term":[{"taxonomy":"category","embeddable":true,"href":"https:\/\/www.europesays.com\/fr\/wp-json\/wp\/v2\/categories?post=171765"},{"taxonomy":"post_tag","embeddable":true,"href":"https:\/\/www.europesays.com\/fr\/wp-json\/wp\/v2\/tags?post=171765"}],"curies":[{"name":"wp","href":"https:\/\/api.w.org\/{rel}","templated":true}]}}