{"id":171767,"date":"2025-06-12T21:32:11","date_gmt":"2025-06-12T21:32:11","guid":{"rendered":"https:\/\/www.europesays.com\/fr\/171767\/"},"modified":"2025-06-12T21:32:11","modified_gmt":"2025-06-12T21:32:11","slug":"des-astronomes-reperent-une-sphere-etrangement-parfaite-a-des-milliers-dannees-lumiere-mais-il-y-a-un-hic","status":"publish","type":"post","link":"https:\/\/www.europesays.com\/fr\/171767\/","title":{"rendered":"Des astronomes rep\u00e8rent une sph\u00e8re \u00e9trangement parfaite \u00e0 des milliers d&rsquo;ann\u00e9es-lumi\u00e8re&#8230; Mais il y a un hic !"},"content":{"rendered":"<p class=\"\" data-start=\"500\" data-end=\"885\">C\u2019est une d\u00e9couverte<br \/>\naussi rare que fascinante : des astronomes viennent d\u2019identifier un<br \/>\nr\u00e9manent de <a href=\"https:\/\/sciencepost.fr\/des-chercheurs-prevoient-une-supernova-geante-a-150-annees-lumiere-un-choc-stellaire-majeur-a-venir\/\" target=\"_blank\" rel=\"noopener nofollow\">supernova<\/a> (SNR) d\u2019une sym\u00e9trie<br \/>\nquasi parfaite, baptis\u00e9 Telios, aux abords de la Voie lact\u00e9e. Rep\u00e9r\u00e9 gr\u00e2ce au<br \/>\nradiot\u00e9lescope australien ASKAP, ce vestige d\u2019explosion stellaire<br \/>\nsoul\u00e8ve aujourd\u2019hui de nombreuses questions quant \u00e0 son origine, sa<br \/>\nnature\u2026 et m\u00eame sa distance exacte.<\/p>\n<p class=\"\" data-start=\"887\" data-end=\"1252\">Telios \u2013 un nom<br \/>\ninspir\u00e9 du grec ancien signifiant \u00ab parfait \u00bb \u2013 a \u00e9t\u00e9 d\u00e9tect\u00e9 dans<br \/>\nle cadre du projet de Carte<br \/>\n\u00c9volutionnaire de l\u2019Univers (EMU), visant \u00e0 dresser une<br \/>\ncartographie radio du ciel austral. Ce nuage de gaz en expansion<br \/>\ncorrespond \u00e0 ce qu\u2019il reste d\u2019une \u00e9toile ayant explos\u00e9 en<br \/>\nsupernova, ph\u00e9nom\u00e8ne cataclysmique parmi les plus puissants de<br \/>\nl\u2019univers.<\/p>\n<p>Une forme exceptionnellement<br \/>\nsym\u00e9trique<\/p>\n<p class=\"\" data-start=\"1299\" data-end=\"1734\">Si les r\u00e9manents de<br \/>\nsupernova sont souvent sph\u00e9riques dans leurs grandes lignes, rares<br \/>\nsont ceux qui conservent une sym\u00e9trie aussi nette que celle<br \/>\nobserv\u00e9e ici. \u00ab Telios<br \/>\npr\u00e9sente une circularit\u00e9 remarquable, ce qui en fait l\u2019un des<br \/>\nr\u00e9manents galactiques les plus sym\u00e9triques jamais d\u00e9couverts<br \/>\n\u00bb, <a href=\"https:\/\/arxiv.org\/abs\/2505.04041\" target=\"_blank\" rel=\"noopener nofollow\">\u00e9crivent<\/a> les chercheurs dans leur \u00e9tude, accept\u00e9e<br \/>\npour publication dans la revue Publications of the Astronomical Society of<br \/>\nAustralia.<\/p>\n<p class=\"\" data-start=\"1736\" data-end=\"2110\">Cette r\u00e9gularit\u00e9 dans<br \/>\nla forme pourrait indiquer que le r\u00e9manent est relativement jeune,<br \/>\nn\u2019ayant pas encore subi les effets de distorsion caus\u00e9s par le<br \/>\nmilieu interstellaire ou par d\u2019autres ph\u00e9nom\u00e8nes astrophysiques.<br \/>\nToutefois, un tel niveau de sym\u00e9trie pourrait aussi r\u00e9sulter de<br \/>\nconditions d\u2019explosion particuli\u00e8rement homog\u00e8nes, ce qui serait,<br \/>\nl\u00e0 aussi, atypique.<\/p>\n<p>Un objet difficile \u00e0<br \/>\nsituer<\/p>\n<p class=\"\" data-start=\"2112\" data-end=\"2143\">Autre source<br \/>\nd\u2019incertitude : la faible luminosit\u00e9 de Telios. Elle complique<br \/>\ns\u00e9rieusement l\u2019estimation de sa distance par rapport \u00e0 la Terre, et<br \/>\npar cons\u00e9quent, de sa taille r\u00e9elle. Les chercheurs estiment qu\u2019il<br \/>\nse situe entre 7 000 et 25 000 ann\u00e9es-lumi\u00e8re, et pourrait ainsi<br \/>\nmesurer entre 46 et 156 ann\u00e9es-lumi\u00e8re de diam\u00e8tre.<\/p>\n<p class=\"\" data-start=\"2494\" data-end=\"2759\">L\u2019objet a \u00e9galement<br \/>\n\u00e9t\u00e9 rep\u00e9r\u00e9 en dehors du plan galactique, une r\u00e9gion moins dense que<br \/>\nle disque central o\u00f9 se trouvent la majorit\u00e9 des \u00e9toiles de la Voie<br \/>\nlact\u00e9e, y compris notre Soleil. Ce positionnement renforce les<br \/>\ndifficult\u00e9s \u00e0 en \u00e9tablir l\u2019origine exacte.<\/p>\n<p><img loading=\"lazy\" data-lazyloaded=\"1\" decoding=\"async\" class=\"size-full wp-image-310730\" src=\"https:\/\/www.europesays.com\/fr\/wp-content\/uploads\/2025\/06\/VFx29ogJxwCCJ5XFE2j5JB-970-80.jpg.webp.webp\" alt=\"sph\u00e8re Telios\" width=\"970\" height=\"1042\"  data-\/><br \/>\nImages de la nouvelle \u00e9tude montrant approximativement o\u00f9 se<br \/>\ntrouvait Telios. Cr\u00e9dit image : Filipovi\u0107 et al., arXiv,<br \/>\n2025Quelle supernova \u00e0 l\u2019origine<br \/>\n?<\/p>\n<p class=\"\" data-start=\"2797\" data-end=\"3006\">En l\u2019absence de noyau<br \/>\nr\u00e9siduel identifiable \u2013 tel qu\u2019une \u00e9toile \u00e0 neutrons ou un pulsar \u2013<br \/>\nles astronomes s\u2019interrogent sur le type de supernova \u00e0 l\u2019origine<br \/>\nde Telios. Deux sc\u00e9narios principaux sont envisag\u00e9s :<\/p>\n<ul data-start=\"3008\" data-end=\"3208\">\n<li class=\"\" data-start=\"3008\" data-end=\"3098\">\n<p class=\"\" data-start=\"3010\" data-end=\"3098\">Une supernova \u00e0<br \/>\neffondrement de c\u0153ur, r\u00e9sultant de l\u2019implosion d\u2019une \u00e9toile<br \/>\nmassive.<\/p>\n<\/li>\n<li class=\"\" data-start=\"3099\" data-end=\"3208\">\n<p class=\"\" data-start=\"3101\" data-end=\"3208\">Une supernova de type<br \/>\nIa, provoqu\u00e9e par l\u2019explosion d\u2019une naine blanche ayant accumul\u00e9<br \/>\ntrop de mati\u00e8re.<\/p>\n<\/li>\n<\/ul>\n<p class=\"\" data-start=\"3210\" data-end=\"3530\">Le second sc\u00e9nario<br \/>\nsemble plus probable, notamment en raison de la raret\u00e9 des \u00e9toiles<br \/>\nmassives en dehors du plan galactique. Mais \u00e0 ce stade, aucune<br \/>\npreuve directe ne permet de trancher avec certitude. Les auteurs<br \/>\nappellent \u00e0 des observations plus sensibles et \u00e0 plus haute<br \/>\nr\u00e9solution pour approfondir l\u2019analyse.<\/p>\n<p>Un cas rare mais pas<br \/>\nunique<\/p>\n<p class=\"\" data-start=\"3565\" data-end=\"3897\">Des r\u00e9manents<br \/>\npr\u00e9sentant une forme quasi parfaite ont d\u00e9j\u00e0 \u00e9t\u00e9 observ\u00e9s dans<br \/>\nd\u2019autres galaxies proches, notamment dans les Nuages de Magellan,<br \/>\ndeux galaxies satellites de la Voie lact\u00e9e. Parmi eux, les c\u00e9l\u00e8bres<br \/>\nSN1987A et MC SNR J0509\u2013673, ou encore SNR J0624\u20136948, d\u00e9couvert en<br \/>\n2024 dans le Grand Nuage de Magellan.<\/p>\n<p class=\"\" data-start=\"3899\" data-end=\"4096\">Mais la d\u00e9couverte de<br \/>\nTelios dans notre propre galaxie, et dans une r\u00e9gion aussi \u00e9loign\u00e9e<br \/>\ndu plan galactique, le rend particuli\u00e8rement pr\u00e9cieux pour l\u2019\u00e9tude<br \/>\ndes supernovas rares et sym\u00e9triques.<\/p>\n<p class=\"\" data-start=\"4123\" data-end=\"4527\">La d\u00e9couverte de<br \/>\nTelios rappelle que l\u2019univers, malgr\u00e9 les milliards d\u2019objets d\u00e9j\u00e0<br \/>\ncartographi\u00e9s, conserve encore une part importante de myst\u00e8re. En<br \/>\nr\u00e9v\u00e9lant un r\u00e9manent d\u2019une perfection g\u00e9om\u00e9trique presque<br \/>\ntroublante, cette trouvaille ouvre une nouvelle fen\u00eatre sur les<br \/>\ndynamiques des explosions stellaires, et sur la diversit\u00e9 des<br \/>\nph\u00e9nom\u00e8nes \u00e0 l\u2019\u0153uvre dans les r\u00e9gions moins explor\u00e9es de notre<br \/>\ngalaxie.<\/p>\n","protected":false},"excerpt":{"rendered":"C\u2019est une d\u00e9couverte aussi rare que fascinante : des astronomes viennent d\u2019identifier un r\u00e9manent de supernova (SNR) d\u2019une&hellip;\n","protected":false},"author":2,"featured_media":171768,"comment_status":"","ping_status":"","sticky":false,"template":"","format":"standard","meta":{"footnotes":""},"categories":[7],"tags":[1011,27,43,40,41,39,42,44],"class_list":{"0":"post-171767","1":"post","2":"type-post","3":"status-publish","4":"format-standard","5":"has-post-thumbnail","7":"category-sciences-et-technologies","8":"tag-fr","9":"tag-france","10":"tag-science","11":"tag-science-and-technology","12":"tag-sciences","13":"tag-sciences-et-technologies","14":"tag-technologies","15":"tag-technology"},"share_on_mastodon":{"url":"https:\/\/pubeurope.com\/@fr\/114672536551232315","error":""},"_links":{"self":[{"href":"https:\/\/www.europesays.com\/fr\/wp-json\/wp\/v2\/posts\/171767","targetHints":{"allow":["GET"]}}],"collection":[{"href":"https:\/\/www.europesays.com\/fr\/wp-json\/wp\/v2\/posts"}],"about":[{"href":"https:\/\/www.europesays.com\/fr\/wp-json\/wp\/v2\/types\/post"}],"author":[{"embeddable":true,"href":"https:\/\/www.europesays.com\/fr\/wp-json\/wp\/v2\/users\/2"}],"replies":[{"embeddable":true,"href":"https:\/\/www.europesays.com\/fr\/wp-json\/wp\/v2\/comments?post=171767"}],"version-history":[{"count":0,"href":"https:\/\/www.europesays.com\/fr\/wp-json\/wp\/v2\/posts\/171767\/revisions"}],"wp:featuredmedia":[{"embeddable":true,"href":"https:\/\/www.europesays.com\/fr\/wp-json\/wp\/v2\/media\/171768"}],"wp:attachment":[{"href":"https:\/\/www.europesays.com\/fr\/wp-json\/wp\/v2\/media?parent=171767"}],"wp:term":[{"taxonomy":"category","embeddable":true,"href":"https:\/\/www.europesays.com\/fr\/wp-json\/wp\/v2\/categories?post=171767"},{"taxonomy":"post_tag","embeddable":true,"href":"https:\/\/www.europesays.com\/fr\/wp-json\/wp\/v2\/tags?post=171767"}],"curies":[{"name":"wp","href":"https:\/\/api.w.org\/{rel}","templated":true}]}}