{"id":171776,"date":"2025-06-12T21:37:15","date_gmt":"2025-06-12T21:37:15","guid":{"rendered":"https:\/\/www.europesays.com\/fr\/171776\/"},"modified":"2025-06-12T21:37:15","modified_gmt":"2025-06-12T21:37:15","slug":"la-peur-doit-changer-de-camp","status":"publish","type":"post","link":"https:\/\/www.europesays.com\/fr\/171776\/","title":{"rendered":"La peur doit changer de camp"},"content":{"rendered":"<p>            Par<br \/>\n        <strong><br \/>\n            <a href=\"https:\/\/actu.fr\/auteur\/julien-sournies\" title=\"Consulter tous les articles de Julien Sournies\" target=\"_blank\" rel=\"noopener\">Julien Sournies<\/a><br \/>\n        <\/strong><\/p>\n<p>        Publi\u00e9 le<\/p>\n<p>            12 juin 2025 \u00e0 18h14        <\/p>\n<p>Il n\u2019a pas h\u00e9sit\u00e9 \u00e0 taper du poing sur la table. Face \u00e0 une \u00ab\u2009mont\u00e9e grandissante des actes de d\u00e9linquance\u2009\u00bb dans la commune de Villars (<a href=\"https:\/\/actu.fr\/auvergne-rhone-alpes\/loire_42\" target=\"_blank\" rel=\"noopener\">Loire<\/a>), pr\u00e8s de <a href=\"https:\/\/actu.fr\/saint-etienne\/\" target=\"_blank\" rel=\"noopener\">Saint-\u00c9tienne<\/a>, Jordan Da Silva, a organis\u00e9 un conseil municipal exceptionnel ce mardi 10\u00a0juin 2025 pour tenter de <strong>lutter contre l\u2019ins\u00e9curit\u00e9<\/strong>. Car selon le maire, la situation est devenue \u00ab\u2009presque invivable\u2009\u00bb depuis quelque temps.<\/p>\n<p>\u00ab\u2009Ils ne peuvent plus rien faire librement\u2009\u00bb<\/p>\n<p class=\" wall-content\">\u00ab\u2009En l\u2019espace d\u2019un an, la d\u00e9linquance a <strong>augment\u00e9 de 14\u2009%<\/strong>. C\u2019est \u00e9norme\u2009\u00bb, d\u00e9plore Jordan Da Silva, contact\u00e9 par la r\u00e9daction. Au sein de la commune au quelque 7\u2009000\u00a0habitants, les cambriolages, les vols d\u2019accessoires et de voitures sont devenus l\u00e9gion.<\/p>\n<blockquote class=\"ac-article-quote wall-content\">\n<p>Un certain nombre de Villardaires m&rsquo;ont sollicit\u00e9 sur ce sujet car ils se sentent de plus en plus en ins\u00e9curit\u00e9. Ils ne peuvent plus rien faire librement et ne veulent plus vivre dans ces conditions.<\/p>\n<p>    <strong>Jordan Da Silva<\/strong><br \/>\n        Maire de Villars    <\/p><\/blockquote>\n<p class=\" wall-content\">Si l\u2019\u00e9dile souhaite, entre autres, rallumer l\u2019\u00e9clairage public durant la nuit, relancer le dispositif \u00ab\u2009Voisins vigilants\u2009\u00bb ou encore installer de nouvelles cam\u00e9ras de vid\u00e9oprotection, la principale mesure voulue par la municipalit\u00e9 concerne la mise en service d\u2019une <strong>entreprise de s\u00e9curit\u00e9 priv\u00e9e<\/strong>. L\u2019objectif\u2009: mettre en place une patrouille mobile les nuits sur le domaine public.<\/p>\n<p class=\" wall-content\">\u00ab\u2009Pendant ce temps, les effectifs de la police municipale pourront pleinement se concentrer sur la s\u00e9curit\u00e9 au sein des quartiers en apr\u00e8s-midi et en soir\u00e9e. Les missions non prioritaires seront quant \u00e0 elles ajourn\u00e9es\u2009\u00bb, pr\u00e9cise Jordan Da Silva.<\/p>\n<p>L&rsquo;opposition monte au front<\/p>\n<p>\u00c0 l&rsquo;issue du conseil municipal, les \u00e9lus d&rsquo;opposition se sont fendus d&rsquo;un communiqu\u00e9 en \u00e9mettant de nombreuses interrogations. D&rsquo;abord, concernant la mise en place d&rsquo;une entreprise de s\u00e9curit\u00e9 priv\u00e9e, les \u00e9lus rappellent notamment que \u00ab\u00a0des agents de s\u00e9curit\u00e9 priv\u00e9e ne peuvent pas patrouiller sur la voie publique. Il s\u2019agit d\u2019une pr\u00e9rogative de puissance publique r\u00e9serv\u00e9e aux collectivit\u00e9s territoriales et \u00e0 l\u2019\u00c9tat. C&rsquo;est de la d\u00e9sinformation aux yeux des villardaires\u00a0\u00bb.<\/p>\n<p>Quant \u00e0 la remise en marche des \u00e9clairages publics, l&rsquo;opposition regrette \u00ab\u00a0un m\u00e9pris des \u00e9conomies r\u00e9alis\u00e9es et du geste important pour l&rsquo;environnement\u00a0\u00bb. Pour l&rsquo;installation de nouvelles cam\u00e9ras ? \u00ab\u00a0Les faits sur Villars sont anciens et nous esp\u00e9rions avant que vous auriez gagn\u00e9 du temps en vous posant cette question avant. Maintenant, c&rsquo;est trop tard\u00a0\u00bb.<\/p>\n<p>Et les \u00e9lus de conclure : \u00ab\u00a0Nous attendons mieux de vous, pas simplement de rallumer la lumi\u00e8re et d&rsquo;\u00e9crire aux autorit\u00e9s. Il faut prendre des initiatives fortes et mobiliser les moyens communaux, \u00e0 la fois en mati\u00e8re d&rsquo;influence que de personnels. Comblez les postes vacants, faites \u00e9tudier les donn\u00e9es, voyez ce qui se fait ailleurs.\u00a0\u00bb<\/p>\n<p>\u00ab\u2009Il faut que les malfaiteurs aient peur de passer \u00e0 l\u2019acte\u2009\u00bb<\/p>\n<p class=\" wall-content\">De surcro\u00eet, si aucun point de deal fixe n\u2019est, pour l\u2019heure, officiellement recens\u00e9 sur Villars, l\u2019\u00e9dile indique que \u00ab\u2009de nombreux habitants m\u2019en parlent r\u00e9guli\u00e8rement. Il m\u2019arrive parfois d\u2019\u00eatre oblig\u00e9 de solliciter les forces de l\u2019ordre pour les faire d\u00e9guerpir. C\u2019est pour \u00e7a qu\u2019une patrouille de nuit peut-\u00eatre utile\u2009\u00bb.<\/p>\n<blockquote class=\"ac-article-quote wall-content\">\n<p>En tout cas, l&rsquo;id\u00e9e de cette mesure c&rsquo;est que les malfaiteurs n&rsquo;aient plus la possibilit\u00e9 de commettre leurs actes en toute impunit\u00e9. Il nous faut donc utiliser tous les moyens qui sont \u00e0 notre port\u00e9e.<\/p>\n<p>    <strong>Jordan Da Silva<\/strong><br \/>\n        Maire de Villars    <\/p><\/blockquote>\n<p class=\" wall-content\">S\u2019il n\u2019a encore aucune certitude quant \u00e0 la mise en place de cette mesure phare, puisque la pr\u00e9fecture de la Loire<strong> doit donner son feu vert<\/strong>, Jordan Da Silva mise beaucoup dessus. \u00ab\u2009Celle-ci comme toutes les autres vont permettre \u00e0 ce que tout le monde se sent plus en s\u00e9curit\u00e9. Il faut que les malfaiteurs aient peur de passer \u00e0 l\u2019acte. La peur doit changer de camp.\u2009\u00bb<\/p>\n<p class=\" wall-content\">Quant aux autres mesures vot\u00e9es en conseil municipal, l\u2019\u00e9dile annonce qu\u2019elles vont \u00ab\u2009prochainement \u00eatre formul\u00e9es aupr\u00e8s du gouvernement\u2009\u00bb.<\/p>\n<p class=\" wall-content\">Suivez toute l\u2019actualit\u00e9 de vos villes et m\u00e9dias favoris en vous inscrivant \u00e0 <a href=\"https:\/\/moncompte.actu.fr\" title=\"D\u00e9couvez Mon Actu\" rel=\"nofollow noopener\" data-trk=\"{&quot;cta&quot;:{&quot;action&quot;:&quot;https:\\\/\\\/moncompte.actu.fr&quot;,&quot;category&quot;:&quot;mon compte&quot;,&quot;from&quot;:&quot;article footer&quot;,&quot;name&quot;:&quot;Mon actu&quot;,&quot;type&quot;:&quot;cta&quot;}}\" target=\"_blank\">Mon Actu<\/a>.<\/p>\n","protected":false},"excerpt":{"rendered":"Par Julien Sournies Publi\u00e9 le 12 juin 2025 \u00e0 18h14 Il n\u2019a pas h\u00e9sit\u00e9 \u00e0 taper du poing&hellip;\n","protected":false},"author":2,"featured_media":171777,"comment_status":"","ping_status":"","sticky":false,"template":"","format":"standard","meta":{"footnotes":""},"categories":[9653],"tags":[1111,11,2430,1777,674,1011,27,2825,12,25,4001,104],"class_list":{"0":"post-171776","1":"post","2":"type-post","3":"status-publish","4":"format-standard","5":"has-post-thumbnail","7":"category-saint-etienne","8":"tag-actu","9":"tag-actualites","10":"tag-auvergne-rhone-alpes","11":"tag-eu","12":"tag-europe","13":"tag-fr","14":"tag-france","15":"tag-insecurite","16":"tag-news","17":"tag-republique-francaise","18":"tag-saint-etienne","19":"tag-societe"},"share_on_mastodon":{"url":"https:\/\/pubeurope.com\/@fr\/114672556037311443","error":""},"_links":{"self":[{"href":"https:\/\/www.europesays.com\/fr\/wp-json\/wp\/v2\/posts\/171776","targetHints":{"allow":["GET"]}}],"collection":[{"href":"https:\/\/www.europesays.com\/fr\/wp-json\/wp\/v2\/posts"}],"about":[{"href":"https:\/\/www.europesays.com\/fr\/wp-json\/wp\/v2\/types\/post"}],"author":[{"embeddable":true,"href":"https:\/\/www.europesays.com\/fr\/wp-json\/wp\/v2\/users\/2"}],"replies":[{"embeddable":true,"href":"https:\/\/www.europesays.com\/fr\/wp-json\/wp\/v2\/comments?post=171776"}],"version-history":[{"count":0,"href":"https:\/\/www.europesays.com\/fr\/wp-json\/wp\/v2\/posts\/171776\/revisions"}],"wp:featuredmedia":[{"embeddable":true,"href":"https:\/\/www.europesays.com\/fr\/wp-json\/wp\/v2\/media\/171777"}],"wp:attachment":[{"href":"https:\/\/www.europesays.com\/fr\/wp-json\/wp\/v2\/media?parent=171776"}],"wp:term":[{"taxonomy":"category","embeddable":true,"href":"https:\/\/www.europesays.com\/fr\/wp-json\/wp\/v2\/categories?post=171776"},{"taxonomy":"post_tag","embeddable":true,"href":"https:\/\/www.europesays.com\/fr\/wp-json\/wp\/v2\/tags?post=171776"}],"curies":[{"name":"wp","href":"https:\/\/api.w.org\/{rel}","templated":true}]}}