{"id":17179,"date":"2025-04-11T11:37:07","date_gmt":"2025-04-11T11:37:07","guid":{"rendered":"https:\/\/www.europesays.com\/fr\/17179\/"},"modified":"2025-04-11T11:37:07","modified_gmt":"2025-04-11T11:37:07","slug":"les-brocantes-et-vide-greniers-organises-a-paris-et-en-ile-de-france-ces-samedi-12-et-dimanche-13-avril","status":"publish","type":"post","link":"https:\/\/www.europesays.com\/fr\/17179\/","title":{"rendered":"Les brocantes et vide-greniers organis\u00e9s \u00e0 Paris et en \u00cele-de-France ces samedi 12 et dimanche 13 avril"},"content":{"rendered":"<p>            Par<br \/>\n        <strong><br \/>\n            <a href=\"https:\/\/actu.fr\/auteur\/redaction-paris\" title=\"Consulter tous les articles de R\u00e9daction Paris\" rel=\"nofollow noopener\" target=\"_blank\">R\u00e9daction Paris<\/a><br \/>\n        <\/strong><\/p>\n<p>        Publi\u00e9 le<\/p>\n<p>            11 avr. 2025 \u00e0 11h32        <\/p>\n<p>La <a href=\"https:\/\/actu.fr\/paris\/meteo\" rel=\"nofollow noopener\" target=\"_blank\">m\u00e9t\u00e9o<\/a> ne sera pas forc\u00e9ment de la partie ce week-end avec un <a href=\"https:\/\/actu.fr\/ile-de-france\/paris_75056\/meteo-a-paris-et-en-ile-de-france-un-revirement-complet-a-prevoir-dans-le-ciel-a-partir-de-ce-week-end_62490649.html\" rel=\"nofollow noopener\" target=\"_blank\">revirement complet \u00e0 pr\u00e9voir dans le ciel<\/a>, mais il sera quand m\u00eame possible de <strong>chiner \u00e0 Paris et en \u00cele-de-France<\/strong>. Samedi 12 et dimanche 13 avril 2025, plusieurs <a href=\"https:\/\/actu.fr\/tag\/vide-greniers\" rel=\"nofollow noopener\" target=\"_blank\">vide-greniers<\/a> et <a href=\"https:\/\/actu.fr\/tag\/brocante\" rel=\"nofollow noopener\" target=\"_blank\">brocantes<\/a>\u00a0 sont organis\u00e9s dans la r\u00e9gion. Voici les \u00e9v\u00e9nements pr\u00e9vus en \u00cele-de-France mais \u00e9galement dans certains d\u00e9partements limitrophes.\u00a0<\/p>\n<p>Les brocantes du samedi 12 avril\u00a0<\/p>\n<ul class=\" wall-content\">\n<li>Bar-sur-Seine (Aube) :\u00a0 Bourse de collections et brocante 7h-17h Entr\u00e9e gratuite. Rue Charles Moreau. 15 exp. (PR\/PA). T\u00e9l. 06 03 26 67 98. Ext.<\/li>\n<li>Paris 15e : Salon du livre rare, ancien, de l\u2019iconographie et des vieux papiers 11h-18h le 11, 10h-18h les 12 et 13 Entr\u00e9e gratuite. 104 rue Briancion, halles du bas et aux Chevaux Ren\u00e9 Froment. 20 exp. (PR). T\u00e9l. 06 18 71 03 67 ou 06 63 62 92 19. Ext.<\/li>\n<li>Othis (Seine-et-Marne) : Vide-greniers 9h-18h Entr\u00e9e gratuite. 44 rue Pierre-Augustin Caron de Beaumarchais. 4 exp. (PA). T\u00e9l. 06 08 11 16 66. Int.<\/li>\n<li>Avallon (Aube) :\u00a0 Brocante Tous les 2e samedis et dimanches. 66 rue de Lyon. (PR). T\u00e9l. 09 51 79 87 53<\/li>\n<\/ul>\n<p>Les brocantes du dimanche 13 avril<\/p>\n<ul class=\" wall-content\">\n<li>Bar-sur-Seine (Aube) :\u00a0 Bourse de collections et brocante 7h-17h Entr\u00e9e gratuite. Rue Charles Moreau. 15 exp. (PR\/PA). T\u00e9l. 06 03 26 67 98. Ext.<\/li>\n<li>Chambly (Oise). Bourse toutes collections 9h-17h Entr\u00e9e gratuite. Gymnase Aristide Briand, avenue Aristide Briand. 42 exp. (PR\/PA). T\u00e9l. 06 02 39 99 35 ou 06 89 80 33 48. Int.<\/li>\n<li>Coudun (Oise). Brocante et vide-greniers 7h-18h Entr\u00e9e gratuite. Place du G\u00e9n\u00e9ral de Gaulle et route de Villers. 120 exp. (PR\/PA\/Hab). T\u00e9l. 03 44 83 16 88 ou 06 62 91 51 52. Ext.<br \/>Plailly (Oise) :\u00a0 Bourse des collectionneurs, timbres, cartes postales et muselets.\u00a0 Tous les dimanches. 8h-10h30 Entr\u00e9e gratuite. 2 rue Georges Bouchard. 10 exp. (PA). T\u00e9l. 03 44 54 30 21. Int.<\/li>\n<li>Paris 15e : Salon du livre rare, ancien, de l\u2019iconographie et des vieux papiers 11h-18h le 11, 10h-18h les 12 et 13 Entr\u00e9e gratuite. 104 rue Briancion, halles du bas et aux Chevaux Ren\u00e9 Froment. 20 exp. (PR). T\u00e9l. 06 18 71 03 67 ou 06 63 62 92 19. Ext.<\/li>\n<li>Montcourt-Fromanville (Seine-et-Marne). Brocante et vide-greniers 6h30-18h Entr\u00e9e gratuite. Parc du ch\u00e2teau, route de Moret. 100 exp. (PR\/PA). T\u00e9l. 06 98 85 05 50. Ext.<\/li>\n<li>Othis (Seine-et-Marne). Vide-greniers 9h-18h Entr\u00e9e gratuite. 44 rue Pierre-Augustin Caron de Beaumarchais. 4 exp. (PA). T\u00e9l. 06 08 11 16 66. Int.<\/li>\n<li>Avallon (Aube). Brocante Tous les 2e samedis et dimanches. 66 rue de Lyon. (PR). T\u00e9l. 09 51 79 87 53.<\/li>\n<li>Rouvray (Yonne).\u00a0 Vide-greniers 6h-18h Entr\u00e9e gratuite. Grande rue. 130 exp. (PA\/Hab). Ext.<\/li>\n<li>Sagy (Val-d\u2019Oise). Brocante et vide-greniers 8h-19h Entr\u00e9e gratuite. Grand\u2019Place et rues attenantes. 200 exp. (PR\/PA). T\u00e9l. 01 34 66 39 40. Ext.<\/li>\n<\/ul>\n<p class=\" wall-content\">Suivez toute l\u2019actualit\u00e9 de vos villes et m\u00e9dias favoris en vous inscrivant \u00e0 <a href=\"https:\/\/moncompte.actu.fr\" title=\"D\u00e9couvez Mon Actu\" rel=\"nofollow noopener\" data-trk=\"{&quot;cta&quot;:{&quot;action&quot;:&quot;https:\\\/\\\/moncompte.actu.fr&quot;,&quot;category&quot;:&quot;mon compte&quot;,&quot;from&quot;:&quot;article footer&quot;,&quot;name&quot;:&quot;Mon actu&quot;,&quot;type&quot;:&quot;cta&quot;}}\" target=\"_blank\">Mon Actu<\/a>.<\/p>\n","protected":false},"excerpt":{"rendered":"Par R\u00e9daction Paris Publi\u00e9 le 11 avr. 2025 \u00e0 11h32 La m\u00e9t\u00e9o ne sera pas forc\u00e9ment de la&hellip;\n","protected":false},"author":2,"featured_media":17180,"comment_status":"","ping_status":"","sticky":false,"template":"","format":"standard","meta":{"footnotes":""},"categories":[1888],"tags":[11,6961,1777,674,1011,27,1652,12,626,25,3365],"class_list":{"0":"post-17179","1":"post","2":"type-post","3":"status-publish","4":"format-standard","5":"has-post-thumbnail","7":"category-paris","8":"tag-actualites","9":"tag-brocante","10":"tag-eu","11":"tag-europe","12":"tag-fr","13":"tag-france","14":"tag-loisirs-culture","15":"tag-news","16":"tag-paris","17":"tag-republique-francaise","18":"tag-vide-greniers"},"share_on_mastodon":{"url":"https:\/\/pubeurope.com\/@fr\/114319133460223104","error":""},"_links":{"self":[{"href":"https:\/\/www.europesays.com\/fr\/wp-json\/wp\/v2\/posts\/17179","targetHints":{"allow":["GET"]}}],"collection":[{"href":"https:\/\/www.europesays.com\/fr\/wp-json\/wp\/v2\/posts"}],"about":[{"href":"https:\/\/www.europesays.com\/fr\/wp-json\/wp\/v2\/types\/post"}],"author":[{"embeddable":true,"href":"https:\/\/www.europesays.com\/fr\/wp-json\/wp\/v2\/users\/2"}],"replies":[{"embeddable":true,"href":"https:\/\/www.europesays.com\/fr\/wp-json\/wp\/v2\/comments?post=17179"}],"version-history":[{"count":0,"href":"https:\/\/www.europesays.com\/fr\/wp-json\/wp\/v2\/posts\/17179\/revisions"}],"wp:featuredmedia":[{"embeddable":true,"href":"https:\/\/www.europesays.com\/fr\/wp-json\/wp\/v2\/media\/17180"}],"wp:attachment":[{"href":"https:\/\/www.europesays.com\/fr\/wp-json\/wp\/v2\/media?parent=17179"}],"wp:term":[{"taxonomy":"category","embeddable":true,"href":"https:\/\/www.europesays.com\/fr\/wp-json\/wp\/v2\/categories?post=17179"},{"taxonomy":"post_tag","embeddable":true,"href":"https:\/\/www.europesays.com\/fr\/wp-json\/wp\/v2\/tags?post=17179"}],"curies":[{"name":"wp","href":"https:\/\/api.w.org\/{rel}","templated":true}]}}