{"id":171790,"date":"2025-06-12T21:45:14","date_gmt":"2025-06-12T21:45:14","guid":{"rendered":"https:\/\/www.europesays.com\/fr\/171790\/"},"modified":"2025-06-12T21:45:14","modified_gmt":"2025-06-12T21:45:14","slug":"le-procureur-privilegie-la-these-dune-tentative-de-suicide-et-evoque-une-dispute-conjugale-2","status":"publish","type":"post","link":"https:\/\/www.europesays.com\/fr\/171790\/","title":{"rendered":"le procureur privil\u00e9gie la th\u00e8se d\u2019une tentative de suicide et \u00e9voque une dispute conjugale"},"content":{"rendered":"<p>Apr\u00e8s la prise de parole de l\u2019ex-footballeur Daniel Congr\u00e9, aujourd\u2019hui coordinateur sportif de l\u2019Olympique lyonnais, dans le journal <a href=\"https:\/\/www.lequipe.fr\/Football\/Actualites\/Daniel-congre-refute-la-tentative-de-suicide-et-assure-avoir-ete-victime-d-un-accident-domestique\/1569435\" target=\"_blank\" rel=\"noopener\">L\u2019\u00c9quipe<\/a> au sujet de la blessure au couteau dont il a \u00e9t\u00e9 victime le lundi 9\u00a0juin \u00e0 son domicile de P\u00e9rols, dans l\u2019H\u00e9rault, le procureur de Montpellier, Fabrice B\u00e9largent, a r\u00e9agi \u00e0 son tour <a href=\"https:\/\/www.midilibre.fr\/2025\/06\/12\/affaire-congre-elle-la-vu-prendre-un-couteau-a-steak-et-se-le-planter-dans-le-thorax-tentative-de-suicide-ou-accident-domestique-12758010.php\" target=\"_blank\" rel=\"noopener\">aupr\u00e8s de nos confr\u00e8res du Midi Libre<\/a>.<\/p>\n<p>  Le d\u00e9tail des premiers \u00e9l\u00e9ments<\/p>\n<p>Mercredi soir, Daniel Congr\u00e9 <a href=\"https:\/\/www.leprogres.fr\/faits-divers-justice\/2025\/06\/12\/blesse-par-arme-blanche-daniel-congre-coordinateur-sportif-de-l-ol-refute-la-tentative-de-suicide\" target=\"_blank\" rel=\"noopener\">avait r\u00e9fut\u00e9 toute tentative de suicide<\/a> , invoquant un accident domestique. Il venait ainsi contredire ce qui avait \u00e9t\u00e9 communiqu\u00e9 <a href=\"https:\/\/www.leparisien.fr\/sports\/football\/ligue-1\/football-inquietude-pour-daniel-congre-lancien-joueur-de-montpellier-apres-une-tentative-de-suicide-10-06-2025-FP37JAPYFNFFZHUZJGPTVXX4AA.php\" target=\"_blank\" rel=\"noopener\">par le parquet de Montpellier.<\/a><\/p>\n<p>En retour, ce jeudi apr\u00e8s-midi, Fabrice B\u00e9largent, procureur de la R\u00e9publique de Montpellier, a confirm\u00e9 que la version des faits initialement annonc\u00e9e reste, \u00e0 ce stade, celle qui ressort des premiers \u00e9l\u00e9ments de l\u2019enqu\u00eate.<\/p>\n<p>Le magistrat pr\u00e9cise qu\u2019il avait \u00ab\u00a0dans un premier temps communiqu\u00e9 de mani\u00e8re sommaire afin de pr\u00e9server au mieux la sph\u00e8re priv\u00e9e et intime de Monsieur Congr\u00e9, dans la mesure o\u00f9 le constat initial semblait faire consensus\u00a0\u00bb, mais que, devant cette nouvelle version des faits, qu\u2019il a \u00e9galement d\u00e9couverte dans la presse \u2014 Daniel Congr\u00e9 n\u2019ayant pas encore \u00e9t\u00e9 entendu par les enqu\u00eateurs ce jeudi apr\u00e8s-midi afin de pouvoir se reposer \u2014 il communique des \u00e9l\u00e9ments suppl\u00e9mentaires.<\/p>\n<p>  Une dispute conjugale<\/p>\n<p>Ainsi, d\u2019apr\u00e8s le procureur de Montpellier, c\u2019est l\u2019\u00e9pouse de Daniel Congr\u00e9 qui, \u00e0 l\u2019arriv\u00e9e des policiers primo-intervenants, leur a indiqu\u00e9 que son mari s\u2019\u00e9tait volontairement plant\u00e9 un couteau dans le thorax, des propos qu\u2019elle avait par ailleurs d\u00e9j\u00e0 mentionn\u00e9s \u00e0 l\u2019op\u00e9rateur du \u00ab\u00a018\u00a0\u00bb. Entendue plus tard, elle a ensuite \u00e9voqu\u00e9 une dispute conjugale \u00e0 l\u2019issue de laquelle, alors que Daniel Congr\u00e9 pr\u00e9parait le repas, elle l\u2019a vu prendre un couteau \u00e0 steak et se le planter dans le thorax, juste en dessous du pectoral gauche.<\/p>\n<p>De plus, le procureur pr\u00e9cise qu\u2019une voisine a indiqu\u00e9 que Mme\u00a0Congr\u00e9 \u00e9tait venue sonner \u00e0 sa porte et lui avait dit\u00a0: \u00ab\u00a0Viens vite, c\u2019est Daniel, il s\u2019est foutu un coup de couteau dans le c\u0153ur\u00a0\u00bb.<\/p>\n<p>Enfin, lors de son examen par un m\u00e9decin l\u00e9giste, Monsieur Congr\u00e9 a indiqu\u00e9 au praticien qu\u2019il s\u2019\u00e9tait lui-m\u00eame port\u00e9 un coup de couteau \u00e0 steak en r\u00e9gion thoracique ant\u00e9rieure gauche, dans ce qu\u2019il d\u00e9crit comme un geste impulsif. Fabrice B\u00e9largent pr\u00e9cise par ailleurs que l\u2019enqu\u00eate se poursuit donc en recherche des causes des blessures.<\/p>\n","protected":false},"excerpt":{"rendered":"Apr\u00e8s la prise de parole de l\u2019ex-footballeur Daniel Congr\u00e9, aujourd\u2019hui coordinateur sportif de l\u2019Olympique lyonnais, dans le journal&hellip;\n","protected":false},"author":2,"featured_media":171791,"comment_status":"","ping_status":"","sticky":false,"template":"","format":"standard","meta":{"footnotes":""},"categories":[9599],"tags":[1111,11,271,272,2757,1777,674,274,107,1011,27,2428,2756,2208,12,2680,2755,25,2429],"class_list":{"0":"post-171790","1":"post","2":"type-post","3":"status-publish","4":"format-standard","5":"has-post-thumbnail","7":"category-montpellier","8":"tag-actu","9":"tag-actualites","10":"tag-crime","11":"tag-delit-et-contravention","12":"tag-edition-lyon-villeurbanne","13":"tag-eu","14":"tag-europe","15":"tag-faits-divers-justice","16":"tag-fil-info","17":"tag-fr","18":"tag-france","19":"tag-lyon","20":"tag-lyon-bassin","21":"tag-montpellier","22":"tag-news","23":"tag-occitanie","24":"tag-ol-olympique-lyonnais-football","25":"tag-republique-francaise","26":"tag-rhone"},"share_on_mastodon":{"url":"https:\/\/pubeurope.com\/@fr\/114672587415152144","error":""},"_links":{"self":[{"href":"https:\/\/www.europesays.com\/fr\/wp-json\/wp\/v2\/posts\/171790","targetHints":{"allow":["GET"]}}],"collection":[{"href":"https:\/\/www.europesays.com\/fr\/wp-json\/wp\/v2\/posts"}],"about":[{"href":"https:\/\/www.europesays.com\/fr\/wp-json\/wp\/v2\/types\/post"}],"author":[{"embeddable":true,"href":"https:\/\/www.europesays.com\/fr\/wp-json\/wp\/v2\/users\/2"}],"replies":[{"embeddable":true,"href":"https:\/\/www.europesays.com\/fr\/wp-json\/wp\/v2\/comments?post=171790"}],"version-history":[{"count":0,"href":"https:\/\/www.europesays.com\/fr\/wp-json\/wp\/v2\/posts\/171790\/revisions"}],"wp:featuredmedia":[{"embeddable":true,"href":"https:\/\/www.europesays.com\/fr\/wp-json\/wp\/v2\/media\/171791"}],"wp:attachment":[{"href":"https:\/\/www.europesays.com\/fr\/wp-json\/wp\/v2\/media?parent=171790"}],"wp:term":[{"taxonomy":"category","embeddable":true,"href":"https:\/\/www.europesays.com\/fr\/wp-json\/wp\/v2\/categories?post=171790"},{"taxonomy":"post_tag","embeddable":true,"href":"https:\/\/www.europesays.com\/fr\/wp-json\/wp\/v2\/tags?post=171790"}],"curies":[{"name":"wp","href":"https:\/\/api.w.org\/{rel}","templated":true}]}}