{"id":171801,"date":"2025-06-12T21:54:16","date_gmt":"2025-06-12T21:54:16","guid":{"rendered":"https:\/\/www.europesays.com\/fr\/171801\/"},"modified":"2025-06-12T21:54:16","modified_gmt":"2025-06-12T21:54:16","slug":"les-gens-en-viennent-aux-mains-la-mairie-de-strasbourg-va-revoir-cette-piste-cyclable-sous-le-feu-des-critiques","status":"publish","type":"post","link":"https:\/\/www.europesays.com\/fr\/171801\/","title":{"rendered":"\u00ab\u00a0Les gens en viennent aux mains\u00a0\u00bb : la mairie de Strasbourg va revoir cette piste cyclable sous le feu des critiques"},"content":{"rendered":"<ul class=\"jsx-862013697 ArticleChapo__List\">\n<li class=\"jsx-862013697 ArticleChapo__List_Item flex\">\u00c0 Strasbourg, une nouvelle piste cyclable crispe les usagers de la route.<\/li>\n<li class=\"jsx-862013697 ArticleChapo__List_Item flex\">Aux heures d&rsquo;affluence, elle provoque bouchons et tensions.<\/li>\n<li class=\"jsx-862013697 ArticleChapo__List_Item flex\">Face aux nombreuses r\u00e9actions, la mairie a d\u00e9cid\u00e9 de faire marche arri\u00e8re.<\/li>\n<\/ul>\n<p><a href=\"https:\/\/www.tf1info.fr\/emissions\/tf1\/le-13h-10927\/\" rel=\"noopener\" class=\"jsx-484472199 Link jsx-1428418400 jsx-640816507\" target=\"_blank\"><\/p>\n<p style=\"font-weight:400\" class=\"jsx-1837267516\">Suivez la couverture compl\u00e8te<\/p>\n<p style=\"font-weight:800\" class=\"jsx-1837267516\">Le 13H<\/p>\n<p><\/a><\/p>\n<p data-module=\"article-paragraph\" class=\"jsx-3046738180 Paragraph Paragraph__End\">Tout le monde en parle \u00e0 Strasbourg. Jusqu&rsquo;\u00e0 il y a peu, la rue M\u00e9lanie \u00e9tait \u00e0 double sens, sur deux voies, mais d\u00e9sormais, l&rsquo;une d&rsquo;elles est d\u00e9di\u00e9e aux cyclistes. Si les espaces sur le c\u00f4t\u00e9 doivent permettre de rouler dans les deux sens, aux heures d&rsquo;affluence, l&rsquo;axe est devenu le th\u00e9\u00e2tre de sc\u00e8nes de bouchons in\u00e9dites, que les automobilistes n&rsquo;h\u00e9sitent pas \u00e0 filmer. \u00ab\u00a0C&rsquo;est pas possible\u00a0\u00bb, s&rsquo;exclame un automobiliste agac\u00e9 dans le reportage du JT de TF1 en t\u00eate de cet article. \u00ab\u00a0J&rsquo;ai ma s\u0153ur qui habite l\u00e0. Les gens en viennent aux mains, les gens r\u00e8glent la circulation\u00a0\u00bb, abonde une seconde.<\/p>\n<p data-module=\"article-paragraph\" class=\"jsx-3046738180 Paragraph Paragraph__End\">Alors qu&rsquo;il est compliqu\u00e9 selon les automobilistes de rouler dans les deux sens sur une seule voie, des sc\u00e8nes d&rsquo;infraction ont r\u00e9guli\u00e8rement lieu et certaines voitures bloqu\u00e9es empruntent la piste cyclable, comme pendant notre tournage.\u00a0<\/p>\n<p><img decoding=\"async\" src=\"https:\/\/www.europesays.com\/fr\/wp-content\/uploads\/2025\/06\/capstrasbo-1-ecf2e6-0@1x.jpeg\" alt=\"TF1\" loading=\"lazy\" importance=\"low\" fetchpriority=\"low\" class=\"\" data-module=\"article-image\"\/>TF1<a href=\"https:\/\/www.tf1info.fr\/transports\/video-temoignages-rue-melanie-quartier-robertsau-cette-nouvelle-piste-cyclable-a-strasbourg-fait-hurler-cyclistes-et-automobilistes-2372081.html\" rel=\"noopener\" class=\"jsx-3308031228 Link flex\" target=\"_blank\"><img decoding=\"async\" src=\"https:\/\/www.europesays.com\/fr\/wp-content\/uploads\/2025\/06\/cap-jt-velo-danger-strasbourg-76acc9-0@1x.jpeg\" alt=\"TF1\" loading=\"lazy\" importance=\"low\" fetchpriority=\"low\" class=\"\"\/><\/p>\n<p class=\"jsx-3657663356 ReadMoreArticle__Title\">Lire aussi<\/p>\n<p class=\"jsx-3657663356\">\u00ab\u00a0Qui a fait \u00e7a ?\u00a0\u00bb : \u00e0 Strasbourg, cette nouvelle piste cyclable fait hurler cyclistes et automobilistes<\/p>\n<p><\/a><\/p>\n<p data-module=\"article-paragraph\" class=\"jsx-3046738180 Paragraph\">M\u00eame les deux roues sont partag\u00e9s. \u00ab\u00a0C&rsquo;est exag\u00e9r\u00e9 pour ce petit bout de rue, parce qu&rsquo;\u00e0 peine on a fait une centaine de m\u00e8tres, la piste cyclable s&rsquo;arr\u00eate, \u00e7a n&rsquo;apporte pas grand-chose\u00a0\u00bb, reconnait une cycliste.<\/p>\n<p data-module=\"article-paragraph\" class=\"jsx-3046738180 Paragraph Paragraph__End\">Face aux nombreuses r\u00e9actions, la mairie a d\u00e9cid\u00e9 de faire machine arri\u00e8re et compte revoir l&rsquo;am\u00e9nagement de cette rue. \u00ab\u00a0On se rend compte qu&rsquo;on a peut-\u00eatre atteint des limites, on est peut-\u00eatre all\u00e9 dans une ambition trop grande\u00a0\u00bb, r\u00e9agit face \u00e0 notre cam\u00e9ra Marc Hoffsess, adjoint \u00e0 la mairie de Strasbourg en charge de la transformation \u00e9cologique des territoires.<\/p>\n<p>\u00ab\u00a0On est oblig\u00e9s d&rsquo;aller se garer loin\u00a0\u00bb<\/p>\n<p data-module=\"article-paragraph\" class=\"jsx-3046738180 Paragraph\">A Strasbourg comme ailleurs, ces projets pour deux roues divisent les habitants, une partie d&rsquo;entre eux d\u00e9non\u00e7ant les d\u00e9sagr\u00e9ments caus\u00e9s par les bandes cyclables. Il y a un mois pr\u00e8s de Lyon, celle que montre la suite de notre reportage a remplac\u00e9 une trentaine de places de stationnement. Et pour \u00eatre s\u00fbr qu&rsquo;on ne s&rsquo;arr\u00eate pas dessus, des bordures en b\u00e9ton d\u00e9limitent l&rsquo;espace. \u00ab\u00a0L\u00e0 par exemple, c&rsquo;est un livreur, forc\u00e9ment il est oblig\u00e9 de se mettre au milieu de la voie, alors qu&rsquo;avant il y aurait eu quelques places, on pouvait se mettre sur le c\u00f4t\u00e9\u00a0\u00bb, explique Patricia, qui vit ici depuis 13 ans et ne peut plus garer sa voiture devant chez elle. \u00ab\u00a0On est oblig\u00e9s d&rsquo;aller se garer dans des quartiers loin, faire le tour de tout le quartier, d\u00e9poser nos courses en double file\u00a0\u00bb, poursuit-elle.<\/p>\n<p data-module=\"article-paragraph\" class=\"jsx-3046738180 Paragraph Paragraph__End\">La m\u00e9tropole de Lyon assure qu&rsquo;en contrepartie, d&rsquo;autres places ont \u00e9t\u00e9 cr\u00e9\u00e9es ailleurs et qu&rsquo;il n&rsquo;y a pas moins de stationnement. Une p\u00e9tition a quand m\u00eame \u00e9t\u00e9 sign\u00e9e par 430 personnes dans l&rsquo;espoir, comme \u00e0 Strasbourg, de faire revoir cet am\u00e9nagement.<\/p>\n<p>La r\u00e9daction de TF1info Reportage | Kh\u00e9lian YOUSFI, Octavie COUCHARD et Sylvain THIZY<\/p>\n","protected":false},"excerpt":{"rendered":"\u00c0 Strasbourg, une nouvelle piste cyclable crispe les usagers de la route. Aux heures d&rsquo;affluence, elle provoque bouchons&hellip;\n","protected":false},"author":2,"featured_media":171802,"comment_status":"","ping_status":"","sticky":false,"template":"","format":"standard","meta":{"footnotes":""},"categories":[2820],"tags":[1111,11,1921,1777,674,1011,27,775,1922,5008,12,25,640,8473,133,14529],"class_list":{"0":"post-171801","1":"post","2":"type-post","3":"status-publish","4":"format-standard","5":"has-post-thumbnail","7":"category-strasbourg","8":"tag-actu","9":"tag-actualites","10":"tag-article-video","11":"tag-eu","12":"tag-europe","13":"tag-fr","14":"tag-france","15":"tag-grand-est","16":"tag-info","17":"tag-le-13h","18":"tag-news","19":"tag-republique-francaise","20":"tag-strasbourg","21":"tag-urbanisme-et-amenagement-du-territoire","22":"tag-video","23":"tag-video-regions"},"share_on_mastodon":{"url":"https:\/\/pubeurope.com\/@fr\/114672622963828038","error":""},"_links":{"self":[{"href":"https:\/\/www.europesays.com\/fr\/wp-json\/wp\/v2\/posts\/171801","targetHints":{"allow":["GET"]}}],"collection":[{"href":"https:\/\/www.europesays.com\/fr\/wp-json\/wp\/v2\/posts"}],"about":[{"href":"https:\/\/www.europesays.com\/fr\/wp-json\/wp\/v2\/types\/post"}],"author":[{"embeddable":true,"href":"https:\/\/www.europesays.com\/fr\/wp-json\/wp\/v2\/users\/2"}],"replies":[{"embeddable":true,"href":"https:\/\/www.europesays.com\/fr\/wp-json\/wp\/v2\/comments?post=171801"}],"version-history":[{"count":0,"href":"https:\/\/www.europesays.com\/fr\/wp-json\/wp\/v2\/posts\/171801\/revisions"}],"wp:featuredmedia":[{"embeddable":true,"href":"https:\/\/www.europesays.com\/fr\/wp-json\/wp\/v2\/media\/171802"}],"wp:attachment":[{"href":"https:\/\/www.europesays.com\/fr\/wp-json\/wp\/v2\/media?parent=171801"}],"wp:term":[{"taxonomy":"category","embeddable":true,"href":"https:\/\/www.europesays.com\/fr\/wp-json\/wp\/v2\/categories?post=171801"},{"taxonomy":"post_tag","embeddable":true,"href":"https:\/\/www.europesays.com\/fr\/wp-json\/wp\/v2\/tags?post=171801"}],"curies":[{"name":"wp","href":"https:\/\/api.w.org\/{rel}","templated":true}]}}