{"id":171803,"date":"2025-06-12T21:55:10","date_gmt":"2025-06-12T21:55:10","guid":{"rendered":"https:\/\/www.europesays.com\/fr\/171803\/"},"modified":"2025-06-12T21:55:10","modified_gmt":"2025-06-12T21:55:10","slug":"il-avait-menace-de-mort-anthony-borre-et-blesse-plusieurs-personnes-le-trentenaire-nicois-enfin-condamne","status":"publish","type":"post","link":"https:\/\/www.europesays.com\/fr\/171803\/","title":{"rendered":"Il avait menac\u00e9 de mort Anthony Borr\u00e9 et bless\u00e9 plusieurs personnes, le trentenaire ni\u00e7ois enfin condamn\u00e9"},"content":{"rendered":"<p>N\u00e9 en 1992 \u00e0 Nice, Amir Khalifa Amor, de nationalit\u00e9 franco-tunisienne, a comparu mercredi devant le tribunal correctionnel de Nice, seul une fois de plus, apr\u00e8s deux renvois faute d\u2019avocat. Poursuivi pour une s\u00e9rie d\u2019infractions commises entre le 22 mars et le 1er avril, quelques semaines seulement apr\u00e8s un retour en France, il s\u2019est montr\u00e9 d\u00e8s l\u2019ouverture des d\u00e9bats particuli\u00e8rement agit\u00e9.<\/p>\n<p>Menaces de mort: \u00ab\u00a0c\u2019\u00e9tait un canular\u00a0\u00bb<br \/>&#13;\n<\/p>\n<p>Une des principales affaires examin\u00e9es mercredi concerne des menaces de mort adress\u00e9es \u00e0 Anthony Borr\u00e9, premier adjoint au maire de Nice, dans une vid\u00e9o envoy\u00e9e \u00e0 ce dernier sur Instagram apr\u00e8s la fermeture administrative de l\u2019\u00e9picerie MS Market dans le quartier de La Madeleine. <\/p>\n<p>Amir Khalifa Amor minimise les faits: \u00ab\u00a0Ce n\u2019\u00e9tait qu\u2019un canular\u00a0\u00bb, r\u00e9p\u00e8te-t-il \u00e0 plusieurs reprises, interrompant sans rel\u00e2che le pr\u00e9sident Edouard Levreault. \u00ab\u00a0Je ne savais pas qui c\u2019\u00e9tait, je regrette, j\u2019avais bu deux bi\u00e8res, j\u2019\u00e9tais bourr\u00e9, je pensais que c\u2019\u00e9tait un journaliste\u00a0\u00bb, se d\u00e9fend-il.<\/p>\n<p>Le conseil de l\u2019\u00e9lu, Me Florian Lastelle, tente de lui faire comprendre la gravit\u00e9 de son acte: \u00ab\u00a0Il devient extr\u00eamement p\u00e9rilleux de servir l\u2019int\u00e9r\u00eat g\u00e9n\u00e9ral aujourd\u2019hui. C\u2019est une crise d\u00e9mocratique \u00e9pouvantable. Le champ lexical utilis\u00e9 dans la vid\u00e9o est extr\u00eamement violent et traumatisant et il ne faut en aucun cas minimiser les pr\u00e9judices\u00a0\u00bb.<\/p>\n<p>Instabilit\u00e9 psychologique<br \/>&#13;\n<\/p>\n<p>Le lendemain des faits, le pr\u00e9venu est soup\u00e7onn\u00e9 d\u2019avoir p\u00e9n\u00e9tr\u00e9 par effraction dans cette m\u00eame \u00e9picerie pour r\u00e9cup\u00e9rer sa sacoche dans laquelle se trouvaient ses passeports et, au passage, avoir pris une cigarette \u00e9lectronique et une bi\u00e8re. Tout en pr\u00e9textant \u00e0 l\u2019audience \u00ab\u00a0travailler dans ce magasin d\u2019alimentation\u00a0\u00bb.<\/p>\n<p>Des explications farfelues, mensong\u00e8res et des remords m\u00eal\u00e9s d\u2019incoh\u00e9rences. \u00ab\u00a0Il est \u00e9vident que le pr\u00e9venu pr\u00e9sente une alt\u00e9ration du discernement et je demande au tribunal de le prendre en compte\u00a0\u00bb, souligne le minist\u00e8re public repr\u00e9sent\u00e9 par Ludovic Mantefeul.<\/p>\n<p>\u00ab\u00a0Une violence bestiale\u00a0\u00bb<\/p>\n<p>Avant cela, lors d\u2019un s\u00e9jour dans une auberge de jeunesse, il aurait agress\u00e9 son g\u00e9rant, l\u2019envoyant \u00e0 l\u2019h\u00f4pital avec de graves blessures\u202f : traumatisme cr\u00e2nien, dents cass\u00e9es, plusieurs points de suture. Enfin, m\u00eame en d\u00e9tention, le Ni\u00e7ois s\u2019est montr\u00e9 violent. Il aurait ass\u00e9n\u00e9 un coup de poing \u00e0 un autre d\u00e9tenu, lui faisant perdre connaissance et provoquant, l\u00e0 aussi, de graves blessures.<\/p>\n<p>Il tente malgr\u00e9 tout de convaincre les juges de ses bonnes intentions: \u00ab\u00a0Moi je veux travailler, me marier, avoir des enfants. J\u2019ai 33 ans s\u2019il vous pla\u00eet. La prison c\u2019est pas fait pour moi je vous jure (&#8230;). Je suis quelqu\u2019un de doux, gentil, j\u2019aime les gens\u00a0\u00bb. Le conseil du g\u00e9rant de l\u2019auberge, Me Arnaud Paulus, n\u2019est \u00e9videmment pas de cet avis et d\u00e9nonce \u00ab\u00a0une violence bestiale\u00a0\u00bb. Les faits, de toute fa\u00e7on, parlent d\u2019eux-m\u00eames\u2026<\/p>\n<p>Le tribunal a prononc\u00e9 une peine plus s\u00e9v\u00e8re que celle requise par le minist\u00e8re public, qui avait demand\u00e9 dix-huit mois de prison avec mandat de d\u00e9p\u00f4t. Amir Khalifa Amor a finalement \u00e9t\u00e9 condamn\u00e9 \u00e0 deux ans d\u2019emprisonnement, assortis d\u2019une interdiction de tout contact avec Anthony Borr\u00e9 pendant trois ans, ainsi que d\u2019une interdiction de para\u00eetre dans les Alpes-Maritimes de la m\u00eame dur\u00e9e.<\/p>\n","protected":false},"excerpt":{"rendered":"N\u00e9 en 1992 \u00e0 Nice, Amir Khalifa Amor, de nationalit\u00e9 franco-tunisienne, a comparu mercredi devant le tribunal correctionnel&hellip;\n","protected":false},"author":2,"featured_media":171804,"comment_status":"","ping_status":"","sticky":false,"template":"","format":"standard","meta":{"footnotes":""},"categories":[2819],"tags":[1111,11,1777,674,1011,27,303,12,2401,882,25],"class_list":{"0":"post-171803","1":"post","2":"type-post","3":"status-publish","4":"format-standard","5":"has-post-thumbnail","7":"category-nice","8":"tag-actu","9":"tag-actualites","10":"tag-eu","11":"tag-europe","12":"tag-fr","13":"tag-france","14":"tag-justice","15":"tag-news","16":"tag-nice","17":"tag-provence-alpes-cote-dazur","18":"tag-republique-francaise"},"share_on_mastodon":{"url":"https:\/\/pubeurope.com\/@fr\/114672626864996626","error":""},"_links":{"self":[{"href":"https:\/\/www.europesays.com\/fr\/wp-json\/wp\/v2\/posts\/171803","targetHints":{"allow":["GET"]}}],"collection":[{"href":"https:\/\/www.europesays.com\/fr\/wp-json\/wp\/v2\/posts"}],"about":[{"href":"https:\/\/www.europesays.com\/fr\/wp-json\/wp\/v2\/types\/post"}],"author":[{"embeddable":true,"href":"https:\/\/www.europesays.com\/fr\/wp-json\/wp\/v2\/users\/2"}],"replies":[{"embeddable":true,"href":"https:\/\/www.europesays.com\/fr\/wp-json\/wp\/v2\/comments?post=171803"}],"version-history":[{"count":0,"href":"https:\/\/www.europesays.com\/fr\/wp-json\/wp\/v2\/posts\/171803\/revisions"}],"wp:featuredmedia":[{"embeddable":true,"href":"https:\/\/www.europesays.com\/fr\/wp-json\/wp\/v2\/media\/171804"}],"wp:attachment":[{"href":"https:\/\/www.europesays.com\/fr\/wp-json\/wp\/v2\/media?parent=171803"}],"wp:term":[{"taxonomy":"category","embeddable":true,"href":"https:\/\/www.europesays.com\/fr\/wp-json\/wp\/v2\/categories?post=171803"},{"taxonomy":"post_tag","embeddable":true,"href":"https:\/\/www.europesays.com\/fr\/wp-json\/wp\/v2\/tags?post=171803"}],"curies":[{"name":"wp","href":"https:\/\/api.w.org\/{rel}","templated":true}]}}