{"id":171819,"date":"2025-06-12T22:03:12","date_gmt":"2025-06-12T22:03:12","guid":{"rendered":"https:\/\/www.europesays.com\/fr\/171819\/"},"modified":"2025-06-12T22:03:12","modified_gmt":"2025-06-12T22:03:12","slug":"urbx-2025-demarre-fort-avec-heaven-sam-une-bbq-party-xxl-a-roubaix","status":"publish","type":"post","link":"https:\/\/www.europesays.com\/fr\/171819\/","title":{"rendered":"URBX 2025 d\u00e9marre fort avec Heaven Sam : une BBQ Party XXL \u00e0 Roubaix"},"content":{"rendered":"<p data-start=\"997\" data-end=\"1232\">Une soir\u00e9e gratuite, ouverte \u00e0 toutes et tous, qui m\u00eale musique, roller, art et lifestyle urbain dans une ambiance survolt\u00e9e. <strong data-start=\"1123\" data-end=\"1153\">Trois espaces, trois vibes<\/strong> pour c\u00e9l\u00e9brer la richesse et la diversit\u00e9 des cultures urbaines d\u2019aujourd\u2019hui.<\/p>\n<p data-start=\"1234\" data-end=\"1459\">\ud83c\udfa7 <strong data-start=\"1237\" data-end=\"1253\">Sound System<\/strong> : le dancefloor s\u2019installe \u00e0 ciel ouvert avec les meilleurs sons <strong data-start=\"1319\" data-end=\"1349\">Afro, dancehall et hip-hop<\/strong>, orchestr\u00e9s par les <strong data-start=\"1370\" data-end=\"1410\">collectifs les plus chauds du moment<\/strong>. Pr\u00e9pare-toi \u00e0 danser, vibrer, et l\u00e2cher prise !<\/p>\n<p data-start=\"1461\" data-end=\"1683\">\ud83c\udfa8 <strong data-start=\"1464\" data-end=\"1486\">Culture &amp; Cr\u00e9ation<\/strong> : cap sur l\u2019inspiration avec des <strong data-start=\"1520\" data-end=\"1556\">exposants, cr\u00e9ateurs et ateliers<\/strong> qui mettent en avant la nouvelle sc\u00e8ne cr\u00e9ative locale. Mode, art, accessoires\u2026 une immersion totale dans le <strong data-start=\"1668\" data-end=\"1682\">style URBX<\/strong>.<\/p>\n<p data-start=\"1685\" data-end=\"1889\">\ud83d\udefc <strong data-start=\"1688\" data-end=\"1704\">Slide &amp; Ride<\/strong> : enfile tes rollers et rejoins la piste ! Que tu sois pro ou d\u00e9butant\u00b7e, viens rider sur les meilleurs sons <strong data-start=\"1814\" data-end=\"1849\">Afro, bouyon, shatta et hip-hop<\/strong> dans une ambiance festive et inclusive.<\/p>\n<p data-start=\"1891\" data-end=\"2105\">\ud83d\udd25 Et ce n\u2019est pas fini ! Direction la <strong data-start=\"1930\" data-end=\"1944\">Trap House<\/strong>, un espace libre pour kicker ensemble : <strong data-start=\"1985\" data-end=\"2045\">open mic, DJ sets, beatmaking live, karaok\u00e9, masterclass<\/strong>\u2026 Viens poser ton flow ou simplement profiter du spectacle !<\/p>\n<p data-start=\"2107\" data-end=\"2296\">Cette soir\u00e9e d\u2019ouverture s\u2019annonce <strong data-start=\"2142\" data-end=\"2173\">riche, intense et g\u00e9n\u00e9reuse<\/strong> \u2013 \u00e0 l\u2019image d\u2019<strong data-start=\"2188\" data-end=\"2196\">URBX<\/strong>, un festival qui c\u00e9l\u00e8bre l\u2019expression libre, l\u2019inclusivit\u00e9 et la cr\u00e9ativit\u00e9 dans toutes ses formes.<\/p>\n<p data-start=\"2298\" data-end=\"2444\">\ud83d\udccd <strong data-start=\"2301\" data-end=\"2340\">Rendez-vous \u00e0 la Condition Publique<\/strong>, le <strong data-start=\"2345\" data-end=\"2379\">jeudi 19 juin de 18h30 \u00e0 23h30<\/strong>, pour vivre l\u2019\u00e9nergie URBX d\u00e8s le premier soir. Entr\u00e9e gratuite.<\/p>\n<p data-start=\"2446\" data-end=\"2538\">\ud83d\udc49 Infos sur toute la programmation URBX : <a class=\"\" href=\"https:\/\/www.urbxfestival.com\/\" target=\"_new\" rel=\"noopener nofollow\" data-start=\"2489\" data-end=\"2538\">urbxfestival.com<\/a><\/p>\n","protected":false},"excerpt":{"rendered":"Une soir\u00e9e gratuite, ouverte \u00e0 toutes et tous, qui m\u00eale musique, roller, art et lifestyle urbain dans une&hellip;\n","protected":false},"author":2,"featured_media":171820,"comment_status":"","ping_status":"","sticky":false,"template":"","format":"standard","meta":{"footnotes":""},"categories":[2815],"tags":[1111,11,30669,251,1777,674,1011,27,811,30670,30671,1307,873,12,25,22085],"class_list":{"0":"post-171819","1":"post","2":"type-post","3":"status-publish","4":"format-standard","5":"has-post-thumbnail","7":"category-lille","8":"tag-actu","9":"tag-actualites","10":"tag-bbq","11":"tag-culture","12":"tag-eu","13":"tag-europe","14":"tag-fr","15":"tag-france","16":"tag-hauts-de-france","17":"tag-heaven-sam","18":"tag-la-condition-publique","19":"tag-lille","20":"tag-musique","21":"tag-news","22":"tag-republique-francaise","23":"tag-urbx"},"share_on_mastodon":{"url":"https:\/\/pubeurope.com\/@fr\/114672658365734280","error":""},"_links":{"self":[{"href":"https:\/\/www.europesays.com\/fr\/wp-json\/wp\/v2\/posts\/171819","targetHints":{"allow":["GET"]}}],"collection":[{"href":"https:\/\/www.europesays.com\/fr\/wp-json\/wp\/v2\/posts"}],"about":[{"href":"https:\/\/www.europesays.com\/fr\/wp-json\/wp\/v2\/types\/post"}],"author":[{"embeddable":true,"href":"https:\/\/www.europesays.com\/fr\/wp-json\/wp\/v2\/users\/2"}],"replies":[{"embeddable":true,"href":"https:\/\/www.europesays.com\/fr\/wp-json\/wp\/v2\/comments?post=171819"}],"version-history":[{"count":0,"href":"https:\/\/www.europesays.com\/fr\/wp-json\/wp\/v2\/posts\/171819\/revisions"}],"wp:featuredmedia":[{"embeddable":true,"href":"https:\/\/www.europesays.com\/fr\/wp-json\/wp\/v2\/media\/171820"}],"wp:attachment":[{"href":"https:\/\/www.europesays.com\/fr\/wp-json\/wp\/v2\/media?parent=171819"}],"wp:term":[{"taxonomy":"category","embeddable":true,"href":"https:\/\/www.europesays.com\/fr\/wp-json\/wp\/v2\/categories?post=171819"},{"taxonomy":"post_tag","embeddable":true,"href":"https:\/\/www.europesays.com\/fr\/wp-json\/wp\/v2\/tags?post=171819"}],"curies":[{"name":"wp","href":"https:\/\/api.w.org\/{rel}","templated":true}]}}