{"id":171823,"date":"2025-06-12T22:05:09","date_gmt":"2025-06-12T22:05:09","guid":{"rendered":"https:\/\/www.europesays.com\/fr\/171823\/"},"modified":"2025-06-12T22:05:09","modified_gmt":"2025-06-12T22:05:09","slug":"a-marseille-une-exposition-pour-imaginer-ensemble-le-littoral-sud-de-demain-2","status":"publish","type":"post","link":"https:\/\/www.europesays.com\/fr\/171823\/","title":{"rendered":"\u00c0 Marseille, une exposition pour imaginer \u00ab\u00a0ensemble le littoral sud de demain\u00a0\u00bb"},"content":{"rendered":"<p>Littoral Sud illustre chronologiquement l\u2019\u00e9volution du b\u00e2ti urbain et de ses am\u00e9nagements sur la <a href=\"https:\/\/www.laprovence.com\/article\/region\/7196667777883514\/du-roucas-blanc-a-la-pointe-rouge-a-marseille-la-ville-lance-un-plan-guide-pour-remodeler-le-littoral-sud\" target=\"_blank\" rel=\"noopener\">c\u00f4te marseillaise<\/a> au travers de 24 lieux, avec un cheminement spatiotemporel du Prado en jusqu\u2019\u00e0 la Pointe-Rouge.<\/p>\n<p>L\u2019exposition a \u00e9t\u00e9 d\u00e9voil\u00e9e ce jeudi 12\u00a0juin par <a href=\"https:\/\/www.laprovence.com\/article\/edition-marseille\/3921002\/un-cafe-histoire-consacre-a-marseille.html\" target=\"_blank\" rel=\"noopener\">l\u2019historienne Judith Aziza<\/a> en compagnie de l\u2019adjoint (EELV) \u00e0 la mer Herv\u00e9 Menchon et de la maire des 6e et 8e arrondissements, Olivia Fortin, sur la digue de l\u2019escale <a href=\"https:\/\/www.laprovence.com\/article\/region\/4872015588754714\/operation-nettoyons-le-sud-megots-canettes-a-l-escale-borely-les-marseillais-ont-ramasse-310-kilos-de-dechets\" target=\"_blank\" rel=\"noopener\">Bor\u00e9ly<\/a>.<\/p>\n<p>Un r\u00e9cit historique et patrimonial<\/p>\n<p>Pour ce parcours, Judith Aziza met en sc\u00e8ne trois grandes p\u00e9riodes historiques de l\u2019am\u00e9nagement urbain marseillais en partant de son acte fondateur en\u00a01839, avec la cr\u00e9ation du <a href=\"https:\/\/www.laprovence.com\/article\/societe\/4135110\/video-il-y-a-40-ans-la-creation-des-plages-du-prado.html\" target=\"_blank\" rel=\"noopener\">Prado<\/a>, jusqu\u2019au r\u00e9am\u00e9nagement de la Vieille-Chapelle \u00e0 la fin des ann\u00e9es\u00a01980. L\u2019objectif \u00e9tant de mettre en lumi\u00e8re les diff\u00e9rentes populations ouvri\u00e8res ou ais\u00e9es qui ont peupl\u00e9 ces espaces.<\/p>\n<p>Une valorisation de la culture de la mer<\/p>\n<p>L\u2019exposition s\u2019inscrit dans la d\u00e9marche de participation citoyenne mise en place par la ville de Marseille dans le cadre de l\u2019\u00e9laboration de son<a href=\"https:\/\/www.laprovence.com\/article\/region\/7196667777883514\/du-roucas-blanc-a-la-pointe-rouge-a-marseille-la-ville-lance-un-plan-guide-pour-remodeler-le-littoral-sud\" target=\"_blank\" rel=\"noopener\"> plan guide littoral Sud<\/a>. \u00ab\u00a0Notre ambition, c\u2019est le soin, la remise en beaut\u00e9 de ce merveilleux littoral Sud. On a une chance extraordinaire d\u2019avoir ce paysage magnifique, autant pour son c\u00f4t\u00e9 maritime que pour son aspect paysager\u00a0\u00bb, insiste Herv\u00e9 Menchon, en charge de la biodiversit\u00e9 marine, de la gestion, de la pr\u00e9servation des espaces marins littoraux.<\/p>\n","protected":false},"excerpt":{"rendered":"Littoral Sud illustre chronologiquement l\u2019\u00e9volution du b\u00e2ti urbain et de ses am\u00e9nagements sur la c\u00f4te marseillaise au travers&hellip;\n","protected":false},"author":2,"featured_media":171824,"comment_status":"","ping_status":"","sticky":false,"template":"","format":"standard","meta":{"footnotes":""},"categories":[2814],"tags":[17,1111,11,251,9487,1777,674,3293,1011,27,24035,3135,884,12,471,882,25,96],"class_list":{"0":"post-171823","1":"post","2":"type-post","3":"status-publish","4":"format-standard","5":"has-post-thumbnail","7":"category-marseille","8":"tag-17","9":"tag-actu","10":"tag-actualites","11":"tag-culture","12":"tag-ensemble","13":"tag-eu","14":"tag-europe","15":"tag-exposition","16":"tag-fr","17":"tag-france","18":"tag-imaginer","19":"tag-littoral","20":"tag-marseille","21":"tag-news","22":"tag-pour","23":"tag-provence-alpes-cote-dazur","24":"tag-republique-francaise","25":"tag-une"},"share_on_mastodon":{"url":"https:\/\/pubeurope.com\/@fr\/114672666351871078","error":""},"_links":{"self":[{"href":"https:\/\/www.europesays.com\/fr\/wp-json\/wp\/v2\/posts\/171823","targetHints":{"allow":["GET"]}}],"collection":[{"href":"https:\/\/www.europesays.com\/fr\/wp-json\/wp\/v2\/posts"}],"about":[{"href":"https:\/\/www.europesays.com\/fr\/wp-json\/wp\/v2\/types\/post"}],"author":[{"embeddable":true,"href":"https:\/\/www.europesays.com\/fr\/wp-json\/wp\/v2\/users\/2"}],"replies":[{"embeddable":true,"href":"https:\/\/www.europesays.com\/fr\/wp-json\/wp\/v2\/comments?post=171823"}],"version-history":[{"count":0,"href":"https:\/\/www.europesays.com\/fr\/wp-json\/wp\/v2\/posts\/171823\/revisions"}],"wp:featuredmedia":[{"embeddable":true,"href":"https:\/\/www.europesays.com\/fr\/wp-json\/wp\/v2\/media\/171824"}],"wp:attachment":[{"href":"https:\/\/www.europesays.com\/fr\/wp-json\/wp\/v2\/media?parent=171823"}],"wp:term":[{"taxonomy":"category","embeddable":true,"href":"https:\/\/www.europesays.com\/fr\/wp-json\/wp\/v2\/categories?post=171823"},{"taxonomy":"post_tag","embeddable":true,"href":"https:\/\/www.europesays.com\/fr\/wp-json\/wp\/v2\/tags?post=171823"}],"curies":[{"name":"wp","href":"https:\/\/api.w.org\/{rel}","templated":true}]}}