{"id":171827,"date":"2025-06-12T22:07:19","date_gmt":"2025-06-12T22:07:19","guid":{"rendered":"https:\/\/www.europesays.com\/fr\/171827\/"},"modified":"2025-06-12T22:07:19","modified_gmt":"2025-06-12T22:07:19","slug":"lyon-2e-arrondissement-quatre-soirees-de-cinema-place-dainay","status":"publish","type":"post","link":"https:\/\/www.europesays.com\/fr\/171827\/","title":{"rendered":"Lyon 2e Arrondissement. Quatre soir\u00e9es de cin\u00e9ma, place d\u2019Ainay"},"content":{"rendered":"<p>Dans le cadre de Tout l\u2019monde dehors, le festival\u00a0Cin\u00e9ma sous les \u00e9toiles (CSLE) se d\u00e9roulera du 15 au 18\u00a0juillet. Chaque soir, de 19\u00a0h\u00a030 \u00e0 minuit, l\u2019association Quartier libre permettra au public d\u2019\u00e9couter, de regarder, de comprendre et de dialoguer. Devant la fa\u00e7ade de l\u2019abbaye d\u2019Ainay \u201cLutter contre l\u2019oubli\u201d est le th\u00e8me de cette ann\u00e9e. 600 places assises gratuites sont pr\u00e9vues pour visionner les vid\u00e9os. Un court-m\u00e9trage sera projet\u00e9 avant.<\/p>\n","protected":false},"excerpt":{"rendered":"Dans le cadre de Tout l\u2019monde dehors, le festival\u00a0Cin\u00e9ma sous les \u00e9toiles (CSLE) se d\u00e9roulera du 15 au&hellip;\n","protected":false},"author":2,"featured_media":171828,"comment_status":"","ping_status":"","sticky":false,"template":"","format":"standard","meta":{"footnotes":""},"categories":[1889],"tags":[1111,11,2430,650,1687,2757,1777,674,1011,27,2428,12354,12353,12,25],"class_list":{"0":"post-171827","1":"post","2":"type-post","3":"status-publish","4":"format-standard","5":"has-post-thumbnail","7":"category-lyon","8":"tag-actu","9":"tag-actualites","10":"tag-auvergne-rhone-alpes","11":"tag-cinema","12":"tag-culture-loisirs","13":"tag-edition-lyon-villeurbanne","14":"tag-eu","15":"tag-europe","16":"tag-fr","17":"tag-france","18":"tag-lyon","19":"tag-lyon-2e","20":"tag-lyon-2e-arrondissement","21":"tag-news","22":"tag-republique-francaise"},"share_on_mastodon":{"url":"https:\/\/pubeurope.com\/@fr\/114672673964375310","error":""},"_links":{"self":[{"href":"https:\/\/www.europesays.com\/fr\/wp-json\/wp\/v2\/posts\/171827","targetHints":{"allow":["GET"]}}],"collection":[{"href":"https:\/\/www.europesays.com\/fr\/wp-json\/wp\/v2\/posts"}],"about":[{"href":"https:\/\/www.europesays.com\/fr\/wp-json\/wp\/v2\/types\/post"}],"author":[{"embeddable":true,"href":"https:\/\/www.europesays.com\/fr\/wp-json\/wp\/v2\/users\/2"}],"replies":[{"embeddable":true,"href":"https:\/\/www.europesays.com\/fr\/wp-json\/wp\/v2\/comments?post=171827"}],"version-history":[{"count":0,"href":"https:\/\/www.europesays.com\/fr\/wp-json\/wp\/v2\/posts\/171827\/revisions"}],"wp:featuredmedia":[{"embeddable":true,"href":"https:\/\/www.europesays.com\/fr\/wp-json\/wp\/v2\/media\/171828"}],"wp:attachment":[{"href":"https:\/\/www.europesays.com\/fr\/wp-json\/wp\/v2\/media?parent=171827"}],"wp:term":[{"taxonomy":"category","embeddable":true,"href":"https:\/\/www.europesays.com\/fr\/wp-json\/wp\/v2\/categories?post=171827"},{"taxonomy":"post_tag","embeddable":true,"href":"https:\/\/www.europesays.com\/fr\/wp-json\/wp\/v2\/tags?post=171827"}],"curies":[{"name":"wp","href":"https:\/\/api.w.org\/{rel}","templated":true}]}}