{"id":171829,"date":"2025-06-12T22:08:10","date_gmt":"2025-06-12T22:08:10","guid":{"rendered":"https:\/\/www.europesays.com\/fr\/171829\/"},"modified":"2025-06-12T22:08:10","modified_gmt":"2025-06-12T22:08:10","slug":"ca-cest-vraiment-jean-louis-aubert","status":"publish","type":"post","link":"https:\/\/www.europesays.com\/fr\/171829\/","title":{"rendered":"\u00e7a, c\u2019est vraiment Jean-Louis Aubert !"},"content":{"rendered":"<p>Jean-Louis Aubert \u00e9tait ce jeudi soir (tard, apr\u00e8s 22 heures) sur la sc\u00e8ne du th\u00e9\u00e2tre romain des Nuits de Fourvi\u00e8re. Il a encha\u00een\u00e9 les tubes, prouvant, comme le nom de son dernier album, que c\u2019est \u00ab Pafini \u00bb! Apr\u00e8s une premi\u00e8re partie assur\u00e9e par Mathilda (souvent pr\u00e9sent\u00e9e comme \u00ab la Lana del Rey fran\u00e7aise \u00bb), et qui a cr\u00e9\u00e9 sa s\u00e9rie musicale, il est apparu. L\u00e0 o\u00f9 il \u00e9tait d\u00e9j\u00e0 il y a\u2026 47 ans, en 1978, avec son groupe embl\u00e9matique, T\u00e9l\u00e9phone. Jean-Louis ne l\u2019a jamais cach\u00e9 : il aime notre ville, o\u00f9 il a beaucoup jou\u00e9. Il y \u00e9tait avec sa nouvelle tourn\u00e9e, qui c\u00e9l\u00e8bre ses 70 ans et son nouvel album, Pafini, en mars, pour sa premi\u00e8re \u00e0 la LDLC Arena de D\u00e9cines-Charpieu (o\u00f9 il revient en novembre). Il y a de la famille et a pass\u00e9 sa petite enfance \u00e0 Nantua, dans l\u2019Ain. \u00ab Le Paradis c est les Nuits de Fourvi\u00e8re non?! \u00bb, a t il cri\u00e9 en ponctuant sa chansons Les Plages. L\u2019occasion de revisiter (ou d\u00e9couvrir) un r\u00e9pertoire truff\u00e9 de tubes, et\/ou de d\u00e9couvrir les derniers. Prochain rendez-vous avec Jean-Louis Aubert \u00e0 Lyon le 16 novembre 2025.<\/p>\n","protected":false},"excerpt":{"rendered":"Jean-Louis Aubert \u00e9tait ce jeudi soir (tard, apr\u00e8s 22 heures) sur la sc\u00e8ne du th\u00e9\u00e2tre romain des Nuits&hellip;\n","protected":false},"author":2,"featured_media":171830,"comment_status":"","ping_status":"","sticky":false,"template":"","format":"standard","meta":{"footnotes":""},"categories":[1889],"tags":[1111,11,2430,1687,2757,1777,674,1011,27,2797,2798,2428,873,12,28848,25,2429],"class_list":{"0":"post-171829","1":"post","2":"type-post","3":"status-publish","4":"format-standard","5":"has-post-thumbnail","7":"category-lyon","8":"tag-actu","9":"tag-actualites","10":"tag-auvergne-rhone-alpes","11":"tag-culture-loisirs","12":"tag-edition-lyon-villeurbanne","13":"tag-eu","14":"tag-europe","15":"tag-fr","16":"tag-france","17":"tag-galerie-loisirs","18":"tag-galerie-photo","19":"tag-lyon","20":"tag-musique","21":"tag-news","22":"tag-nuits-de-fourviere","23":"tag-republique-francaise","24":"tag-rhone"},"share_on_mastodon":{"url":"https:\/\/pubeurope.com\/@fr\/114672678347109116","error":""},"_links":{"self":[{"href":"https:\/\/www.europesays.com\/fr\/wp-json\/wp\/v2\/posts\/171829","targetHints":{"allow":["GET"]}}],"collection":[{"href":"https:\/\/www.europesays.com\/fr\/wp-json\/wp\/v2\/posts"}],"about":[{"href":"https:\/\/www.europesays.com\/fr\/wp-json\/wp\/v2\/types\/post"}],"author":[{"embeddable":true,"href":"https:\/\/www.europesays.com\/fr\/wp-json\/wp\/v2\/users\/2"}],"replies":[{"embeddable":true,"href":"https:\/\/www.europesays.com\/fr\/wp-json\/wp\/v2\/comments?post=171829"}],"version-history":[{"count":0,"href":"https:\/\/www.europesays.com\/fr\/wp-json\/wp\/v2\/posts\/171829\/revisions"}],"wp:featuredmedia":[{"embeddable":true,"href":"https:\/\/www.europesays.com\/fr\/wp-json\/wp\/v2\/media\/171830"}],"wp:attachment":[{"href":"https:\/\/www.europesays.com\/fr\/wp-json\/wp\/v2\/media?parent=171829"}],"wp:term":[{"taxonomy":"category","embeddable":true,"href":"https:\/\/www.europesays.com\/fr\/wp-json\/wp\/v2\/categories?post=171829"},{"taxonomy":"post_tag","embeddable":true,"href":"https:\/\/www.europesays.com\/fr\/wp-json\/wp\/v2\/tags?post=171829"}],"curies":[{"name":"wp","href":"https:\/\/api.w.org\/{rel}","templated":true}]}}