{"id":171835,"date":"2025-06-12T22:11:10","date_gmt":"2025-06-12T22:11:10","guid":{"rendered":"https:\/\/www.europesays.com\/fr\/171835\/"},"modified":"2025-06-12T22:11:10","modified_gmt":"2025-06-12T22:11:10","slug":"paris-un-employe-de-bijouterie-depouille-par-un-voleur-a-velo-electrique-le-prejudice-estime-a-100-000-euros","status":"publish","type":"post","link":"https:\/\/www.europesays.com\/fr\/171835\/","title":{"rendered":"Paris\u00a0: un employ\u00e9 de bijouterie d\u00e9pouill\u00e9 par un voleur \u00e0 v\u00e9lo \u00e9lectrique, le pr\u00e9judice estim\u00e9 \u00e0 100\u00a0000\u00a0euros"},"content":{"rendered":"<p class=\"paragraph text_align_left\">Le criminel \u00e9tait-il au fait du rendez-vous\u00a0? Ce jeudi, un employ\u00e9 d\u2019une bijouterie de luxe parisienne a \u00e9t\u00e9 victime d\u2019un vol \u00e0 main arm\u00e9e, perdant dans l\u2019affaire un sac de <a href=\"https:\/\/www.leparisien.fr\/faits-divers\/braquage-de-la-bijouterie-harry-winston-a-paris-un-quatrieme-suspect-mis-en-examen-14-04-2025-D3FESLU7GJAVZGDURCQOSJ4PKU.php\" target=\"_blank\" rel=\"noreferrer nofollow noopener\">bijoux<\/a> d\u2019une valeur estim\u00e9e \u00e0 100\u00a0000\u00a0euros, indique une source polici\u00e8re au Parisien.<\/p>\n<p class=\"paragraph text_align_left\">L\u2019incident s\u2019est produit en milieu de journ\u00e9e. Un employ\u00e9 de la joaillerie de luxe Maison Messika venait de se rendre \u00e0 pied chez un client, dans le IXe\u00a0arrondissement de Paris, muni d\u2019un sac contenant plusieurs bijoux.<\/p>\n<p class=\"paragraph text_align_left\">Alors que l\u2019employ\u00e9 \u00e9tait sur le chemin du retour, un homme \u00e9quip\u00e9 d\u2019une casquette et d\u2019un masque chirurgical est all\u00e9 \u00e0 sa rencontre, exhibant une arme de poing, rapporte une source polici\u00e8re.<\/p>\n<p>Fuite \u00e0 v\u00e9lo<\/p>\n<p class=\"paragraph text_align_left\">Le malfaiteur masqu\u00e9 s\u2019est alors empar\u00e9 du sac de bijoux, sans d\u00e9clencher son arme. Il a ensuite pris la fuite sur un v\u00e9lo \u00e9lectrique, sans blesser sa cible.<\/p>\n<p class=\"paragraph text_align_left\">Apr\u00e8s les faits, l\u2019employ\u00e9 d\u00e9pouill\u00e9 a signal\u00e9 le vol aupr\u00e8s de sa boutique. Le pr\u00e9judice du m\u00e9fait est estim\u00e9 \u00e0 100 00\u00a0euros, toujours selon une source polici\u00e8re.<\/p>\n<p class=\"paragraph text_align_left\">Le 1er DPJ (district de police judiciaire) a \u00e9t\u00e9 saisi sur l\u2019affaire.<\/p>\n","protected":false},"excerpt":{"rendered":"Le criminel \u00e9tait-il au fait du rendez-vous\u00a0? Ce jeudi, un employ\u00e9 d\u2019une bijouterie de luxe parisienne a \u00e9t\u00e9&hellip;\n","protected":false},"author":2,"featured_media":171836,"comment_status":"","ping_status":"","sticky":false,"template":"","format":"standard","meta":{"footnotes":""},"categories":[1888],"tags":[1111,1928,11,1927,1777,674,118,1011,27,1944,12,1926,626,1925,25],"class_list":{"0":"post-171835","1":"post","2":"type-post","3":"status-publish","4":"format-standard","5":"has-post-thumbnail","7":"category-paris","8":"tag-actu","9":"tag-actu-paris","10":"tag-actualites","11":"tag-actualites-paris","12":"tag-eu","13":"tag-europe","14":"tag-faits-divers","15":"tag-fr","16":"tag-france","17":"tag-ma-ville","18":"tag-news","19":"tag-news-paris","20":"tag-paris","21":"tag-paris-news","22":"tag-republique-francaise"},"share_on_mastodon":{"url":"https:\/\/pubeurope.com\/@fr\/114672689795886509","error":""},"_links":{"self":[{"href":"https:\/\/www.europesays.com\/fr\/wp-json\/wp\/v2\/posts\/171835","targetHints":{"allow":["GET"]}}],"collection":[{"href":"https:\/\/www.europesays.com\/fr\/wp-json\/wp\/v2\/posts"}],"about":[{"href":"https:\/\/www.europesays.com\/fr\/wp-json\/wp\/v2\/types\/post"}],"author":[{"embeddable":true,"href":"https:\/\/www.europesays.com\/fr\/wp-json\/wp\/v2\/users\/2"}],"replies":[{"embeddable":true,"href":"https:\/\/www.europesays.com\/fr\/wp-json\/wp\/v2\/comments?post=171835"}],"version-history":[{"count":0,"href":"https:\/\/www.europesays.com\/fr\/wp-json\/wp\/v2\/posts\/171835\/revisions"}],"wp:featuredmedia":[{"embeddable":true,"href":"https:\/\/www.europesays.com\/fr\/wp-json\/wp\/v2\/media\/171836"}],"wp:attachment":[{"href":"https:\/\/www.europesays.com\/fr\/wp-json\/wp\/v2\/media?parent=171835"}],"wp:term":[{"taxonomy":"category","embeddable":true,"href":"https:\/\/www.europesays.com\/fr\/wp-json\/wp\/v2\/categories?post=171835"},{"taxonomy":"post_tag","embeddable":true,"href":"https:\/\/www.europesays.com\/fr\/wp-json\/wp\/v2\/tags?post=171835"}],"curies":[{"name":"wp","href":"https:\/\/api.w.org\/{rel}","templated":true}]}}