{"id":171847,"date":"2025-06-12T22:17:11","date_gmt":"2025-06-12T22:17:11","guid":{"rendered":"https:\/\/www.europesays.com\/fr\/171847\/"},"modified":"2025-06-12T22:17:11","modified_gmt":"2025-06-12T22:17:11","slug":"les-usa-menacent-les-etats-qui-voudraient-reconnaitre-la-palestine","status":"publish","type":"post","link":"https:\/\/www.europesays.com\/fr\/171847\/","title":{"rendered":"Les USA menacent les \u00c9tats qui voudraient reconna\u00eetre la Palestine"},"content":{"rendered":"<p class=\"has-text-align-center\"><strong>Pour Trump, d\u00e9noncer les crimes contre l\u2019humanit\u00e9 \u00e0 Gaza revient \u00e0 \u00abs\u2019opposer \u00e0 la politique \u00e9trang\u00e8re des USA\u00bb<\/strong><\/p>\n<p><img loading=\"lazy\" decoding=\"async\" width=\"1000\" height=\"1000\" data-attachment-id=\"93456\" data-permalink=\"https:\/\/contre-attaque.net\/2025\/06\/12\/les-usa-menacent-les-etats-qui-voudraient-reconnaitre-la-palestine\/sans-titre-9-13\/\" data-orig-file=\"https:\/\/www.europesays.com\/fr\/wp-content\/uploads\/2025\/06\/Sans-titre-9-2.jpg\" data-orig-size=\"1000,1000\" data-comments-opened=\"0\" data-image-meta=\"{&quot;aperture&quot;:&quot;0&quot;,&quot;credit&quot;:&quot;&quot;,&quot;camera&quot;:&quot;&quot;,&quot;caption&quot;:&quot;&quot;,&quot;created_timestamp&quot;:&quot;0&quot;,&quot;copyright&quot;:&quot;&quot;,&quot;focal_length&quot;:&quot;0&quot;,&quot;iso&quot;:&quot;0&quot;,&quot;shutter_speed&quot;:&quot;0&quot;,&quot;title&quot;:&quot;&quot;,&quot;orientation&quot;:&quot;0&quot;}\" data-image-title=\"Sans titre 9\" data-image-description=\"\" data-image-caption=\"\" data-medium-file=\"https:\/\/contre-attaque.net\/wp-content\/uploads\/2025\/06\/Sans-titre-9-2-300x300.jpg\" data-large-file=\"https:\/\/www.europesays.com\/fr\/wp-content\/uploads\/2025\/06\/Sans-titre-9-2.jpg\" src=\"https:\/\/www.europesays.com\/fr\/wp-content\/uploads\/2025\/06\/Sans-titre-9-2.jpg\" alt=\"Le pr\u00e9sident des USA, Donald Trump, menace les pays qui voudraient reconna\u00eetre l'\u00c9tat de Palestine.\" class=\"wp-image-93456\"  \/><\/p>\n<p>Isra\u00ebl et son gouvernement fasciste et g\u00e9nocidaire sont une extension de l\u2019Empire \u00c9tasunien. C\u2019est ce que confirme un t\u00e9l\u00e9gramme diplomatique envoy\u00e9 par les USA le 10 juin.<\/p>\n<p>La semaine prochaine, du 17\u00a0au 21\u00a0juin, la France et de l\u2019Arabie Saoudite organisent \u00e0 l\u2019ONU, \u00e0 New-York, une conf\u00e9rence internationale pour discuter d\u2019une solution \u00e0 deux \u00c9tats entre Isra\u00ebl et la Palestine. Macron l\u2019a annonc\u00e9\u00a0: l\u2019objectif est de reconna\u00eetre l\u2019\u00c9tat de Palestine.<\/p>\n<p><a href=\"https:\/\/contre-attaque.net\/2025\/04\/11\/palestine-au-bout-dun-an-et-demi-le-clan-macron-fait-semblant-de-decouvrir-la-realite\/\" rel=\"nofollow noopener\" target=\"_blank\">Cette conf\u00e9rence arrive beaucoup trop tard<\/a>, puisque le territoire palestinien n\u2019est plus suffisant pour constituer un \u00c9tat viable\u00a0: Gaza est enti\u00e8rement ras\u00e9e et la Cisjordanie est grignot\u00e9e et d\u00e9vast\u00e9e depuis des ann\u00e9es par les offensives des colons, qui ont r\u00e9duit les terres habit\u00e9es par les palestiniens \u00e0 l\u2019\u00e9tat de confettis. C\u2019est aussi beaucoup trop peu\u00a0: 146 des 193 \u00c9tats membres de l\u2019ONU, soit l\u2019\u00e9crasante majorit\u00e9 des pays du monde, reconnaissaient d\u00e9j\u00e0 un \u00c9tat Palestinien. <a href=\"https:\/\/contre-attaque.net\/2024\/05\/22\/le-soutien-a-israel-ultra-minoritaire-dans-le-monde\/\" rel=\"nofollow noopener\" target=\"_blank\">L\u2019an dernier, l\u2019Irlande, la Norv\u00e8ge et l\u2019Espagne rejoignaient ces pays<\/a>. Mais personne n\u2019agit pour faire respecter sa souverainet\u00e9.<\/p>\n<p>De fait, un plan r\u00e9aliste et urgent pour respecter le droit international serait d\u2019imposer un embargo imm\u00e9diat sur les armes vers Isra\u00ebl, mais aussi l\u2019envoi d\u2019une force d\u2019interposition arm\u00e9e autoris\u00e9e \u00e0 riposter \u00e0 l\u2019arm\u00e9e isra\u00e9lienne, l\u2019arrestation des dirigeants isra\u00e9liens afin de les juger pour crimes contre l\u2019humanit\u00e9, et la traque des g\u00e9nocidaires en Isra\u00ebl comme dans le reste du monde. Il faudrait aussi mener une grande r\u00e9flexion sur un seul \u00c9tat multiculturel et la\u00efc en Palestine de la mer au Jourdain, avec une \u00e9galit\u00e9 des droits pour tous les habitants. Nous en sommes loin.<\/p>\n<p>Mais les USA ne supportent pas la moindre opposition \u00e0 Isra\u00ebl, et en particulier si elle vient de pays consid\u00e9r\u00e9s comme ses vassaux. En l\u2019occurrence, la conf\u00e9rence pr\u00e9vue la semaine prochaine pr\u00e9voit que la France, mais aussi la Grande Bretagne ou le Canada reconnaissent la Palestine, donc des pays g\u00e9n\u00e9ralement soumis aux \u00c9tats-Unis, et d\u2019une l\u00e2chet\u00e9 immense vis-\u00e0-vis d\u2019Isra\u00ebl.<\/p>\n<p>C\u2019est dans ce cadre que Trump a envoy\u00e9 son t\u00e9l\u00e9gramme diplomatique pour menacer les pays qui veulent reconna\u00eetre la Palestine, ou m\u00eame r\u00e9pondre \u00e0 l\u2019invitation de la France. \u00abNous exhortons les gouvernements \u00e0 ne pas participer \u00e0 cette conf\u00e9rence\u00bb dit le message officiel, qui ajoute que \u00ables \u00c9tats-Unis s\u2019opposent \u00e0 toute d\u00e9marche unilat\u00e9rale de reconnaissance d\u2019un \u00c9tat palestinien hypoth\u00e9tique\u00bb, qualifi\u00e9 de mesure \u00abanti-isra\u00e9lienne\u00bb. Trump sabote l\u2019initiative fran\u00e7aise.<\/p>\n<p>\u00abLes \u00c9tats-Unis s\u2019opposent \u00e0 des actions potentielles telles que des boycotts, des sanctions contre Isra\u00ebl ou d\u2019autres mesures punitives\u00bb poursuit-il. Pas question de g\u00eaner les int\u00e9r\u00eats isra\u00e9liens d\u2019aucune mani\u00e8re.<\/p>\n<p>Surtout, le t\u00e9l\u00e9gramme menace\u00a0: \u00abLes pays qui participent \u00e0 cette conf\u00e9rence seront consid\u00e9r\u00e9s comme agissant en opposition aux int\u00e9r\u00eats de la politique \u00e9trang\u00e8re am\u00e9ricaine et pourraient faire face \u00e0 des cons\u00e9quences diplomatiques de la part de Washington\u00bb. D\u00e9noncer les crimes d\u2019Isra\u00ebl est donc \u00abanti-am\u00e9ricain\u00bb. Trump est-il pr\u00eat \u00e0 lancer une guerre commerciale contre ses plus proches alli\u00e9s pour permettre la poursuite d\u2019un g\u00e9nocide\u00a0?<\/p>\n<p>En parall\u00e8le, les USA continuent de mettre un veto syst\u00e9matique au Conseil de s\u00e9curit\u00e9 de l\u2019ONU contre toute r\u00e9solution de cessez-le-feu. Et de son c\u00f4t\u00e9, Isra\u00ebl critique vivement la conf\u00e9rence pr\u00e9vue la semaine prochaine, d\u00e9crite comme une \u00abr\u00e9compense au mouvement islamiste Hamas\u00bb.<\/p>\n<p>Un sondage de l\u2019institut de statistiques \u00c9tasunien Pew Research Center, publi\u00e9 le 11 juin, montre l\u2019effondrement de la c\u00f4te de confiance mondiale vis-\u00e0-vis des USA depuis le retour au pouvoir de Donald Trump.<\/p>\n<p>Apr\u00e8s cette enqu\u00eate men\u00e9e dans 24 pays, l\u2019institut mesure que 79% des su\u00e9dois ont une opinion \u00abd\u00e9favorable\u00bb des USA, mais aussi 64% des espagnols, 66% des allemands, 52% des italiens, 69% des mexicains, 71% des turcs\u2026 Et en France\u00a0? 59% d\u2019opinions \u00abd\u00e9favorables\u00bb vis-\u00e0-vis des USA. Bien mais peut mieux faire. Un pays se d\u00e9marque\u00a0: Isra\u00ebl, avec seulement 16% d\u2019avis d\u00e9favorables et 83% de favorables.<\/p>\n","protected":false},"excerpt":{"rendered":"Pour Trump, d\u00e9noncer les crimes contre l\u2019humanit\u00e9 \u00e0 Gaza revient \u00e0 \u00abs\u2019opposer \u00e0 la politique \u00e9trang\u00e8re des USA\u00bb&hellip;\n","protected":false},"author":2,"featured_media":171848,"comment_status":"","ping_status":"","sticky":false,"template":"","format":"standard","meta":{"footnotes":""},"categories":[1589],"tags":[11,312,73,1866,664,29991,12,3521,3518,30672,467,1864,1865,1863,308],"class_list":{"0":"post-171847","1":"post","2":"type-post","3":"status-publish","4":"format-standard","5":"has-post-thumbnail","7":"category-etats-unis","8":"tag-actualites","9":"tag-diplomatie","10":"tag-etats-unis","11":"tag-etats-unis-damerique","12":"tag-israel","13":"tag-netanyahou","14":"tag-news","15":"tag-onu","16":"tag-palestine","17":"tag-terrorisme-detat","18":"tag-trump","19":"tag-united-states","20":"tag-united-states-of-america","21":"tag-us","22":"tag-usa"},"share_on_mastodon":{"url":"https:\/\/pubeurope.com\/@fr\/114672713404870384","error":""},"_links":{"self":[{"href":"https:\/\/www.europesays.com\/fr\/wp-json\/wp\/v2\/posts\/171847","targetHints":{"allow":["GET"]}}],"collection":[{"href":"https:\/\/www.europesays.com\/fr\/wp-json\/wp\/v2\/posts"}],"about":[{"href":"https:\/\/www.europesays.com\/fr\/wp-json\/wp\/v2\/types\/post"}],"author":[{"embeddable":true,"href":"https:\/\/www.europesays.com\/fr\/wp-json\/wp\/v2\/users\/2"}],"replies":[{"embeddable":true,"href":"https:\/\/www.europesays.com\/fr\/wp-json\/wp\/v2\/comments?post=171847"}],"version-history":[{"count":0,"href":"https:\/\/www.europesays.com\/fr\/wp-json\/wp\/v2\/posts\/171847\/revisions"}],"wp:featuredmedia":[{"embeddable":true,"href":"https:\/\/www.europesays.com\/fr\/wp-json\/wp\/v2\/media\/171848"}],"wp:attachment":[{"href":"https:\/\/www.europesays.com\/fr\/wp-json\/wp\/v2\/media?parent=171847"}],"wp:term":[{"taxonomy":"category","embeddable":true,"href":"https:\/\/www.europesays.com\/fr\/wp-json\/wp\/v2\/categories?post=171847"},{"taxonomy":"post_tag","embeddable":true,"href":"https:\/\/www.europesays.com\/fr\/wp-json\/wp\/v2\/tags?post=171847"}],"curies":[{"name":"wp","href":"https:\/\/api.w.org\/{rel}","templated":true}]}}