{"id":17186,"date":"2025-04-11T11:41:11","date_gmt":"2025-04-11T11:41:11","guid":{"rendered":"https:\/\/www.europesays.com\/fr\/17186\/"},"modified":"2025-04-11T11:41:11","modified_gmt":"2025-04-11T11:41:11","slug":"royaume-uni-embellie-de-la-croissance-en-fevrier-mais-lombre-des-droits-de-douane-plane-11-04-2025-a-1148","status":"publish","type":"post","link":"https:\/\/www.europesays.com\/fr\/17186\/","title":{"rendered":"Royaume-Uni: embellie de la croissance en f\u00e9vrier mais l&rsquo;ombre des droits de douane plane &#8211; 11\/04\/2025 \u00e0 11:48"},"content":{"rendered":"<p>\n Le produit int\u00e9rieur brut (PIB) du Royaume-Uni a progress\u00e9 de 0,5% en f\u00e9vrier, davantage qu&rsquo;attendu, rare bonne nouvelle \u00e9conomique pour le gouvernement travailliste en mal de croissance, mais les perspectives sont assombries par la guerre commerciale lanc\u00e9e par Donald Trump.\n<\/p>\n<p>        <img fetchpriority=\"high\" decoding=\"async\" src=\"https:\/\/www.europesays.com\/fr\/wp-content\/uploads\/2025\/04\/3f971820cccf1e8931d0eb57f1b6276e-760x507.jpg\" alt=\"( GETTY IMAGES NORTH AMERICA \/ DREW ANGERER )\" loading=\"eager\" width=\"760\" height=\"507\" style=\"max-width: 100%!important; height: auto;\"\/><\/p>\n<p class=\"c-image-news__legend\">( GETTY IMAGES NORTH AMERICA \/ DREW ANGERER )<\/p>\n<p>\n L&rsquo;Office national des statistiques (ONS) dit avoir constat\u00e9 en f\u00e9vrier de la \u00ab\u00a0croissance dans tous les principaux secteurs\u00a0\u00bb, dans son rapport statistique mensuel publi\u00e9 vendredi.\n<\/p>\n<p>\n Le consensus des analystes interrog\u00e9s par l&rsquo;agence Bloomberg tablait sur une hausse plus modeste de 0,1%.\n<\/p>\n<p>\n \u00ab\u00a0Ces chiffres de croissance sont encourageants, mais nous ne devons pas nous reposer sur nos lauriers\u00a0\u00bb, a r\u00e9agi dans un communiqu\u00e9 la ministre britannique des Finances Rachel Reeves.\n<\/p>\n<p>\n \u00ab\u00a0Le monde a chang\u00e9, et nous en avons \u00e9t\u00e9 t\u00e9moins ces derni\u00e8res semaines\u00a0\u00bb, a-t-elle ajout\u00e9, rappelant que le gouvernement britannique cherche \u00e0 n\u00e9gocier un accord avec Washington pour tenter d&rsquo;adoucir les droits de douane appliqu\u00e9s au Royaume-Uni.\n<\/p>\n<p>\n Londres s&rsquo;est vu imposer la semaine derni\u00e8re des droits de douane r\u00e9ciproques de 10%, le niveau le plus faible annonc\u00e9 par Donald Trump, notamment en comparaison de l&rsquo;Union europ\u00e9enne (20%), mais l&rsquo;industrie automobile, ou encore l&rsquo;acier et l&rsquo;aluminium, sont vis\u00e9s par des taxes sp\u00e9cifiques de 25%.\n<\/p>\n<p>\n Malgr\u00e9 la progression du PIB en f\u00e9vrier, ces nouvelles taxes \u00ab\u00a0risquent de freiner les progr\u00e8s\u00a0\u00bb de l&rsquo;\u00e9conomie dans les mois qui viennent, pr\u00e9vient Yael Selfin, analyste chez KPMG.\n<\/p>\n<p>\n \u00ab\u00a0La situation mondiale est incroyablement volatile pour une \u00e9conomie (britannique) tr\u00e8s fragile\u00a0\u00bb, abonde Marcus Brookes, chez Quilter Investors. \u00ab\u00a0Le Royaume-Uni se trouve dans une position quelque peu pr\u00e9caire, pris entre les feux crois\u00e9s de la politique \u00e9conomique en constante \u00e9volution des \u00c9tats-Unis.\u00a0\u00bb\n<\/p>\n<p>\n Le gouvernement travailliste du Premier ministre Keir Starmer a fait de la croissance sa priorit\u00e9, mais celle-ci peine \u00e0 d\u00e9coller depuis son \u00e9lection en juillet.\n<\/p>\n<p>\n L&rsquo;organisme public de pr\u00e9vision budg\u00e9taire, l&rsquo;OBR, a fortement d\u00e9grad\u00e9 fin mars son estimation de la croissance en 2025, \u00e0 1%, une baisse significative par rapport aux 2% anticip\u00e9s pr\u00e9c\u00e9demment.\n<\/p>\n<p>\n Faute de croissance et confront\u00e9e \u00e0 des finances publiques qui se sont consid\u00e9rablement resserr\u00e9es, Mme Reeves a \u00e9t\u00e9 contrainte d&rsquo;annoncer fin mars des milliards de livres d&rsquo;\u00e9conomies tr\u00e8s controvers\u00e9es, ciblant notamment les aides sociales.\n<\/p>\n<p>\n L&rsquo;ONS a aussi l\u00e9g\u00e8rement r\u00e9vis\u00e9 \u00e0 la hausse vendredi le chiffre de la croissance pour janvier: initialement estim\u00e9 en l\u00e9ger recul (-0,1%) le PIB a finalement stagn\u00e9 lors du premier mois de l&rsquo;ann\u00e9e, indique l&rsquo;institut statistique.<\/p>\n","protected":false},"excerpt":{"rendered":"Le produit int\u00e9rieur brut (PIB) du Royaume-Uni a progress\u00e9 de 0,5% en f\u00e9vrier, davantage qu&rsquo;attendu, rare bonne nouvelle&hellip;\n","protected":false},"author":2,"featured_media":17187,"comment_status":"","ping_status":"","sticky":false,"template":"","format":"standard","meta":{"footnotes":""},"categories":[1588],"tags":[400,11,398,408,405,1777,674,403,402,399,404,12,473,1853,401,406,1851,1850,1852,407],"class_list":{"0":"post-17186","1":"post","2":"type-post","3":"status-publish","4":"format-standard","5":"has-post-thumbnail","7":"category-royaume-uni","8":"tag-action-cac-40","9":"tag-actualites","10":"tag-bourse-de-paris","11":"tag-boursorama","12":"tag-cotations","13":"tag-eu","14":"tag-europe","15":"tag-indices-devises","16":"tag-investir","17":"tag-investissement","18":"tag-marche-boursier","19":"tag-news","20":"tag-royaume-uni","21":"tag-royaume-uni-de-grande-bretagne-et-dirlande-du-nord","22":"tag-sicav","23":"tag-trackers","24":"tag-uk","25":"tag-united-kingdom","26":"tag-united-kingdom-of-great-britain-and-northern-ireland","27":"tag-warrants"},"share_on_mastodon":{"url":"https:\/\/pubeurope.com\/@fr\/114319149306657348","error":""},"_links":{"self":[{"href":"https:\/\/www.europesays.com\/fr\/wp-json\/wp\/v2\/posts\/17186","targetHints":{"allow":["GET"]}}],"collection":[{"href":"https:\/\/www.europesays.com\/fr\/wp-json\/wp\/v2\/posts"}],"about":[{"href":"https:\/\/www.europesays.com\/fr\/wp-json\/wp\/v2\/types\/post"}],"author":[{"embeddable":true,"href":"https:\/\/www.europesays.com\/fr\/wp-json\/wp\/v2\/users\/2"}],"replies":[{"embeddable":true,"href":"https:\/\/www.europesays.com\/fr\/wp-json\/wp\/v2\/comments?post=17186"}],"version-history":[{"count":0,"href":"https:\/\/www.europesays.com\/fr\/wp-json\/wp\/v2\/posts\/17186\/revisions"}],"wp:featuredmedia":[{"embeddable":true,"href":"https:\/\/www.europesays.com\/fr\/wp-json\/wp\/v2\/media\/17187"}],"wp:attachment":[{"href":"https:\/\/www.europesays.com\/fr\/wp-json\/wp\/v2\/media?parent=17186"}],"wp:term":[{"taxonomy":"category","embeddable":true,"href":"https:\/\/www.europesays.com\/fr\/wp-json\/wp\/v2\/categories?post=17186"},{"taxonomy":"post_tag","embeddable":true,"href":"https:\/\/www.europesays.com\/fr\/wp-json\/wp\/v2\/tags?post=17186"}],"curies":[{"name":"wp","href":"https:\/\/api.w.org\/{rel}","templated":true}]}}