{"id":171860,"date":"2025-06-12T22:24:12","date_gmt":"2025-06-12T22:24:12","guid":{"rendered":"https:\/\/www.europesays.com\/fr\/171860\/"},"modified":"2025-06-12T22:24:12","modified_gmt":"2025-06-12T22:24:12","slug":"de-retour-en-france-rima-hassan-promet-autant-de-bateaux-que-necessaire-face-au-blocus","status":"publish","type":"post","link":"https:\/\/www.europesays.com\/fr\/171860\/","title":{"rendered":"de retour en France, Rima Hassan promet \u00ab\u00a0autant de bateaux que n\u00e9cessaire\u00a0\u00bb face au blocus"},"content":{"rendered":"<p><a target=\"_self\" href=\"https:\/\/www.lanouvellerepublique.fr\/poitiers\/gaza-plusieurs-centaines-de-personnes-a-poitiers-et-chatellerault-pour-soutenir-la-flottille-de-la-liberte-1749496698\" rel=\"nofollow noopener\">L\u2019eurod\u00e9put\u00e9e LFI Rima Hassan<\/a> est revenue jeudi 12\u00a0juin 2025 au soir, \u00e0 Paris, sous les acclamations de plusieurs centaines de soutiens, rassembl\u00e9s place de la R\u00e9publique. \u00ab\u00a0J\u2019ai un mot \u00e0 dire \u00e0 Isra\u00ebl. <a target=\"_self\" href=\"https:\/\/www.lanouvellerepublique.fr\/a-la-une\/israel-ordonne-a-l-armee-d-empecher-l-arrivee-a-gaza-d-un-navire-humanitaire-dans-lequel-se-trouvent-greta-thunberg-et-rima-hassan-1749389653\" rel=\"nofollow noopener\">Le prochain bateau<\/a> est bient\u00f4t pr\u00eat \u00e0 partir\u00a0\u00bb, a lanc\u00e9 l\u2019eurod\u00e9put\u00e9e franco-palestinienne au micro devant la foule. Elle venait de d\u00e9barquer d\u2019un vol mouvement\u00e9 entre Tel-Aviv et l\u2019a\u00e9roport de Roissy, apr\u00e8s trois jours pass\u00e9s dans un centre de r\u00e9tention en Isra\u00ebl, o\u00f9 elle avait \u00e9t\u00e9 plac\u00e9e bri\u00e8vement \u00e0 l\u2019isolement.<\/p>\n<p>\u00ab\u00a0Il y a eu une situation conflictuelle \u00e0 bord, avec d\u2019autres voyageurs [\u2026] suite \u00e0 un mouvement de voyageurs hostiles\u00a0\u00bb, a indiqu\u00e9 une source a\u00e9roportuaire, expliquant que Rima Hassan avait d\u00fb \u00eatre \u00e9vacu\u00e9e de l\u2019avion par la police aux fronti\u00e8res.\u00a0Rima Hassan ne s\u2019est pas pr\u00e9sent\u00e9e aux arriv\u00e9es \u00e0 Roissy, o\u00f9 l\u2019attendaient des repr\u00e9sentants de LFI et des militants propalestiniens criant r\u00e9guli\u00e8rement \u00ab\u00a0Free Palestine\u00a0\u00bb, <a target=\"_self\" href=\"https:\/\/www.lanouvellerepublique.fr\/a-la-une\/debat-autour-d-un-possible-genocide-a-gaza-la-qualification-est-importante-mais-elle-interviendra-plus-tard-1749120807\" rel=\"nofollow noopener\">\u00ab\u00a0ce n\u2019est pas une guerre, c\u2019est un g\u00e9nocide\u00a0\u00bb<\/a>.\u00a0D\u2019autres voyageurs sont, eux, sortis du m\u00eame avion envelopp\u00e9s du drapeau isra\u00e9lien, en levant le poing, r\u00e9pliquant pour certains aux militants propalestiniens.<\/p>\n<p>Le bateau vers Gaza, action \u00ab\u00a0symbolique\u00a0\u00bb et \u00ab\u00a0\u00e9minemment politique\u00a0\u00bb<\/p>\n<p>L\u2019eurod\u00e9put\u00e9e LFI a imm\u00e9diatement pris la route de la place de la R\u00e9publique, o\u00f9 elle a \u00e9t\u00e9 accueillie par une haie d\u2019honneur form\u00e9e par une quinzaine de d\u00e9put\u00e9s Insoumis et J<a target=\"_self\" href=\"https:\/\/www.lanouvellerepublique.fr\/a-la-une\/les-derives-de-melenchon-les-silences-ecologistes-et-socialistes-1746901444\" rel=\"nofollow noopener\">ean-Luc M\u00e9lenchon<\/a>, qu\u2019elle a \u00e9treint \u00e0 son arriv\u00e9e. \u00ab\u00a0C\u2019est une femme qui a donn\u00e9 la le\u00e7on de courage. Jeunes femmes, jeunes filles, essayez toutes quand vous serez grandes d\u2019\u00eatre Rima Hassan\u00a0\u00bb, a salu\u00e9 le leader Insoumis.<\/p>\n<p>Aux c\u00f4t\u00e9s d\u2019un autre Fran\u00e7ais lib\u00e9r\u00e9 le m\u00eame jour, Reva Viard, Rima Hassan est revenue sur son action\u00a0: \u00ab\u00a0Tout le monde le sait, elle \u00e9tait symbolique, mais elle \u00e9tait \u00e9minemment politique\u00a0\u00bb, elle \u00ab\u00a0visait d\u2019abord, bien entendu, \u00e0 livrer de l\u2019aide humanitaire \u00e0 Gaza\u00a0\u00bb mais \u00ab\u00a0surtout \u00e0 d\u00e9noncer le blocus et \u00e0 le briser\u00a0\u00bb, a-t-elle insist\u00e9.<\/p>\n<p><a target=\"_self\" href=\"https:\/\/www.lanouvellerepublique.fr\/a-la-une\/le-bateau-humanitaire-pour-gaza-avec-greta-thunberg-et-rima-hassan-a-bord-intercepte-par-israel-1749450325\" rel=\"nofollow noopener\">Les deux militants avaient \u00e9t\u00e9 arr\u00eat\u00e9s lundi<\/a>, comme dix autres personnes, apr\u00e8s l\u2019arraisonnement par Isra\u00ebl du voilier Madleen dans les eaux internationales, \u00e0 environ 185\u00a0km de la c\u00f4te de Gaza. \u00ab\u00a0Nous avons \u00e9t\u00e9 kidnapp\u00e9s et ramen\u00e9s de force\u00a0\u00bb, a encore d\u00e9nonc\u00e9 jeudi soir Rima Hassan, coiff\u00e9e d\u2019un keffieh et v\u00eatue d\u2019un surv\u00eatement gris h\u00e9rit\u00e9 de sa d\u00e9tention.\u00a0Ces douze militants et journalistes (fran\u00e7ais, allemand, br\u00e9silien, turc, su\u00e9dois, espagnol et n\u00e9erlandais) \u00e9taient partis le 1er\u00a0juin d\u2019Italie \u00e0 bord du Madleen pour rejoindre la bande de Gaza.\u00a0L\u2019op\u00e9ration visait \u00e0 \u00ab\u00a0briser le blocus isra\u00e9lien\u00a0\u00bb impos\u00e9 au territoire palestinien, ravag\u00e9 par plus de vingt mois de guerre.<\/p>\n<p>Des interdictions de s\u00e9jour de cent ans en Isra\u00ebl<\/p>\n<p>Jeudi, le gouvernement isra\u00e9lien a annonc\u00e9 avoir renvoy\u00e9 six passagers de ce qu\u2019il nomme \u00ab\u00a0le selfie yacht\u00a0\u00bb. \u00ab\u00a0Au revoir, et n\u2019oubliez pas de prendre un selfie avant de partir\u00a0\u00bb, a \u00e9crit le minist\u00e8re isra\u00e9lien des Affaires \u00e9trang\u00e8res dans un bref message en anglais sur X. Quatre autres passagers (la Su\u00e9doise Greta Thunberg, deux Fran\u00e7ais et un Espagnol) avaient regagn\u00e9 leur pays plus t\u00f4t cette semaine apr\u00e8s avoir accept\u00e9 d\u2019\u00eatre expuls\u00e9s par Isra\u00ebl. Deux autres ressortissants fran\u00e7ais \u2013 dont\u00a0Yanis Mhamdi, journaliste \u00e0 Blast \u2013 doivent \u00e9galement revenir vendredi soir.<\/p>\n<p><a target=\"_self\" href=\"https:\/\/www.lanouvellerepublique.fr\/a-la-une\/les-passagers-du-madleen-le-bateau-qui-voulait-rejoindre-gaza-transferes-a-l-aeroport-pour-etre-rapatries-1749533320\" rel=\"nofollow noopener\">Les douze passagers \u00e0 bord du bateau<\/a> affr\u00e9t\u00e9 par la Coalition de la flottille pour la libert\u00e9, un mouvement international non violent de soutien aux Palestiniens lanc\u00e9 en 2010, combinant aide humanitaire et protestation politique contre le blocus du territoire palestinien, ont \u00e9t\u00e9 interdits de s\u00e9jour en Isra\u00ebl pendant cent ans, selon l\u2019ONG. Apr\u00e8s avoir atteint la c\u00f4te \u00e9gyptienne, le Madleen s\u2019\u00e9tait approch\u00e9 de Gaza en d\u00e9pit des mises en garde d\u2019Isra\u00ebl contre toute tentative de \u00ab\u00a0briser le blocus maritime\u00a0\u00bb impos\u00e9 au territoire, \u00ab\u00a0dont l\u2019objectif principal est d\u2019emp\u00eacher le transfert d\u2019armes au Hamas\u00a0\u00bb, consid\u00e9r\u00e9 comme une organisation terroriste par Isra\u00ebl, les \u00c9tats-Unis et l\u2019Union europ\u00e9enne notamment.<\/p>\n<p>Isra\u00ebl fait face \u00e0 une forte pression internationale pour mettre fin aux bombardements quotidiens de son arm\u00e9e \u00e0 Gaza. L\u2019ONU a d\u00e9nonc\u00e9 le 4\u00a0juin le choix \u00ab\u00a0d\u00e9lib\u00e9r\u00e9\u00a0\u00bb d\u2019Isra\u00ebl de priver les Gazaouis \u00ab\u00a0des moyens de leur survie\u00a0\u00bb.<\/p>\n","protected":false},"excerpt":{"rendered":"L\u2019eurod\u00e9put\u00e9e LFI Rima Hassan est revenue jeudi 12\u00a0juin 2025 au soir, \u00e0 Paris, sous les acclamations de plusieurs&hellip;\n","protected":false},"author":2,"featured_media":171861,"comment_status":"","ping_status":"","sticky":false,"template":"","format":"standard","meta":{"footnotes":""},"categories":[4],"tags":[328,11,1011,27,329,664,12,316,25],"class_list":{"0":"post-171860","1":"post","2":"type-post","3":"status-publish","4":"format-standard","5":"has-post-thumbnail","7":"category-france","8":"tag-a-la-une","9":"tag-actualites","10":"tag-fr","11":"tag-france","12":"tag-france-monde","13":"tag-israel","14":"tag-news","15":"tag-politique","16":"tag-republique-francaise"},"share_on_mastodon":{"url":"https:\/\/pubeurope.com\/@fr\/114672740854149755","error":""},"_links":{"self":[{"href":"https:\/\/www.europesays.com\/fr\/wp-json\/wp\/v2\/posts\/171860","targetHints":{"allow":["GET"]}}],"collection":[{"href":"https:\/\/www.europesays.com\/fr\/wp-json\/wp\/v2\/posts"}],"about":[{"href":"https:\/\/www.europesays.com\/fr\/wp-json\/wp\/v2\/types\/post"}],"author":[{"embeddable":true,"href":"https:\/\/www.europesays.com\/fr\/wp-json\/wp\/v2\/users\/2"}],"replies":[{"embeddable":true,"href":"https:\/\/www.europesays.com\/fr\/wp-json\/wp\/v2\/comments?post=171860"}],"version-history":[{"count":0,"href":"https:\/\/www.europesays.com\/fr\/wp-json\/wp\/v2\/posts\/171860\/revisions"}],"wp:featuredmedia":[{"embeddable":true,"href":"https:\/\/www.europesays.com\/fr\/wp-json\/wp\/v2\/media\/171861"}],"wp:attachment":[{"href":"https:\/\/www.europesays.com\/fr\/wp-json\/wp\/v2\/media?parent=171860"}],"wp:term":[{"taxonomy":"category","embeddable":true,"href":"https:\/\/www.europesays.com\/fr\/wp-json\/wp\/v2\/categories?post=171860"},{"taxonomy":"post_tag","embeddable":true,"href":"https:\/\/www.europesays.com\/fr\/wp-json\/wp\/v2\/tags?post=171860"}],"curies":[{"name":"wp","href":"https:\/\/api.w.org\/{rel}","templated":true}]}}