{"id":171864,"date":"2025-06-12T22:26:09","date_gmt":"2025-06-12T22:26:09","guid":{"rendered":"https:\/\/www.europesays.com\/fr\/171864\/"},"modified":"2025-06-12T22:26:09","modified_gmt":"2025-06-12T22:26:09","slug":"ville-et-agglomeration-au-secours-des-pirates-reveillant-lespoir-dun-maintien-en-ligue-b","status":"publish","type":"post","link":"https:\/\/www.europesays.com\/fr\/171864\/","title":{"rendered":"Ville et Agglom\u00e9ration au secours des Pirates, r\u00e9veillant l\u2019espoir d\u2019un maintien en Ligue B"},"content":{"rendered":"<p>Ville de Royan et Communaut\u00e9 d\u2019agglom\u00e9ration Royan Atlantique (Cara) viennent d\u2019allumer une lueur d\u2019espoir au-dessus du sort de l\u2019\u00e9quipe professionnelle du Royan Atlantique Volley-Ball (RAVB). Chacune des deux collectivit\u00e9s locales a accept\u00e9 d\u2019apporter aux Pirates une aide de 40\u00a0000\u00a0euros, soit 80\u00a0000\u00a0euros des 140\u00a0000\u00a0euros que le club doit trouver d\u2019ici au 30\u00a0juin pour convaincre la DNACG de sa capacit\u00e9 financi\u00e8re \u00e0 assumer une troisi\u00e8me saison en Ligue B, la deuxi\u00e8me division nationale Apr\u00e8s avoir auditionn\u00e9 le club royannais le 5\u00a0juin dernier, la Direction nationale d\u2019aide et de contr\u00f4le de gestion n\u2019avait pas valid\u00e9 le budget 2025-2026 du RAVB pour \u00ab\u00a0insuffisance financi\u00e8re\u00a0\u00bb, entrouvrant la porte d\u2019une rel\u00e9gation administrative.<\/p>\n<p>Le pr\u00e9sident du Royan Atlantique Volley-Ball, David Guelle, a aussit\u00f4t fait appel de cette d\u00e9cision. L\u2019organisme de contr\u00f4le des clubs professionnels, ind\u00e9pendant de la Ligue nationale de volley-ball (LNV), laisse au club royannais jusqu\u2019au 30\u00a0juin pour apporter de nouveaux \u00e9l\u00e9ments, avant le nouvel examen de sa situation comptable, le 4\u00a0juillet. \u00ab\u00a0Les 80\u00a0000\u00a0euros qu\u2019apportent la Ville de Royan et la Cara restent insuffisants, puisque nous devons justifier en tout de 140\u00a0000\u00a0euros de plus sur notre budget, mais \u00e7a fait du bien, \u00e7a permet de faire bouger les choses. Je dis depuis la perte d\u2019une partie de l\u2019aide apport\u00e9e par le Conseil d\u00e9partemental (1) que \u00e7a devait devenir un projet de territoire\u00a0\u00bb, rappelle David Guelle.<\/p>\n<p>S\u00e9duire la DNACG<\/p>\n<p>\u00ab\u00a0Il faut qu\u2019on les aide. Sinon, on le regrettera\u00a0\u00bb, glissait en milieu de semaine Patrick Marengo. Convaincu des retomb\u00e9es d\u2019image pour la ville de la pr\u00e9sence d\u2019un club de sport collectif en division nationale, le maire de Royan \u00e9tait d\u2019abord pr\u00eat \u00e0 mettre 30 000 euros de plus, portant l\u2019aide de la Ville de 125\u00a0000\u00a0euros \u00e0 155\u00a0000\u00a0euros. Pour mettre, elle aussi, la main au portefeuille, \u00e0 hauteur de 40\u00a0000\u00a0euros donc, la Cara a demand\u00e9 \u00e0 la Ville de Royan un \u2013 nouvel \u2013 effort \u00e9quivalent.<\/p>\n<blockquote><p>\u00ab\u00a0La DNACG a besoin de sentir qu\u2019il existe une volont\u00e9 politique d\u2019accompagner l\u2019\u00e9quipe\u00a0\u00bb<\/p><\/blockquote>\n<p>Si, arithm\u00e9tiquement, les 80\u00a0000\u00a0euros suppl\u00e9mentaires obtenus par le RAVB ne suffisent pas, \u00ab\u00a0au moins, ils prouvent \u00e0 la DNACG que les collectivit\u00e9s soutiennent notre projet\u00a0\u00bb, appr\u00e9cie David Guelle. \u00ab\u00a0On doit lui inspirer confiance. La DNACG a besoin de sentir qu\u2019il existe une volont\u00e9 politique d\u2019accompagner l\u2019\u00e9quipe. On conna\u00eet le contexte \u00e9conomique, la Direction nationale d\u2019aide et de contr\u00f4le de gestion a des interrogations sur la capacit\u00e9 des entreprises priv\u00e9es \u00e0 maintenir leur aide, m\u00eame si nous lui avons montr\u00e9 que nos partenaires nous maintenaient leur soutien et que de nouveaux rejoignaient le projet. Les seules garanties qui vaillent sont les garanties publiques.\u00a0\u00bb<\/p>\n<p>Aide \u00ab\u00a0exceptionnelle\u00a0\u00bb<\/p>\n<p>Temporairement soulag\u00e9, David Guelle sait qu\u2019il n\u2019a fait qu\u2019une partie du chemin. Le club doit encore trouver 60\u00a0000\u00a0euros. <a href=\"https:\/\/www.helloasso.com\/associations\/royan-atlantique-volley-ball\/collectes\/les-pirates-en-detresse-redressons-la-barre-ensemble\" target=\"_blank\" rel=\"nofollow noopener\">Une cagnotte ouverte en ligne<\/a> sur le site \u00ab\u00a0helloasso.com\u00a0\u00bb avait d\u00e9j\u00e0 recueilli le 12\u00a0juin plus de 9\u00a0000\u00a0euros de dons, \u00ab\u00a0d\u00e9ductibles des imp\u00f4ts\u00a0\u00bb, rappelle opportun\u00e9ment le Royan Atlantique Volley-Ball, pour mieux convaincre particuliers et entreprises de participer \u00e0 cet \u00e9lan de solidarit\u00e9.<\/p>\n<p>David Guelle sait aussi que les aides publiques suppl\u00e9mentaires octroy\u00e9es pourraient n\u2019\u00eatre qu\u2019un fusil \u00e0 un coup, pour reprendre l\u2019une des expressions f\u00e9tiches de Patrick Marengo, qui pr\u00e9vient d\u00e9j\u00e0. \u00ab\u00a0Nous sommes au maximum de ce que nous pouvons faire. Je pr\u00e9cise que c\u2019est une aide exceptionnelle.\u00a0\u00bb Le maire de Royan ne voudrait pas pour autant \u00ab\u00a0qu\u2019on puisse dire que le club de volley a \u00e9t\u00e9 l\u00e2ch\u00e9 par la Ville. Les volleyeurs, et leur pr\u00e9sident David Guelle en t\u00eate, ont cr\u00e9\u00e9 une dynamique incroyable. De plus, \u00e7a s\u2019inscrit dans un projet entrepreneurial\u00a0qui fait un bien fou \u00e0 notre territoire. Ce sont des entrepreneurs comme David Guelle dont nous avons besoin. Il a des ambitions, un projet.\u00a0\u00bb<\/p>\n<p>La Cara s\u2019engage<\/p>\n<p>\u00c0 voir si la Communaut\u00e9 d\u2019agglom\u00e9ration, elle, p\u00e9rennisera cette aide de 40\u00a0000\u00a0euros, en plus des 80\u00a0000\u00a0euros que l\u2019office de tourisme communautaire (OTC) apporte d\u00e9j\u00e0 aux Pirates. La Cara semble en passe, au moins, de s\u2019en donner les moyens juridiques. Une d\u00e9lib\u00e9ration sera soumise en juillet aux \u00e9lus communautaires, leur proposant que la Cara prenne partiellement la comp\u00e9tence facultative \u00ab\u00a0sport\u00a0\u00bb, qui lui permettrait de soutenir une \u00e9quipe professionnelle telle que celle des Pirates.<\/p>\n<p>\u00ab\u00a0La terminologie exacte de cette comp\u00e9tence n\u2019est pas tout \u00e0 fait arr\u00eat\u00e9e\u00a0\u00bb, explique Vincent Barraud. La proc\u00e9dure de prise de comp\u00e9tence prendra plusieurs mois. En parall\u00e8le de l\u2019octroi des 40\u00a0000\u00a0euros d\u00e9cid\u00e9s dans l\u2019urgence de ce mois de juin, le pr\u00e9sident de l\u2019Agglom\u00e9ration a donc \u00e9galement \u00ab\u00a0invit\u00e9 (ses) coll\u00e8gues maires \u00e0 faire un geste pour aider \u00e0 passer 2025\u00a0\u00bb.<\/p>\n<p>(1) Le D\u00e9partement avait accept\u00e9 le principe d\u2019une subvention de 100\u00a0000\u00a0euros, finalement r\u00e9duite \u00e0 45\u00a0000\u00a0euros.<\/p>\n","protected":false},"excerpt":{"rendered":"Ville de Royan et Communaut\u00e9 d\u2019agglom\u00e9ration Royan Atlantique (Cara) viennent d\u2019allumer une lueur d\u2019espoir au-dessus du sort de&hellip;\n","protected":false},"author":2,"featured_media":171865,"comment_status":"","ping_status":"","sticky":false,"template":"","format":"standard","meta":{"footnotes":""},"categories":[1417],"tags":[1011,27,60,1470,1469],"class_list":{"0":"post-171864","1":"post","2":"type-post","3":"status-publish","4":"format-standard","5":"has-post-thumbnail","7":"category-volley","8":"tag-fr","9":"tag-france","10":"tag-sports","11":"tag-volley","12":"tag-volleyball"},"share_on_mastodon":{"url":"https:\/\/pubeurope.com\/@fr\/114672748664474995","error":""},"_links":{"self":[{"href":"https:\/\/www.europesays.com\/fr\/wp-json\/wp\/v2\/posts\/171864","targetHints":{"allow":["GET"]}}],"collection":[{"href":"https:\/\/www.europesays.com\/fr\/wp-json\/wp\/v2\/posts"}],"about":[{"href":"https:\/\/www.europesays.com\/fr\/wp-json\/wp\/v2\/types\/post"}],"author":[{"embeddable":true,"href":"https:\/\/www.europesays.com\/fr\/wp-json\/wp\/v2\/users\/2"}],"replies":[{"embeddable":true,"href":"https:\/\/www.europesays.com\/fr\/wp-json\/wp\/v2\/comments?post=171864"}],"version-history":[{"count":0,"href":"https:\/\/www.europesays.com\/fr\/wp-json\/wp\/v2\/posts\/171864\/revisions"}],"wp:featuredmedia":[{"embeddable":true,"href":"https:\/\/www.europesays.com\/fr\/wp-json\/wp\/v2\/media\/171865"}],"wp:attachment":[{"href":"https:\/\/www.europesays.com\/fr\/wp-json\/wp\/v2\/media?parent=171864"}],"wp:term":[{"taxonomy":"category","embeddable":true,"href":"https:\/\/www.europesays.com\/fr\/wp-json\/wp\/v2\/categories?post=171864"},{"taxonomy":"post_tag","embeddable":true,"href":"https:\/\/www.europesays.com\/fr\/wp-json\/wp\/v2\/tags?post=171864"}],"curies":[{"name":"wp","href":"https:\/\/api.w.org\/{rel}","templated":true}]}}