{"id":17188,"date":"2025-04-11T11:42:08","date_gmt":"2025-04-11T11:42:08","guid":{"rendered":"https:\/\/www.europesays.com\/fr\/17188\/"},"modified":"2025-04-11T11:42:08","modified_gmt":"2025-04-11T11:42:08","slug":"il-perd-son-alliance-dans-la-paille-un-boucher-la-retrouve-dans-lestomac-dune-vache","status":"publish","type":"post","link":"https:\/\/www.europesays.com\/fr\/17188\/","title":{"rendered":"Il perd son alliance dans la paille, un boucher la retrouve dans l\u2019estomac d\u2019une vache"},"content":{"rendered":"<p><strong>Lente digestion &#8211; Il aura fallu quatre mois \u00e0 Johannes Brandhuber pour r\u00e9cup\u00e9rer sa bague de mariage, aval\u00e9e par une vache<\/strong><\/p>\n<p>Elle s\u2019appelait \u00ab\u00a0Herzal\u00a0\u00bb, ce qui signifie \u00ab\u00a0petit c\u0153ur\u00a0\u00bb en bavarois. <a href=\"https:\/\/www.20minutes.fr\/dossier\/vache\" rel=\"nofollow noopener\" target=\"_blank\" data-ylk=\"slk:Cette vache;elm:context_link;itc:0;sec:content-canvas\" class=\"link \">Cette vache<\/a> ne le sait sans doute pas, mais elle est devenue l\u2019h\u00e9ro\u00efne d\u2019une improbable histoire. Malheureusement pour le bovin, c\u2019est \u00e0 sa mort que l\u2019incroyable r\u00e9cit a commenc\u00e9. Plus exactement quand le boucher qui \u00e9tait charg\u00e9 de la d\u00e9couper a d\u00e9couvert une bague dans son estomac.<\/p>\n<p>Cet anneau dor\u00e9 avait \u00e9t\u00e9 perdu quatre mois plus t\u00f4t par un \u00e9leveur de Simbach am Inn, petite commune du sud la Bavi\u00e8re, en <a href=\"https:\/\/www.20minutes.fr\/dossier\/allemagne\" rel=\"nofollow noopener\" target=\"_blank\" data-ylk=\"slk:Allemagne;elm:context_link;itc:0;sec:content-canvas\" class=\"link \">Allemagne<\/a>. C\u2019est dans cette ferme situ\u00e9e \u00e0 quelques kilom\u00e8tres de la fronti\u00e8re autrichienne que Johannes Brandhuber a vu l\u2019une de ses vaches avaler son alliance, rapportent <a href=\"https:\/\/nordot.app\/1282289637925192320\" rel=\"nofollow noopener\" target=\"_blank\" data-ylk=\"slk:l\u2019agence DPA;elm:context_link;itc:0;sec:content-canvas\" class=\"link \">l\u2019agence DPA<\/a> et le \u00ab\u00a0https:\/\/www.pnp.de\/lokales\/landkreis-passau\/die-kuh-herzal-schluckte-den-ehering-ihres-besitzers-beim-schlachten-nach-vier-monaten-gefunden-18355250\u00a0\u00bb&gt;journal Passauer Neue Presse.<\/p>\n<p>Apr\u00e8s avoir perdu son pr\u00e9cieux anneau, l\u2019agriculteur allemand avait retourn\u00e9 la paille de toute son \u00e9table. En vain. Mari\u00e9 depuis deux ans, il avait finalement d\u00fb se r\u00e9soudre \u00e0 acheter une autre bague.<\/p>\n<p>Il y a quelques jours, le paysan a pourtant eu la surprise de recevoir un appel de Josef Steinleitner, un boucher install\u00e9 \u00e0 une cinquantaine kilom\u00e8tres de l\u00e0, qui affirmait avoir retrouv\u00e9 sa bague dans le rumen (le premier estomac) de la vache qu\u2019il devait d\u00e9pecer. \u00ab\u00a0La bague d\u2019origine \u00e9tait tr\u00e8s us\u00e9e apr\u00e8s des mois pass\u00e9s dans l\u2019estomac de la vache et les initiales \u00e9taient \u00e0 peine lisibles\u00a0\u00bb, pr\u00e9cise l\u2019agence DPA. Mais l\u2019anneau a pu \u00eatre rendu \u00e0 son propri\u00e9taire, pour son plus grand bonheur et celui de sa femme. Mais pas de l\u2019animal.<\/p>\n<p><a href=\"https:\/\/www.20minutes.fr\/monde\/allemagne\/4148142-20250411-allemagne-perd-alliance-paille-boucher-retrouve-estomac-vache&quot;\" rel=\"nofollow noopener\" target=\"_blank\" data-ylk=\"slk:Lire la suite sur 20minutes;elm:context_link;itc:0;sec:content-canvas\" class=\"link \">Lire la suite sur 20minutes<\/a><\/p>\n<p>\u00c0 lire aussi :<br \/><a href=\"https:\/\/www.20minutes.fr\/sport\/football\/4147946-20250410-stade-brestois-alliance-egaree-avant-match-face-real-madrid-va-retrouver-proprietaire\" rel=\"nofollow noopener\" target=\"_blank\" data-ylk=\"slk:Stade Brestois\u00a0: L\u2019alliance \u00e9gar\u00e9e avant un match face au Real Madrid va retrouver son propri\u00e9taire;elm:context_link;itc:0;sec:content-canvas\" class=\"link \">Stade Brestois\u00a0: L\u2019alliance \u00e9gar\u00e9e avant un match face au Real Madrid va retrouver son propri\u00e9taire<\/a><br \/><a href=\"https:\/\/www.20minutes.fr\/arts-stars\/people\/4147530-20250408-20-ans-mariage-charles-camilla-retour-histoire-amour-scandaleuse\" rel=\"nofollow noopener\" target=\"_blank\" data-ylk=\"slk:20 ans de mariage de Charles et Camilla\u00a0: Retour sur une histoire d\u2019amour \u00ab\u00a0scandaleuse\u00a0\u00bb;elm:context_link;itc:0;sec:content-canvas\" class=\"link \">20 ans de mariage de Charles et Camilla\u00a0: Retour sur une histoire d\u2019amour \u00ab\u00a0scandaleuse\u00a0\u00bb<\/a><\/p>\n","protected":false},"excerpt":{"rendered":"Lente digestion &#8211; Il aura fallu quatre mois \u00e0 Johannes Brandhuber pour r\u00e9cup\u00e9rer sa bague de mariage, aval\u00e9e&hellip;\n","protected":false},"author":2,"featured_media":17189,"comment_status":"","ping_status":"","sticky":false,"template":"","format":"standard","meta":{"footnotes":""},"categories":[1587],"tags":[6967,11,672,1804,1805,1803,1777,674,1801,6965,12,1802,6966],"class_list":{"0":"post-17188","1":"post","2":"type-post","3":"status-publish","4":"format-standard","5":"has-post-thumbnail","7":"category-allemagne","8":"tag-20-ans-de-mariage","9":"tag-actualites","10":"tag-allemagne","11":"tag-bundesrepublik-deutschland","12":"tag-de","13":"tag-deutschland","14":"tag-eu","15":"tag-europe","16":"tag-germany","17":"tag-johannes-brandhuber","18":"tag-news","19":"tag-republique-federale-dallemagne","20":"tag-une-histoire-damour"},"share_on_mastodon":{"url":"https:\/\/pubeurope.com\/@fr\/114319153131326967","error":""},"_links":{"self":[{"href":"https:\/\/www.europesays.com\/fr\/wp-json\/wp\/v2\/posts\/17188","targetHints":{"allow":["GET"]}}],"collection":[{"href":"https:\/\/www.europesays.com\/fr\/wp-json\/wp\/v2\/posts"}],"about":[{"href":"https:\/\/www.europesays.com\/fr\/wp-json\/wp\/v2\/types\/post"}],"author":[{"embeddable":true,"href":"https:\/\/www.europesays.com\/fr\/wp-json\/wp\/v2\/users\/2"}],"replies":[{"embeddable":true,"href":"https:\/\/www.europesays.com\/fr\/wp-json\/wp\/v2\/comments?post=17188"}],"version-history":[{"count":0,"href":"https:\/\/www.europesays.com\/fr\/wp-json\/wp\/v2\/posts\/17188\/revisions"}],"wp:featuredmedia":[{"embeddable":true,"href":"https:\/\/www.europesays.com\/fr\/wp-json\/wp\/v2\/media\/17189"}],"wp:attachment":[{"href":"https:\/\/www.europesays.com\/fr\/wp-json\/wp\/v2\/media?parent=17188"}],"wp:term":[{"taxonomy":"category","embeddable":true,"href":"https:\/\/www.europesays.com\/fr\/wp-json\/wp\/v2\/categories?post=17188"},{"taxonomy":"post_tag","embeddable":true,"href":"https:\/\/www.europesays.com\/fr\/wp-json\/wp\/v2\/tags?post=17188"}],"curies":[{"name":"wp","href":"https:\/\/api.w.org\/{rel}","templated":true}]}}