{"id":171890,"date":"2025-06-12T22:40:09","date_gmt":"2025-06-12T22:40:09","guid":{"rendered":"https:\/\/www.europesays.com\/fr\/171890\/"},"modified":"2025-06-12T22:40:09","modified_gmt":"2025-06-12T22:40:09","slug":"dans-une-clinique-parisienne-la-lutte-au-quotidien-pour-vaincre-lanorexie","status":"publish","type":"post","link":"https:\/\/www.europesays.com\/fr\/171890\/","title":{"rendered":"dans une clinique parisienne, la lutte au quotidien pour vaincre l\u2019anorexie"},"content":{"rendered":"<p><strong>REPORTAGE &#8211;<\/strong> La clinique FSEF Paris 16 accueille une vingtaine d\u2019adolescents atteints de troubles des conduites alimentaires, en forte hausse depuis le Covid.<\/p>\n<p class=\"fig-paragraph\">Pour Marine*, un yaourt \u00e0 la fraise, une pomme, deux petits paquets de galettes Saint-Michel. Pour Louise*, un yaourt aux fruits des bois, un muffin au chocolat, une compote de pommes. Pour Solveig*, un pain au lait, un yaourt nature avec du sucre, une compote de pommes, une barre de chocolat. Et ainsi de suite pour dix-huit autres adolescents. De loin, ce repas pris en commun pourrait para\u00eetre totalement anodin. Mais \u00e0 y regarder de plus pr\u00e8s\u2026 Une jeune fille ne touche pas \u00e0 sa barre de chocolat. Une seconde repousse son pain au lait. Une troisi\u00e8me semble lutter pour finir son yaourt.<\/p>\n<p class=\"fig-paragraph\">Comme le d\u00e9jeuner, le moment du go\u00fbter constitue un temps fort de la vie quotidienne de l\u2019unit\u00e9 de jour Michel-Ange. Du lundi au vendredi, 21\u00a0jeunes \u00e2g\u00e9s de 12 \u00e0 20\u00a0ans passent la journ\u00e9e dans ce service de la clinique FSEF Paris 16 &#8211; ex-clinique \u00c9douard-Rist &#8211; destin\u00e9 aux adolescents pr\u00e9sentant des\u00a0<a href=\"https:\/\/sante.lefigaro.fr\/article\/anorexie-boulimie-5-idees-recues-sur-les-troubles-des-conduites-alimentaires\/\" data-fig-type=\"Article\" data-gtm-custom-categorie=\"navigation\" data-gtm-custom-action=\"crossclick\" data-gtm-custom-label=\"Contextuel\" data-gtm-event=\"customEventSPE\" data-fig-domain=\"SANTE\" target=\"_blank\" rel=\"noopener\">troubles des conduites alimentaires<\/a>\u00a0(TCA). Cr\u00e9\u00e9 en 2019, le service accueille majoritairement \u00ab\u00a0des patients\u2026<\/p>\n<p class=\"fig-premium-paywall__infos\">\n        Cet article est r\u00e9serv\u00e9 aux abonn\u00e9s.        Il vous reste 85% \u00e0 d\u00e9couvrir.\n    <\/p>\n<p>                <img  data- alt=\"Le Figaro\" class=\"fig-img--complete fig-img\"\/><\/p>\n<p class=\"fig-premium-paywall__title\">Vente Flash<\/p>\n<p class=\"fig-premium-paywall__subtitle\">3,99\u20ac par mois pendant 12 mois. Sans engagement.<\/p>\n<p class=\"fig-premium-paywall__connect\">\n                D\u00e9j\u00e0 abonn\u00e9\u00a0?                <a class=\"fig-premium-paywall__connect-link\" href=\"https:\/\/connect.lefigaro.fr\/login?client=horizon_web&amp;type=main&amp;redirect_uri=https%3A%2F%2Fwww.lefigaro.fr%2Factualite-france%2Fune-petite-voix-dans-ma-tete-me-disait-de-mincir-toujours-plus-dans-une-clinique-parisienne-la-lutte-au-quotidien-pour-vaincre-l-anorexie-20250612\" data-js-gtm=\"{&quot;customCategorie&quot;: &quot;conversion&quot;, &quot;customAction&quot;: &quot;before_Landing_Connexion_paywall_auto&quot;, &quot;customLabel&quot;: &quot;bGVmaWdhcm8uZnJfXzFmMDQ3NWFhLWYzZjItNjI5Mi04MjQzLWZiOWVhNGU3YjJhMl9fQXJ0aWNsZQ==_\u00abUne petite voix dans ma t\u00eate me disait de mincir toujours plus\u00bb: dans une clinique parisienne, la lutte au quotidien pour vaincre l\u2019anorexie_408&quot;, &quot;customIDSPE&quot;: &quot;bGVmaWdhcm8uZnJfXzFmMDQ3NWFhLWYzZjItNjI5Mi04MjQzLWZiOWVhNGU3YjJhMl9fQXJ0aWNsZQ==&quot;, &quot;event&quot;: &quot;customEventSPE&quot;}\" target=\"_blank\" rel=\"noopener\"><br \/>\n                    Connectez-vous<br \/>\n                <\/a>\n            <\/p>\n","protected":false},"excerpt":{"rendered":"REPORTAGE &#8211; La clinique FSEF Paris 16 accueille une vingtaine d\u2019adolescents atteints de troubles des conduites alimentaires, en&hellip;\n","protected":false},"author":2,"featured_media":171891,"comment_status":"","ping_status":"","sticky":false,"template":"","format":"standard","meta":{"footnotes":""},"categories":[10],"tags":[47,1058,1054,1059,1060,1055,16021,1057,118,1011,27,72,1061,303,626,1062,71,2072,656,104,1056,17097,809],"class_list":{"0":"post-171890","1":"post","2":"type-post","3":"status-publish","4":"format-standard","5":"has-post-thumbnail","7":"category-sante","8":"tag-actualite","9":"tag-actualite-education","10":"tag-actualite-france","11":"tag-actualite-justice","12":"tag-actualite-securite","13":"tag-actualite-societe","14":"tag-anorexie","15":"tag-education","16":"tag-faits-divers","17":"tag-fr","18":"tag-france","19":"tag-health","20":"tag-immigration","21":"tag-justice","22":"tag-paris","23":"tag-polemique","24":"tag-sante","25":"tag-sante-mentale","26":"tag-securite","27":"tag-societe","28":"tag-societe-francaise","29":"tag-troubles-alimentaires","30":"tag-violence"},"share_on_mastodon":{"url":"https:\/\/pubeurope.com\/@fr\/114672803775842537","error":""},"_links":{"self":[{"href":"https:\/\/www.europesays.com\/fr\/wp-json\/wp\/v2\/posts\/171890","targetHints":{"allow":["GET"]}}],"collection":[{"href":"https:\/\/www.europesays.com\/fr\/wp-json\/wp\/v2\/posts"}],"about":[{"href":"https:\/\/www.europesays.com\/fr\/wp-json\/wp\/v2\/types\/post"}],"author":[{"embeddable":true,"href":"https:\/\/www.europesays.com\/fr\/wp-json\/wp\/v2\/users\/2"}],"replies":[{"embeddable":true,"href":"https:\/\/www.europesays.com\/fr\/wp-json\/wp\/v2\/comments?post=171890"}],"version-history":[{"count":0,"href":"https:\/\/www.europesays.com\/fr\/wp-json\/wp\/v2\/posts\/171890\/revisions"}],"wp:featuredmedia":[{"embeddable":true,"href":"https:\/\/www.europesays.com\/fr\/wp-json\/wp\/v2\/media\/171891"}],"wp:attachment":[{"href":"https:\/\/www.europesays.com\/fr\/wp-json\/wp\/v2\/media?parent=171890"}],"wp:term":[{"taxonomy":"category","embeddable":true,"href":"https:\/\/www.europesays.com\/fr\/wp-json\/wp\/v2\/categories?post=171890"},{"taxonomy":"post_tag","embeddable":true,"href":"https:\/\/www.europesays.com\/fr\/wp-json\/wp\/v2\/tags?post=171890"}],"curies":[{"name":"wp","href":"https:\/\/api.w.org\/{rel}","templated":true}]}}