{"id":171909,"date":"2025-06-12T22:49:09","date_gmt":"2025-06-12T22:49:09","guid":{"rendered":"https:\/\/www.europesays.com\/fr\/171909\/"},"modified":"2025-06-12T22:49:09","modified_gmt":"2025-06-12T22:49:09","slug":"la-dncg-apporte-des-bonnes-nouvelles-a-lom-metz-et-saint-etienne-france-dncg","status":"publish","type":"post","link":"https:\/\/www.europesays.com\/fr\/171909\/","title":{"rendered":"La DNCG apporte des bonnes nouvelles \u00e0 l\u2019OM, Metz et Saint-\u00c9tienne &#8211; France &#8211; DNCG"},"content":{"rendered":"<p><a target=\"_blank\" href=\"https:\/\/www.sofoot.com\/breves\/lens-caen-toulouse-quatre-clubs-de-ligue-2-et-un-de-national-sont-valides-par-la-dncg\" rel=\"nofollow noopener\">Tout va bien pour les clubs de Ligue 1<\/a>, pour l\u2019instant, devant la DNCG.<\/p>\n<p>Ce jeudi 12 juin, <strong>la DNCG a valid\u00e9 le budget de quatre nouveaux clubs fran\u00e7ais : <\/strong>Metz, tout juste promu en Ligue 1, Saint-\u00c9tienne qui \u00e9voluera en Ligue 2 et Marseille. Aucune mesure n\u2019a \u00e9t\u00e9 prise \u00e0 l\u2019\u00e9gard de ces clubs, ainsi que pour Pau, qui a \u00e9galement pass\u00e9 l\u2019obstacle du gendarme financier du football fran\u00e7ais sans encombres.<\/p>\n<p>Aucun club de Ligue 1 ou de Ligue 2 n\u2019a encore \u00e9t\u00e9 mis en difficult\u00e9 par la DNCG depuis le d\u00e9but des passages, le 27 mai dernier.<\/p>\n<p>Marseille a d\u00e9j\u00e0 commenc\u00e9 les grandes man\u0153uvres<\/p>\n<p><strong>Une bonne nouvelle pour les Marseillais qui ont d\u00e9j\u00e0 lanc\u00e9 leur mercato estival<\/strong>. <a target=\"_blank\" href=\"https:\/\/www.sofoot.com\/breves\/mercato-angel-gomes-arrive-a-lom\" rel=\"nofollow noopener\">Le club a annonc\u00e9 avoir \u00ab\u202fun accord de principe\u202f\u00bb avec Angel Gomes<\/a>, alors que plusieurs autres joueurs tels que CJ Egan-Riley ou Facundo Medina figurent \u00e9galement sur les tablettes phoc\u00e9ennes. Metz devrait attendre la r\u00e9ouverture du mercato pour recruter, pendant que <a target=\"_blank\" href=\"https:\/\/www.sofoot.com\/breves\/lhistoire-damour-continue-entre-irvin-cardona-et-las-saint-etienne\" rel=\"nofollow noopener\">Saint-\u00c9tienne a d\u00e9finitivement ramen\u00e9 Irvin Cardona \u00e0 la maison<\/a>.<\/p>\n<p>Aux suivants !<\/p>\n<p>\t\t\t\t\t\t\t\t\t\t<a class=\"lien-connexe\" href=\"https:\/\/www.sofoot.com\/breves\/canal-se-positionne-pour-diffuser-a-nouveau-la-ligue-1-deux-offres-transmises-a-la-lfp\" rel=\"nofollow noopener\" target=\"_blank\">Canal+ se positionne pour diffuser \u00e0 nouveau la Ligue 1<\/a>\t\t\t\t\t<\/p>\n","protected":false},"excerpt":{"rendered":"Tout va bien pour les clubs de Ligue 1, pour l\u2019instant, devant la DNCG. Ce jeudi 12 juin,&hellip;\n","protected":false},"author":2,"featured_media":171910,"comment_status":"","ping_status":"","sticky":false,"template":"","format":"standard","meta":{"footnotes":""},"categories":[9653],"tags":[1111,47,11,61,2430,69,65,64,1777,674,63,1011,27,68,66,12,62,70,25,4001,67],"class_list":{"0":"post-171909","1":"post","2":"type-post","3":"status-publish","4":"format-standard","5":"has-post-thumbnail","7":"category-saint-etienne","8":"tag-actu","9":"tag-actualite","10":"tag-actualites","11":"tag-actus-football","12":"tag-auvergne-rhone-alpes","13":"tag-bundesliga","14":"tag-championnats-europeens","15":"tag-equipe-de-france","16":"tag-eu","17":"tag-europe","18":"tag-football","19":"tag-fr","20":"tag-france","21":"tag-ligua","22":"tag-ligue-1","23":"tag-news","24":"tag-news-foot","25":"tag-premier-league","26":"tag-republique-francaise","27":"tag-saint-etienne","28":"tag-serie-a"},"share_on_mastodon":{"url":"https:\/\/pubeurope.com\/@fr\/114672839162378755","error":""},"_links":{"self":[{"href":"https:\/\/www.europesays.com\/fr\/wp-json\/wp\/v2\/posts\/171909","targetHints":{"allow":["GET"]}}],"collection":[{"href":"https:\/\/www.europesays.com\/fr\/wp-json\/wp\/v2\/posts"}],"about":[{"href":"https:\/\/www.europesays.com\/fr\/wp-json\/wp\/v2\/types\/post"}],"author":[{"embeddable":true,"href":"https:\/\/www.europesays.com\/fr\/wp-json\/wp\/v2\/users\/2"}],"replies":[{"embeddable":true,"href":"https:\/\/www.europesays.com\/fr\/wp-json\/wp\/v2\/comments?post=171909"}],"version-history":[{"count":0,"href":"https:\/\/www.europesays.com\/fr\/wp-json\/wp\/v2\/posts\/171909\/revisions"}],"wp:featuredmedia":[{"embeddable":true,"href":"https:\/\/www.europesays.com\/fr\/wp-json\/wp\/v2\/media\/171910"}],"wp:attachment":[{"href":"https:\/\/www.europesays.com\/fr\/wp-json\/wp\/v2\/media?parent=171909"}],"wp:term":[{"taxonomy":"category","embeddable":true,"href":"https:\/\/www.europesays.com\/fr\/wp-json\/wp\/v2\/categories?post=171909"},{"taxonomy":"post_tag","embeddable":true,"href":"https:\/\/www.europesays.com\/fr\/wp-json\/wp\/v2\/tags?post=171909"}],"curies":[{"name":"wp","href":"https:\/\/api.w.org\/{rel}","templated":true}]}}