{"id":171912,"date":"2025-06-12T22:51:32","date_gmt":"2025-06-12T22:51:32","guid":{"rendered":"https:\/\/www.europesays.com\/fr\/171912\/"},"modified":"2025-06-12T22:51:32","modified_gmt":"2025-06-12T22:51:32","slug":"un-detenu-sevade-dun-centre-de-soins-securise-ou-il-etait-pris-en-charge","status":"publish","type":"post","link":"https:\/\/www.europesays.com\/fr\/171912\/","title":{"rendered":"un d\u00e9tenu s&rsquo;\u00e9vade d&rsquo;un centre de soins s\u00e9curis\u00e9 o\u00f9 il \u00e9tait pris en charge"},"content":{"rendered":"<p>L\u2019homme \u00e9tait \u00ablib\u00e9rable en janvier 2028\u00bb et avait \u00e9t\u00e9 condamn\u00e9 en f\u00e9vrier par la cour d\u2019appel de Metz \u00e0 trois ans d\u2019emprisonnement \u00abpour des faits de vol aggrav\u00e9\u00bb avec maintien en d\u00e9tention.<\/p>\n<p class=\"fig-paragraph\">Un d\u00e9tenu s&rsquo;est \u00e9vad\u00e9 dans la nuit de mardi \u00e0 mercredi de l&rsquo;unit\u00e9 hospitali\u00e8re s\u00e9curis\u00e9e interr\u00e9gionale (UHSI) de Nancy o\u00f9 il \u00e9tait pris en charge, a-t-on appris jeudi aupr\u00e8s de l&rsquo;<a href=\"http:\/\/www.lefigaro.fr\/marseille\/le-crime-ne-doit-pas-payer-a-marseille-des-vehicules-saisis-a-la-delinquance-remis-a-l-administration-penitentiaire-20250317\" target=\"_blank\" data-fig-type=\"NewsFlash\" rel=\"noopener\" data-gtm-custom-categorie=\"navigation\" data-gtm-custom-action=\"crossclick\" data-gtm-custom-label=\"Contextuel\" data-gtm-event=\"customEventSPE\" data-fig-domain=\"LEFIGARO\">administration p\u00e9nitentiaire<\/a>\u00a0et du parquet de la ville.<\/p>\n<p class=\"fig-paragraph\">Le d\u00e9tenu \u00abs&rsquo;est \u00e9vad\u00e9 de l&rsquo;UHSI\u00bb et est \u00abactivement recherch\u00e9\u00bb, a confirm\u00e9 \u00e0 l&rsquo;AFP Clara Ziegler, procureure de la R\u00e9publique adjointe de\u00a0<a href=\"http:\/\/www.lefigaro.fr\/faits-divers\/nancy-un-gendarme-volontairement-percute-par-un-motard-lors-d-un-rodeo-urbain-20250517\" target=\"_blank\" data-fig-type=\"NewsFlash\" rel=\"noopener\" data-gtm-custom-categorie=\"navigation\" data-gtm-custom-action=\"crossclick\" data-gtm-custom-label=\"Contextuel\" data-gtm-event=\"customEventSPE\" data-fig-domain=\"LEFIGARO\">Nancy<\/a>, confirmant une information de L&rsquo;Est R\u00e9publicain.<\/p>\n<p>De multiples infractions<\/p>\n<p class=\"fig-paragraph\">L&rsquo;homme \u00e9tait \u00ablib\u00e9rable en janvier 2028\u00bb et avait \u00e9t\u00e9 condamn\u00e9 en f\u00e9vrier par la cour d&rsquo;appel de Metz \u00e0 trois ans d&#8217;emprisonnement \u00abpour des faits de vol aggrav\u00e9\u00bb avec maintien en d\u00e9tention, a pr\u00e9cis\u00e9 la magistrate. \u00abIl est essentiellement connu pour des faits d&rsquo;atteinte aux biens, mais \u00e9galement des infractions routi\u00e8res, des infractions d&rsquo;outrage,\u00a0<a href=\"http:\/\/www.lefigaro.fr\/faits-divers\/tours-un-elu-municipal-poursuivi-pour-usage-de-stupefiants-20241123\" target=\"_blank\" data-fig-type=\"NewsFlash\" rel=\"noopener\" data-gtm-custom-categorie=\"navigation\" data-gtm-custom-action=\"crossclick\" data-gtm-custom-label=\"Contextuel\" data-gtm-event=\"customEventSPE\" data-fig-domain=\"LEFIGARO\">usage de stup\u00e9fiants<\/a> , violences\u00bb a-t-elle ajout\u00e9.<\/p>\n<p class=\"fig-paragraph\">Selon le journal local, le d\u00e9tenu, \u00e2g\u00e9 de 30 ans, \u00abest parvenu \u00e0 \u00e9carter les barreaux\u00bb et a ensuite saut\u00e9 par la fen\u00eatre de sa chambre, au premier \u00e9tage de l&rsquo;\u00e9tablissement.<\/p>\n","protected":false},"excerpt":{"rendered":"L\u2019homme \u00e9tait \u00ablib\u00e9rable en janvier 2028\u00bb et avait \u00e9t\u00e9 condamn\u00e9 en f\u00e9vrier par la cour d\u2019appel de Metz&hellip;\n","protected":false},"author":2,"featured_media":171913,"comment_status":"","ping_status":"","sticky":false,"template":"","format":"standard","meta":{"footnotes":""},"categories":[9635],"tags":[119,1111,11,3694,271,2951,17316,3695,1777,674,3727,3696,118,1011,27,775,2825,1253,303,1702,12,1072,2694,25,2949],"class_list":{"0":"post-171912","1":"post","2":"type-post","3":"status-publish","4":"format-standard","5":"has-post-thumbnail","7":"category-nancy","8":"tag-accident","9":"tag-actu","10":"tag-actualites","11":"tag-affaires","12":"tag-crime","13":"tag-criminalite","14":"tag-detenus","15":"tag-enquetes","16":"tag-eu","17":"tag-europe","18":"tag-evasion","19":"tag-evenements","20":"tag-faits-divers","21":"tag-fr","22":"tag-france","23":"tag-grand-est","24":"tag-insecurite","25":"tag-islamisme","26":"tag-justice","27":"tag-nancy","28":"tag-news","29":"tag-police","30":"tag-proces","31":"tag-republique-francaise","32":"tag-violences"},"share_on_mastodon":{"url":"https:\/\/pubeurope.com\/@fr\/114672847220311647","error":""},"_links":{"self":[{"href":"https:\/\/www.europesays.com\/fr\/wp-json\/wp\/v2\/posts\/171912","targetHints":{"allow":["GET"]}}],"collection":[{"href":"https:\/\/www.europesays.com\/fr\/wp-json\/wp\/v2\/posts"}],"about":[{"href":"https:\/\/www.europesays.com\/fr\/wp-json\/wp\/v2\/types\/post"}],"author":[{"embeddable":true,"href":"https:\/\/www.europesays.com\/fr\/wp-json\/wp\/v2\/users\/2"}],"replies":[{"embeddable":true,"href":"https:\/\/www.europesays.com\/fr\/wp-json\/wp\/v2\/comments?post=171912"}],"version-history":[{"count":0,"href":"https:\/\/www.europesays.com\/fr\/wp-json\/wp\/v2\/posts\/171912\/revisions"}],"wp:featuredmedia":[{"embeddable":true,"href":"https:\/\/www.europesays.com\/fr\/wp-json\/wp\/v2\/media\/171913"}],"wp:attachment":[{"href":"https:\/\/www.europesays.com\/fr\/wp-json\/wp\/v2\/media?parent=171912"}],"wp:term":[{"taxonomy":"category","embeddable":true,"href":"https:\/\/www.europesays.com\/fr\/wp-json\/wp\/v2\/categories?post=171912"},{"taxonomy":"post_tag","embeddable":true,"href":"https:\/\/www.europesays.com\/fr\/wp-json\/wp\/v2\/tags?post=171912"}],"curies":[{"name":"wp","href":"https:\/\/api.w.org\/{rel}","templated":true}]}}