{"id":171926,"date":"2025-06-12T23:00:16","date_gmt":"2025-06-12T23:00:16","guid":{"rendered":"https:\/\/www.europesays.com\/fr\/171926\/"},"modified":"2025-06-12T23:00:16","modified_gmt":"2025-06-12T23:00:16","slug":"handicap-solidarites-le-cri-dalarme-des-acteurs-bretons","status":"publish","type":"post","link":"https:\/\/www.europesays.com\/fr\/171926\/","title":{"rendered":"Handicap, solidarit\u00e9s\u00a0: le cri d\u2019alarme des acteurs bretons"},"content":{"rendered":"<p>\u00ab\u00a0Le d\u00e9ficit d\u2019accompagnement des personnes en situation de fragilit\u00e9 et de vuln\u00e9rabilit\u00e9 dans notre pays est devenu une r\u00e9alit\u00e9 qui, non seulement persiste, mais s\u2019aggrave dans des proportions alarmantes.\u00a0\u00bb<\/p>\n<p>Jeudi 12\u00a0juin 2025, sous la banni\u00e8re de <a href=\"https:\/\/www.collectifhandicaps35.org\/accueil\/qui-sommes-nous-#:~:text=Copr%25C3%25A9sidente%2520%253A%2520Fran%25C3%25A7oise%2520Thouvenot,%252DPr%25C3%25A9sidente%2520%253A%2520Christine%2520Aubry%252DGoby\" target=\"_blank\" rel=\"nofollow noopener\">Soli-Ker Breizh<\/a>, une trentaine de repr\u00e9sentants de plusieurs associations de solidarit\u00e9 et syndicales (la f\u00e9d\u00e9ration des acteurs de solidarit\u00e9, APF France Handicap, Collectif Handicap 35, CFDT Sant\u00e9 sociaux, CFTC Sant\u00e9 Bretagne, le conseil r\u00e9gional des personnes accueillies et accompagn\u00e9es,\u00a0etc&#8230;) se sont rassembl\u00e9s \u00e0 Rennes (Ille-et-Vilaine) pour exprimer leurs craintes et attentes face aux manques de moyens financiers et humains dont souffrent leurs organisations.<\/p>\n<p><strong>Lire aussi\u00a0:<\/strong> <a href=\"https:\/\/saint-brieuc.maville.com\/actu\/actudet_-point-de-vue.-pour-un-investissement-massif-dans-la-sante-et-les-solidarites-_52683-6552564_actu.Htm\" target=\"_blank\" rel=\"nofollow noopener\">\u00ab\u00a0Pour un investissement massif dans la sant\u00e9 et les solidarit\u00e9s\u00a0\u00bb<\/a><\/p>\n<p>Par exemple\u00a0? \u00ab<strong>\u00a0Rien qu\u2019en Ille-et-Vilaine, il manque 1\u00a0200 places en structures pour enfants en situation de handicap, et 300\u00a0adultes sont en attente d\u2019une place en foyer\u00a0\u00bb<\/strong>. En Bretagne, 350\u00a0000\u00a0personnes vivent en dessous du seuil de pauvret\u00e9.<\/p>\n<p><strong>\u00ab Les demandes d\u2019h\u00e9bergements ont augment\u00e9 de 25\u00a0%, rien qu\u2019en Ille-et-Vilaine \u00bb<\/strong>, indique Daniel Delaveau, pr\u00e9sident de la F\u00e9d\u00e9ration des acteurs de la solidarit\u00e9 (FAS Bretagne). <strong>50\u00a0% des jeunes de moins de 25\u00a0ans aujourd\u2019hui \u00e0 la rue sortent de l\u2019aide sociale \u00e0 l\u2019enfance\u00a0!\u00a0\u00bb<\/strong><\/p>\n<p>Alors avant les prochaines \u00e9ch\u00e9ances \u00e9lectorales, en premier lieu les \u00e9lections municipales de mars\u00a02026, <strong>\u00ab\u00a0nous voulons \u00e0 la fois nous faire entendre des pouvoirs publics, des parlementaires, du gouvernement mais aussi de celles et ceux qui seront bient\u00f4t candidats \u00e0 un mandat\u00a0: quels projets ces futurs \u00e9lus porteront-ils pour demain\u00a0?\u00a0\u00bb<\/strong><\/p>\n<p>Les associations et organisations bretonnes ont pr\u00e9vu de se mobilier le 28\u00a0novembre 2025.<\/p>\n<p>\u00a0<\/p>\n","protected":false},"excerpt":{"rendered":"\u00ab\u00a0Le d\u00e9ficit d\u2019accompagnement des personnes en situation de fragilit\u00e9 et de vuln\u00e9rabilit\u00e9 dans notre pays est devenu une&hellip;\n","protected":false},"author":2,"featured_media":171927,"comment_status":"","ping_status":"","sticky":false,"template":"","format":"standard","meta":{"footnotes":""},"categories":[2821],"tags":[12253,1111,11,19352,829,20870,30675,1777,674,1011,27,1943,12,584,25,30674],"class_list":{"0":"post-171926","1":"post","2":"type-post","3":"status-publish","4":"format-standard","5":"has-post-thumbnail","7":"category-rennes","8":"tag-acteurs","9":"tag-actu","10":"tag-actualites","11":"tag-alarme","12":"tag-bretagne","13":"tag-bretons","14":"tag-cri","15":"tag-eu","16":"tag-europe","17":"tag-fr","18":"tag-france","19":"tag-handicap","20":"tag-news","21":"tag-rennes","22":"tag-republique-francaise","23":"tag-solidarites"},"share_on_mastodon":{"url":"https:\/\/pubeurope.com\/@fr\/114672882379248786","error":""},"_links":{"self":[{"href":"https:\/\/www.europesays.com\/fr\/wp-json\/wp\/v2\/posts\/171926","targetHints":{"allow":["GET"]}}],"collection":[{"href":"https:\/\/www.europesays.com\/fr\/wp-json\/wp\/v2\/posts"}],"about":[{"href":"https:\/\/www.europesays.com\/fr\/wp-json\/wp\/v2\/types\/post"}],"author":[{"embeddable":true,"href":"https:\/\/www.europesays.com\/fr\/wp-json\/wp\/v2\/users\/2"}],"replies":[{"embeddable":true,"href":"https:\/\/www.europesays.com\/fr\/wp-json\/wp\/v2\/comments?post=171926"}],"version-history":[{"count":0,"href":"https:\/\/www.europesays.com\/fr\/wp-json\/wp\/v2\/posts\/171926\/revisions"}],"wp:featuredmedia":[{"embeddable":true,"href":"https:\/\/www.europesays.com\/fr\/wp-json\/wp\/v2\/media\/171927"}],"wp:attachment":[{"href":"https:\/\/www.europesays.com\/fr\/wp-json\/wp\/v2\/media?parent=171926"}],"wp:term":[{"taxonomy":"category","embeddable":true,"href":"https:\/\/www.europesays.com\/fr\/wp-json\/wp\/v2\/categories?post=171926"},{"taxonomy":"post_tag","embeddable":true,"href":"https:\/\/www.europesays.com\/fr\/wp-json\/wp\/v2\/tags?post=171926"}],"curies":[{"name":"wp","href":"https:\/\/api.w.org\/{rel}","templated":true}]}}