{"id":171928,"date":"2025-06-12T23:01:21","date_gmt":"2025-06-12T23:01:21","guid":{"rendered":"https:\/\/www.europesays.com\/fr\/171928\/"},"modified":"2025-06-12T23:01:21","modified_gmt":"2025-06-12T23:01:21","slug":"le-coffre-fort-recelait-une-arme-et-du-cannabis-quatre-personnes-interpellees-a-rennes","status":"publish","type":"post","link":"https:\/\/www.europesays.com\/fr\/171928\/","title":{"rendered":"Le coffre-fort recelait une arme et du cannabis\u00a0: quatre personnes interpell\u00e9es \u00e0 Rennes"},"content":{"rendered":"<tr wp_automatic_readability=\"5.8807947019868\">\n<td valign=\"middle\" align=\"center\" class=\"col-logo\" wp_automatic_readability=\"5\">\n    <img decoding=\"async\" src=\"https:\/\/maville.com\/design\/images\/logo-of-monetise.svg?version=20130627\" alt=\"logo Ouest-France\" height=\"66\"\/><\/p>\n<p>Contenu r\u00e9serv\u00e9 aux abonn\u00e9s<\/p>\n<\/td>\n<td class=\"col-titre\">\n\t\t\tJeudi 12 juin 2025 20:25<br \/>\n\t\t\t<a class=\"icon-bulle sizeL count\" href=\"#ancreAvis\"><br \/>\n\t&#8230;<br \/>\n<\/a><\/td>\n<\/tr>\n<p>\t\t<a class=\"mavillebox2 elmt-photo\" href=\"https:\/\/maville.com\/photosmvi\/2025\/06\/12\/P35286962D6850983G.jpg\" title=\" Mardi 10 juin 2025 au matin, une perquisition dans le quartier du Blosne, \u00e0 Rennes, a men\u00e9 \u00e0 la d\u00e9couverte d\u2019un coffre-fort dans un appartement. \u00c0 l\u2019int\u00e9rieur : de la r\u00e9sine de cannabis et une arme de poing. La police a interpell\u00e9 quatre personnes, dont trois sont poursuivis.  \u00a9  archives  &lt;!--TAG-BLC credit--&gt;\" rel=\"galerie_actu noopener\" target=\"_blank\"><br \/>\n\t<img decoding=\"async\" src=\"https:\/\/www.europesays.com\/fr\/wp-content\/uploads\/2025\/06\/P35286962D6850983G_crop_640-330_.jpg\" alt=\"photo  mardi 10 juin 2025 au matin, une perquisition dans le quartier du blosne, \u00e0 rennes, a men\u00e9 \u00e0 la d\u00e9couverte d\u2019un coffre-fort dans un appartement. \u00e0 l\u2019int\u00e9rieur : de la r\u00e9sine de cannabis et une arme de poing. la police a interpell\u00e9 quatre personnes, dont trois sont poursuivis.  \u00a9  archives \"\/><br \/>\n\t1<br \/>\n<\/a><\/p>\n<p class=\"elmt-legende\"> Mardi 10 juin 2025 au matin, une perquisition dans le quartier du Blosne, \u00e0 Rennes, a men\u00e9 \u00e0 la d\u00e9couverte d\u2019un coffre-fort dans un appartement. \u00c0 l\u2019int\u00e9rieur : de la r\u00e9sine de cannabis et une arme de poing. La police a interpell\u00e9 quatre personnes, dont trois sont poursuivis.  \u00a9  archives  <\/p>\n<p>\t\tMardi 10\u00a0juin 2025 au matin, une perquisition dans le quartier du Blosne, \u00e0 Rennes, a men\u00e9 \u00e0 la d\u00e9couverte d\u2019un coffre-fort dans un appartement. \u00c0 l\u2019int\u00e9rieur\u00a0: de la r\u00e9sine de cannabis et une arme de poing. La police a interpell\u00e9 quatre personnes, dont trois sont poursuivis.<\/p>\n<p><b>Cet article est r\u00e9serv\u00e9 aux abonn\u00e9s<\/b><\/p>\n<p>Pour un acc\u00e8s imm\u00e9diat, abonnez-vous<\/p>\n<p><b>1\u00e8re semaine offerte<\/b><\/p>\n<p>\t\t Julia TOUSSAINT. \u00a0\u00a0<br \/>\n\t\tOuest-France<\/p>\n<p>Retrouvez d&rsquo;autres actus sur la commune de :<\/p>\n<p>\t\t&#13;<\/p>\n","protected":false},"excerpt":{"rendered":"Contenu r\u00e9serv\u00e9 aux abonn\u00e9s Jeudi 12 juin 2025 20:25 &#8230; 1 Mardi 10 juin 2025 au matin, une&hellip;\n","protected":false},"author":2,"featured_media":171929,"comment_status":"","ping_status":"","sticky":false,"template":"","format":"standard","meta":{"footnotes":""},"categories":[2821],"tags":[1111,11,10268,829,3675,30676,1777,674,1011,27,14049,12,3744,30677,584,25],"class_list":{"0":"post-171928","1":"post","2":"type-post","3":"status-publish","4":"format-standard","5":"has-post-thumbnail","7":"category-rennes","8":"tag-actu","9":"tag-actualites","10":"tag-arme","11":"tag-bretagne","12":"tag-cannabis","13":"tag-coffre-fort","14":"tag-eu","15":"tag-europe","16":"tag-fr","17":"tag-france","18":"tag-interpellees","19":"tag-news","20":"tag-personnes","21":"tag-recelait","22":"tag-rennes","23":"tag-republique-francaise"},"share_on_mastodon":{"url":"https:\/\/pubeurope.com\/@fr\/114672886385619707","error":""},"_links":{"self":[{"href":"https:\/\/www.europesays.com\/fr\/wp-json\/wp\/v2\/posts\/171928","targetHints":{"allow":["GET"]}}],"collection":[{"href":"https:\/\/www.europesays.com\/fr\/wp-json\/wp\/v2\/posts"}],"about":[{"href":"https:\/\/www.europesays.com\/fr\/wp-json\/wp\/v2\/types\/post"}],"author":[{"embeddable":true,"href":"https:\/\/www.europesays.com\/fr\/wp-json\/wp\/v2\/users\/2"}],"replies":[{"embeddable":true,"href":"https:\/\/www.europesays.com\/fr\/wp-json\/wp\/v2\/comments?post=171928"}],"version-history":[{"count":0,"href":"https:\/\/www.europesays.com\/fr\/wp-json\/wp\/v2\/posts\/171928\/revisions"}],"wp:featuredmedia":[{"embeddable":true,"href":"https:\/\/www.europesays.com\/fr\/wp-json\/wp\/v2\/media\/171929"}],"wp:attachment":[{"href":"https:\/\/www.europesays.com\/fr\/wp-json\/wp\/v2\/media?parent=171928"}],"wp:term":[{"taxonomy":"category","embeddable":true,"href":"https:\/\/www.europesays.com\/fr\/wp-json\/wp\/v2\/categories?post=171928"},{"taxonomy":"post_tag","embeddable":true,"href":"https:\/\/www.europesays.com\/fr\/wp-json\/wp\/v2\/tags?post=171928"}],"curies":[{"name":"wp","href":"https:\/\/api.w.org\/{rel}","templated":true}]}}