{"id":171934,"date":"2025-06-12T23:04:15","date_gmt":"2025-06-12T23:04:15","guid":{"rendered":"https:\/\/www.europesays.com\/fr\/171934\/"},"modified":"2025-06-12T23:04:15","modified_gmt":"2025-06-12T23:04:15","slug":"gouvernance-financement-pollution-le-sommet-de-locean-unoc-definit-ses-engagements-de-nice","status":"publish","type":"post","link":"https:\/\/www.europesays.com\/fr\/171934\/","title":{"rendered":"Gouvernance, financement, pollution&#8230; Le Sommet de l&rsquo;oc\u00e9an Unoc d\u00e9finit ses \u00ab\u00a0engagements de Nice\u00a0\u00bb"},"content":{"rendered":"<p>                                Gouvernance \u00e9quitable<\/p>\n<p><strong>Construire une gouvernance \u00e9quitable fond\u00e9e sur le droit et la justice, assurer un pilotage \u00e0 360\u00b0 de tous les acteurs et instances li\u00e9s \u00e0 l\u2019Oc\u00e9an, renforcer le multilat\u00e9ralisme pour r\u00e9pondre \u00e0 la d\u00e9gradation g\u00e9n\u00e9ralis\u00e9e de l\u2019\u00e9tat de sant\u00e9 de l\u2019Oc\u00e9an ; mettre un frein radical \u00e0 la p\u00eache INN et \u00e0 la surp\u00eache.<\/strong><\/p>\n<p>Et notamment:<\/p>\n<p>&#8211;\u00a050 \u00c9tats ont d\u00e9j\u00e0 d\u00e9pos\u00e9 leurs instruments de ratification de <strong>l\u2019accord \u00ab\u00a0BBNJ\u00a0\u00bb<\/strong> (Biodiversity Beyond National Jurisdiction) et 17 suivront prochainement. L&rsquo;ensemble de ces engagements assure ainsi l\u2019entr\u00e9e en vigueur tant attendue de ce trait\u00e9, qui r\u00e9gule 64% de l\u2019Oc\u00e9an et donc 50% de la surface du globe, au plus tard en janvier 2026. Il assure aussi la tenue, cette m\u00eame ann\u00e9e, de la COP1 de l\u2019Oc\u00e9an.<\/p>\n<p>&#8211;\u00a037 pays se sont retrouv\u00e9s autour d\u2019une position: imposer <strong>une pause de pr\u00e9caution \u00e0 l\u2019exploitation mini\u00e8re des fonds marins<\/strong> en rappelant la n\u00e9cessit\u00e9 d\u2019explorer d\u2019abord les \u00e9cosyst\u00e8mes abyssaux avant d\u2019envisager une quelconque exploitation de leurs ressources.<\/p>\n<p>&#8211;\u00a0103 \u00c9tats ont aujourd\u2019hui ratifi\u00e9 l\u2019accord dit \u00ab\u00a0Fish 1\u00a0\u00bb de l\u2019Organisation Mondiale de Commerce qui <strong>mettra fin aux subventions \u00e0 la p\u00eache ill\u00e9gale<\/strong>, dont 14 au cours de l\u2019ann\u00e9e 2025 dans le cadre de la mobilisation internationale autour de l\u2019UNOC.<\/p>\n<p>&#8211; Un <strong>\u00ab\u00a0Parlement de la Mer\u00a0\u00bb<\/strong> a rassembl\u00e9 plus de 250 parlementaires repr\u00e9sentant des pays de tous les continents. Ils ont cr\u00e9\u00e9 l\u2019ICOP (Interparliamentary Coalition for Ocean Protection), une coalition in\u00e9dite rassemblant des parlementaires du monde entier autour du m\u00eame objectif de pr\u00e9servation de l\u2019Oc\u00e9an. Les membres ont ainsi annonc\u00e9 un \u201cpaquet l\u00e9gislatif pour l\u2019Oc\u00e9an\u201d que chacun s\u2019engage \u00e0 porter dans son propre Parlement.<\/p>\n<p>D\u00e9velopper la connaissance<\/p>\n<p><strong>Financer, d\u00e9velopper fortement et diss\u00e9miner la connaissance de l\u2019Oc\u00e9an, y compris les savoirs traditionnels, au profit de tous les acteurs ; prot\u00e9ger les scientifiques et accompagner leurs travaux.<\/strong><\/p>\n<p>Et notamment:\u00a0<\/p>\n<p>&#8211; Afin d\u2019accro\u00eetre la connaissance de l\u2019Oc\u00e9an, notamment par l\u2019innovation et la science, <strong>un grand programme d\u2019exploration scientifique de l\u2019Oc\u00e9an, la \u00ab\u00a0Mission Neptune\u00a0\u00bb<\/strong>, a \u00e9t\u00e9 annonc\u00e9e \u00e0 l\u2019UNOC3. Elle r\u00e9unira les expertises oc\u00e9anographiques et les meilleures technologies, y compris spatiales, afin d\u2019investir dans une connaissance utile et accessible librement \u00e0 toutes les parties. Elle permettra de r\u00e9v\u00e9ler les opportunit\u00e9s offertes par l\u2019Oc\u00e9an ainsi que les pressions et menaces qui p\u00e8sent sur les \u00e9cosyst\u00e8mes marins. Elle fournira aussi <strong>la nouvelle base de connaissance essentielle<\/strong> sur laquelle s\u2019appuiera la mise en \u0153uvre de l\u2019\u00a0\u00bbAccord BBNJ\u00a0\u00bb.<\/p>\n<p>Mobiliser des financements<\/p>\n<p><strong>Mobiliser d\u2019importants nouveaux financements publics et priv\u00e9s et d\u00e9velopper une \u00e9conomie bleue durable et profitable aux populations, pour atteindre les cibles de l\u2019ODD 14 ; planifier la d\u00e9carbonation totale des activit\u00e9s maritimes d\u2019ici 2050.<\/strong><\/p>\n<p>Et notamment:<\/p>\n<p>&#8211; Au Blue Economy and Finance Forum (7 juin 2025, Monaco) et \u00e0 Nice:\u00a0 un total de <strong>8,7 milliards d\u2019euros d\u2019investissements<\/strong> a \u00e9t\u00e9 engag\u00e9 pour les cinq prochaines ann\u00e9es par des philanthropes, des investisseurs priv\u00e9s et des banques publiques, en soutien \u00e0 <strong>une \u00e9conomie bleue durable et r\u00e9g\u00e9n\u00e9ratrice<\/strong>.<\/p>\n<p>&#8211; <strong>20 banques publiques de d\u00e9veloppement repr\u00e9sentant 7,5 milliards de dollars par an d\u2019investissement sur la finance bleue durable<\/strong> se sont r\u00e9unies au sein de la coalition Oc\u00e9an du Finance In Common. Cette coalition vise \u00e0 augmenter les financements, leurs impacts et leur qualit\u00e9.<\/p>\n<p>&#8211; 15 grandes entreprises pionni\u00e8res et grands r\u00e9seaux du tourisme et transport maritime ont annonc\u00e9 le lancement d\u2019un <strong>Pacte pour un tourisme bleu durable<\/strong> afin d\u2019acc\u00e9l\u00e9rer la d\u00e9finition et la mise en \u0153uvre d\u2019engagements visant \u00e0 conduire la transition durable et neutre en carbone du secteur du tourisme, mobiliser des partenariats public-priv\u00e9 pour renforcer les fondations du tourisme durable et \u00e9tablir un groupe de travail sur le tourisme maritime et c\u00f4tier, r\u00e9unissant gouvernements, destinations, industrie et soci\u00e9t\u00e9 civile.<\/p>\n<p>Lutter contre la pollution<\/p>\n<p><strong>Lutter contre toutes les formes de pollution; pr\u00e9server la ressource oc\u00e9anique et la biodiversit\u00e9 des \u00e9cosyst\u00e8mes marins, dont ceux des grands fonds marins, et faire face aux effets du changement climatique.<\/strong><\/p>\n<p>Et notamment:<\/p>\n<p>&#8211; Afin de susciter un \u00e9lan international en faveur d\u2019un trait\u00e9 mondial pour la lutte contre la pollution plastique, 96 pays ont sign\u00e9 \u00e0 Nice une d\u00e9claration intitul\u00e9e <strong>\u00ab\u00a0Nice wake up call for an ambitious plastics treaty\u00a0\u00bb.<\/strong><\/p>\n<p>&#8211; Les ministres de la M\u00e9diterran\u00e9e ont adopt\u00e9 une d\u00e9claration d\u2019engagement \u00e0 soutenir l\u2019adoption du trait\u00e9 international et \u00e0 <strong>le mettre en \u0153uvre \u00e0 l\u2019\u00e9chelle du bassin m\u00e9diterran\u00e9en<\/strong>, valorisant ainsi l\u2019avant-garde de la r\u00e9gion particuli\u00e8rement touch\u00e9e par la pollution plastique.<\/p>\n<p>&#8211; <strong>Le projet Circemed<\/strong>, r\u00e9seau m\u00e9diterran\u00e9en de l\u2019\u00e9conomie circulaire, a \u00e9t\u00e9 lanc\u00e9 \u00e0 Nice pour mettre en \u0153uvre <strong>des solutions concr\u00e8tes alternatives au plastique dans la r\u00e9gion m\u00e9diterran\u00e9enne.<\/strong><\/p>\n<p>Engager les acteurs r\u00e9gionaux et locaux<\/p>\n<p><strong>Acc\u00e9l\u00e9rer l\u2019engagement des acteurs r\u00e9gionaux et locaux, les coop\u00e9rations \u00e0 l\u2019\u00e9chelle d\u2019ensembles g\u00e9ographiques ou de bassins oc\u00e9aniques.<\/strong><\/p>\n<p>Et notamment:<\/p>\n<p>&#8211; Afin de permettre une meilleure inclusion de l\u2019Oc\u00e9an dans les politiques ext\u00e9rieures de l\u2019Union europ\u00e9enne, ainsi qu\u2019une meilleure synergie entre les politiques de l\u2019Union europ\u00e9enne (UE), <strong>le premier Pacte europ\u00e9en pour l\u2019Oc\u00e9an<\/strong> a \u00e9t\u00e9 pr\u00e9sent\u00e9 le 9 juin 2025 par la Pr\u00e9sidente de la Commission europ\u00e9enne, aux c\u00f4t\u00e9s du Pr\u00e9sident du Conseil europ\u00e9en, et de plusieurs chefs d\u2019\u00c9tat et de gouvernement des \u00c9tats membres.<\/p>\n<p>&#8211; <strong>Un Pacte pour une Afrique bleue durable<\/strong> proposera lors des \u00e9ditions 2025 et 2026 du Blue Africa Summit (Tanger) une feuille de route maritime imm\u00e9diatement applicable et permettant au continent de prendre toute sa place dans le concert des grandes puissances maritimes.<\/p>\n<p>&#8211; <strong>Le Forum mondial des \u00eeles<\/strong> a r\u00e9uni 30 \u00c9tats et territoires insulaires de tous les continents qui ont d\u00e9cid\u00e9 de promouvoir les solutions concr\u00e8tes pour d\u00e9velopper une \u00e9conomie bleue durable, prot\u00e9ger leurs \u00e9cosyst\u00e8mes marins et lutter contre la pollution plastique.<\/p>\n","protected":false},"excerpt":{"rendered":"Gouvernance \u00e9quitable Construire une gouvernance \u00e9quitable fond\u00e9e sur le droit et la justice, assurer un pilotage \u00e0 360\u00b0&hellip;\n","protected":false},"author":2,"featured_media":171935,"comment_status":"","ping_status":"","sticky":false,"template":"","format":"standard","meta":{"footnotes":""},"categories":[2819],"tags":[1111,11,436,1777,674,1011,27,12,2401,882,25],"class_list":{"0":"post-171934","1":"post","2":"type-post","3":"status-publish","4":"format-standard","5":"has-post-thumbnail","7":"category-nice","8":"tag-actu","9":"tag-actualites","10":"tag-environnement","11":"tag-eu","12":"tag-europe","13":"tag-fr","14":"tag-france","15":"tag-news","16":"tag-nice","17":"tag-provence-alpes-cote-dazur","18":"tag-republique-francaise"},"share_on_mastodon":{"url":"https:\/\/pubeurope.com\/@fr\/114672898071951180","error":""},"_links":{"self":[{"href":"https:\/\/www.europesays.com\/fr\/wp-json\/wp\/v2\/posts\/171934","targetHints":{"allow":["GET"]}}],"collection":[{"href":"https:\/\/www.europesays.com\/fr\/wp-json\/wp\/v2\/posts"}],"about":[{"href":"https:\/\/www.europesays.com\/fr\/wp-json\/wp\/v2\/types\/post"}],"author":[{"embeddable":true,"href":"https:\/\/www.europesays.com\/fr\/wp-json\/wp\/v2\/users\/2"}],"replies":[{"embeddable":true,"href":"https:\/\/www.europesays.com\/fr\/wp-json\/wp\/v2\/comments?post=171934"}],"version-history":[{"count":0,"href":"https:\/\/www.europesays.com\/fr\/wp-json\/wp\/v2\/posts\/171934\/revisions"}],"wp:featuredmedia":[{"embeddable":true,"href":"https:\/\/www.europesays.com\/fr\/wp-json\/wp\/v2\/media\/171935"}],"wp:attachment":[{"href":"https:\/\/www.europesays.com\/fr\/wp-json\/wp\/v2\/media?parent=171934"}],"wp:term":[{"taxonomy":"category","embeddable":true,"href":"https:\/\/www.europesays.com\/fr\/wp-json\/wp\/v2\/categories?post=171934"},{"taxonomy":"post_tag","embeddable":true,"href":"https:\/\/www.europesays.com\/fr\/wp-json\/wp\/v2\/tags?post=171934"}],"curies":[{"name":"wp","href":"https:\/\/api.w.org\/{rel}","templated":true}]}}