{"id":171937,"date":"2025-06-12T23:06:09","date_gmt":"2025-06-12T23:06:09","guid":{"rendered":"https:\/\/www.europesays.com\/fr\/171937\/"},"modified":"2025-06-12T23:06:09","modified_gmt":"2025-06-12T23:06:09","slug":"previsions-du-vendredi-13-juin-2025","status":"publish","type":"post","link":"https:\/\/www.europesays.com\/fr\/171937\/","title":{"rendered":"pr\u00e9visions du vendredi 13 juin 2025"},"content":{"rendered":"<p>\u00c0 Nantes, les valeurs s&rsquo;\u00e9chelonneront entre 15\u00b0C et 31\u00b0C dans la journ\u00e9e. Les nuages seront pr\u00e9sents le matin. Intemp\u00e9ries : on annonce des pluies \u00e9parses. Les temp\u00e9ratures seront de 23\u00b0C. Un petit vent de nord-est sera ressenti par les habitants. L&rsquo;apr\u00e8s-midi devrait \u00eatre agit\u00e9 avec des orages de faible intensit\u00e9 \u00e0 pr\u00e9voir. En revanche, les temp\u00e9ratures vont conna\u00eetre une augmentation de plusieurs degr\u00e9s. Les importantes chaleurs sont pr\u00e9sentes. Avec des temp\u00e9ratures \u00e9chelonn\u00e9es entre 28 et 31\u00b0C. Les valeurs seront comprises entre 28 et 31\u00b0C. Une nuit claire vous attendra entre vendredi et samedi.<\/p>\n<p>Demain, une l\u00e9g\u00e8re baisse des temp\u00e9ratures est attendue \u00e0 Nantes. Les valeurs afficheront entre 12 et 23\u00b0C. Un vent d&rsquo;ouest rafra\u00eechira un peu l&rsquo;atmosph\u00e8re. Malheureusement, il y aura encore des nuages le matin. Les valeurs avoisineront les 19\u00b0C. La m\u00e9t\u00e9o va progressivement s&rsquo;am\u00e9liorer dans l&rsquo;apr\u00e8s-midi et laisser place \u00e0 des \u00e9claircies. Les temp\u00e9ratures iront de 20 \u00e0 23\u00b0C.<\/p>\n<p>Les jours se suivent et ne changent pas. Des temp\u00e9ratures dans les 20\u00b0C accompagneront un ciel ensoleill\u00e9.<\/p>\n<p><\/p>\n","protected":false},"excerpt":{"rendered":"\u00c0 Nantes, les valeurs s&rsquo;\u00e9chelonneront entre 15\u00b0C et 31\u00b0C dans la journ\u00e9e. Les nuages seront pr\u00e9sents le matin.&hellip;\n","protected":false},"author":2,"featured_media":171938,"comment_status":"","ping_status":"","sticky":false,"template":"","format":"standard","meta":{"footnotes":""},"categories":[2818],"tags":[1111,11,1777,674,1011,27,3047,766,12,2636,2119,25],"class_list":{"0":"post-171937","1":"post","2":"type-post","3":"status-publish","4":"format-standard","5":"has-post-thumbnail","7":"category-nantes","8":"tag-actu","9":"tag-actualites","10":"tag-eu","11":"tag-europe","12":"tag-fr","13":"tag-france","14":"tag-loire-atlantique","15":"tag-nantes","16":"tag-news","17":"tag-pays-de-la-loire","18":"tag-previsions-meteo","19":"tag-republique-francaise"},"share_on_mastodon":{"url":"https:\/\/pubeurope.com\/@fr\/114672905961759363","error":""},"_links":{"self":[{"href":"https:\/\/www.europesays.com\/fr\/wp-json\/wp\/v2\/posts\/171937","targetHints":{"allow":["GET"]}}],"collection":[{"href":"https:\/\/www.europesays.com\/fr\/wp-json\/wp\/v2\/posts"}],"about":[{"href":"https:\/\/www.europesays.com\/fr\/wp-json\/wp\/v2\/types\/post"}],"author":[{"embeddable":true,"href":"https:\/\/www.europesays.com\/fr\/wp-json\/wp\/v2\/users\/2"}],"replies":[{"embeddable":true,"href":"https:\/\/www.europesays.com\/fr\/wp-json\/wp\/v2\/comments?post=171937"}],"version-history":[{"count":0,"href":"https:\/\/www.europesays.com\/fr\/wp-json\/wp\/v2\/posts\/171937\/revisions"}],"wp:featuredmedia":[{"embeddable":true,"href":"https:\/\/www.europesays.com\/fr\/wp-json\/wp\/v2\/media\/171938"}],"wp:attachment":[{"href":"https:\/\/www.europesays.com\/fr\/wp-json\/wp\/v2\/media?parent=171937"}],"wp:term":[{"taxonomy":"category","embeddable":true,"href":"https:\/\/www.europesays.com\/fr\/wp-json\/wp\/v2\/categories?post=171937"},{"taxonomy":"post_tag","embeddable":true,"href":"https:\/\/www.europesays.com\/fr\/wp-json\/wp\/v2\/tags?post=171937"}],"curies":[{"name":"wp","href":"https:\/\/api.w.org\/{rel}","templated":true}]}}