{"id":171939,"date":"2025-06-12T23:07:08","date_gmt":"2025-06-12T23:07:08","guid":{"rendered":"https:\/\/www.europesays.com\/fr\/171939\/"},"modified":"2025-06-12T23:07:08","modified_gmt":"2025-06-12T23:07:08","slug":"ludovic-madec-pilote-maritime-elu-president-de-lunion-maritime-nantes-ports","status":"publish","type":"post","link":"https:\/\/www.europesays.com\/fr\/171939\/","title":{"rendered":"Ludovic MADEC, pilote maritime, \u00e9lu Pr\u00e9sident de l\u2019Union Maritime Nantes Ports"},"content":{"rendered":"<p>Un pilote maritime d\u00e9sormais \u00e0 la barre de l\u2019Union Maritime Nantes Ports (UMNP) : lors de l\u2019Assembl\u00e9e G\u00e9n\u00e9rale du 5 juin 2025, les membres du Conseil d\u2019Administration ont \u00e9lu M. Ludovic MADEC Pr\u00e9sident pour un mandat de trois ans.<\/p>\n<p>Pilote de la Loire depuis pr\u00e8s de vingt ans et apr\u00e8s avoir pass\u00e9 quatre ans \u00e0 la t\u00eate des pilotes de la Loire, Ludovic MADEC succ\u00e8de d\u00e9sormais \u00e0 Pascal VIALARD qui a assur\u00e9 la pr\u00e9sidence de l\u2019UMNP depuis neuf ans, marquant ses trois mandats par de nombreuses actions au service de la place portuaire.<\/p>\n<p>Ludovic MADEC entend poursuivre les actions engag\u00e9es afin de renforcer l\u2019attractivit\u00e9 du Grand Port Maritime de Nantes Saint-Nazaire.<\/p>\n<p>Suite \u00e0 son \u00e9lection, le nouveau pr\u00e9sident de l\u2019Union Maritime Nantes Ports a d\u00e9clar\u00e9\u00a0:\u00a0<\/p>\n<p>\u00ab La mission premi\u00e8re de l\u2019UMNP est de f\u00e9d\u00e9rer les acteurs locaux pour aider \u00e0 trouver des solutions aux clients r\u00e9gionaux, nationaux et internationaux qui souhaitent faire venir leurs navires pour d\u00e9velopper leurs activit\u00e9s.\u00a0<\/p>\n<p>Nous devons faire \u00e9quipe pour r\u00e9pondre aux enjeux de transition \u00e9nerg\u00e9tique qui vont entrainer une mutation des activit\u00e9s du Grand Port de Nantes St Nazaire dont 70% du tonnage est issu des \u00e9nergies fossiles. Le mod\u00e8le portuaire va in\u00e9vitablement \u00e9voluer dans les prochaines ann\u00e9es. Des \u00e9nergies de transition vont voir le jour mais il nous faudra en parall\u00e8le renforcer les activit\u00e9s existantes et en d\u00e9velopper d\u2019autres.<\/p>\n<p>Notre Port dispose de nombreux atouts dont notamment sa position g\u00e9ographique et des quais diversifi\u00e9s de Nantes \u00e0 St Nazaire qui permettent d\u2019accueillir tous types de trafics. Nantes Saint-Nazaire Port dispose d\u2019espaces disponibles notamment \u00e0 Nantes et de capacit\u00e9s d\u2019accueil importantes aux portes de la M\u00e9tropole. Certains secteurs d\u2019activit\u00e9, tels que celui de la croisi\u00e8re, sont sous-d\u00e9velopp\u00e9s contrairement aux ports voisins alors que nous sommes fiers d\u2019avoir les Chantiers de l\u2019Atlantique qui construisent les paquebots les plus modernes de la plan\u00e8te.\u00a0<\/p>\n<p>C\u2019est une vraie dynamique d\u2019acteurs priv\u00e9s et publics qui est en marche avec OPORTUNITY, notre collectif de promotion portuaire : \u00eatre visibles tous ensemble en tant que place portuaire et territoire, c\u2019est notre d\u00e9fi pour attirer de nouveaux flux et de nouvelles activit\u00e9s \u00e0 l\u2019avenir.<\/p>\n<p>Le Grand Port Maritime de Nantes St Nazaire, \u00e0 travers son projet EOLE, s\u2019est d\u2019ores et d\u00e9j\u00e0 positionn\u00e9 pour devenir un port logistique d\u2019assemblage des futures \u00e9oliennes flottantes de grande puissance de la fa\u00e7ade atlantique. Nous avons les moyens de devenir un port r\u00e9f\u00e9rence de la transition. Les regards doivent se tourner vers la fa\u00e7ade atlantique et pas uniquement vers les principaux ports de Manche Mer du Nord et de M\u00e9diterran\u00e9e afin de mieux r\u00e9pondre au besoin des clients, qu\u2019ils soient du grand ouest ou d\u2019un peu plus loin&#8230;\u00bb<\/p>\n<p>\u00ab D\u00e9fendre les int\u00e9r\u00eats de notre communaut\u00e9 maritime et portuaire \u00bb<br \/>L&rsquo;UMNP rassemble l&rsquo;ensemble des comp\u00e9tences maritimes et portuaires qui font vivre le port de Nantes\/Saint-Nazaire : industriels,<br \/>chargeurs-r\u00e9ceptionnaires, n\u00e9gociants, entreprises de services portuaires \u00e0 la marchandise (manutentionnaires, transitaires) ou aux<br \/>navires (consignataires), entreprises d&rsquo;accueil des navires aux ports (pilotage, remorquage, lamanage), prestataires de services<br \/>maritimes (assurance, avocat, soci\u00e9t\u00e9 de classification et certification, etc.).<br \/>\u00ab Engagement, action, proximit\u00e9 avec les acteurs portuaires \u00bb<\/p>\n<p><strong>L\u2019Union Maritime Nantes Ports (Saint-Nazaire \u2013 Montoir \u2013 Donges \u2013 Nantes) ce sont :<\/strong><\/p>\n<p>\u2022 68 adh\u00e9rents<br \/>\u2022 80% des int\u00e9r\u00eats commerciaux maritimes et portuaires du port de Nantes\/Saint-Nazaire<\/p>\n<p>\u00a0<\/p>\n<p><strong>Les missions de l\u2019UMNP :<\/strong><\/p>\n<p>-F\u00e9d\u00e9rer l\u2019ensemble des entreprises commerciales contribuant au d\u00e9veloppement du Port de Nantes \/ Saint-Nazaire<br \/>-Contribuer par tous moyens au d\u00e9veloppement de la place portuaire de Nantes Saint-Nazaire<br \/>-Resserrer les liens entre les acteurs portuaires<br \/>-Etre force de proposition pour la promotion de la place portuaire, en r\u00e9gion Pays de la Loire, en France et \u00e0 l\u2019international<\/p>\n<p>\u00a0<\/p>\n<p><strong>Les membres du Conseil d\u2019Administration de l\u2019UMNP :<\/strong><\/p>\n<p>Pr\u00e9sident de l\u2019UMNP : Monsieur Ludovic MADEC<br \/>Pr\u00e9sident du GUMO : Monsieur Arnaud KUHN<br \/>Pr\u00e9sident de l\u2019UMOP : Monsieur Hugues HOUZE de l\u2019AULNOIT<br \/>Pr\u00e9sident de la CCCP : Monsieur Jean-Christophe HERRY<br \/>Pr\u00e9sident du GDS : Monsieur S\u00e9bastian RAULT<br \/>Pr\u00e9sident du SACN\/AGIF+ : Monsieur Johann FELTGEN<br \/>Pr\u00e9sident d\u2019Ouest Overseas : Monsieur Philippe FAUVEDER<br \/>Compagnie Lig\u00e9rienne de Transport : Monsieur Fr\u00e9d\u00e9rick THOUMELIN<br \/>ELENGY : Monsieur Bertrand CARTON<br \/>Pr\u00e9sident du Pilotage de la Loire : Monsieur Florent BONHOMME<br \/>TOTAL France : Monsieur Fran\u00e7ois BAUDRY<br \/>SEA INVEST\/IDEA : Monsieur Pascal TRESCOS<br \/>BOLUDA : Monsieur Arnaud TISSERONT<\/p>\n<p>\u00a0<\/p>\n<p><strong>Les membres du Bureau de l\u2019UMNP :<\/strong><\/p>\n<p>Pr\u00e9sident : Monsieur Ludovic MADEC<br \/>Vice-Pr\u00e9sident : Monsieur Pascal TRESCOS<br \/>Vice-Pr\u00e9sident : Monsieur Johann FELTGEN<br \/>Tr\u00e9sorier : Monsieur Fr\u00e9d\u00e9rick THOUMELIN<\/p>\n<p>\u00a0<\/p>\n","protected":false},"excerpt":{"rendered":"Un pilote maritime d\u00e9sormais \u00e0 la barre de l\u2019Union Maritime Nantes Ports (UMNP) : lors de l\u2019Assembl\u00e9e G\u00e9n\u00e9rale&hellip;\n","protected":false},"author":2,"featured_media":171940,"comment_status":"","ping_status":"","sticky":false,"template":"","format":"standard","meta":{"footnotes":""},"categories":[2818],"tags":[1111,11,6130,6141,6131,6138,2380,6135,554,1777,6136,674,1011,27,6139,6134,3135,6128,567,6129,6127,766,12,6132,2636,4838,6133,25,6140,6137],"class_list":{"0":"post-171939","1":"post","2":"type-post","3":"status-publish","4":"format-standard","5":"has-post-thumbnail","7":"category-nantes","8":"tag-actu","9":"tag-actualites","10":"tag-chantiers","11":"tag-commando","12":"tag-construction-navale","13":"tag-costa","14":"tag-croisiere","15":"tag-dcns","16":"tag-defense","17":"tag-eu","18":"tag-euronaval","19":"tag-europe","20":"tag-fr","21":"tag-france","22":"tag-fremm","23":"tag-interviews","24":"tag-littoral","25":"tag-marine","26":"tag-marine-nationale","27":"tag-maritime","28":"tag-mer","29":"tag-nantes","30":"tag-news","31":"tag-offshore","32":"tag-pays-de-la-loire","33":"tag-peche","34":"tag-reportages","35":"tag-republique-francaise","36":"tag-sncm","37":"tag-stx"},"share_on_mastodon":{"url":"https:\/\/pubeurope.com\/@fr\/114672909864731438","error":""},"_links":{"self":[{"href":"https:\/\/www.europesays.com\/fr\/wp-json\/wp\/v2\/posts\/171939","targetHints":{"allow":["GET"]}}],"collection":[{"href":"https:\/\/www.europesays.com\/fr\/wp-json\/wp\/v2\/posts"}],"about":[{"href":"https:\/\/www.europesays.com\/fr\/wp-json\/wp\/v2\/types\/post"}],"author":[{"embeddable":true,"href":"https:\/\/www.europesays.com\/fr\/wp-json\/wp\/v2\/users\/2"}],"replies":[{"embeddable":true,"href":"https:\/\/www.europesays.com\/fr\/wp-json\/wp\/v2\/comments?post=171939"}],"version-history":[{"count":0,"href":"https:\/\/www.europesays.com\/fr\/wp-json\/wp\/v2\/posts\/171939\/revisions"}],"wp:featuredmedia":[{"embeddable":true,"href":"https:\/\/www.europesays.com\/fr\/wp-json\/wp\/v2\/media\/171940"}],"wp:attachment":[{"href":"https:\/\/www.europesays.com\/fr\/wp-json\/wp\/v2\/media?parent=171939"}],"wp:term":[{"taxonomy":"category","embeddable":true,"href":"https:\/\/www.europesays.com\/fr\/wp-json\/wp\/v2\/categories?post=171939"},{"taxonomy":"post_tag","embeddable":true,"href":"https:\/\/www.europesays.com\/fr\/wp-json\/wp\/v2\/tags?post=171939"}],"curies":[{"name":"wp","href":"https:\/\/api.w.org\/{rel}","templated":true}]}}