{"id":171941,"date":"2025-06-12T23:08:09","date_gmt":"2025-06-12T23:08:09","guid":{"rendered":"https:\/\/www.europesays.com\/fr\/171941\/"},"modified":"2025-06-12T23:08:09","modified_gmt":"2025-06-12T23:08:09","slug":"previsions-du-vendredi-13-juin-2025-2","status":"publish","type":"post","link":"https:\/\/www.europesays.com\/fr\/171941\/","title":{"rendered":"pr\u00e9visions du vendredi 13 juin 2025"},"content":{"rendered":"<p>Le soleil sera au rendez-vous \u00e0 Bordeaux : une belle journ\u00e9e se pr\u00e9sente ! Les valeurs afficheront entre 17 et 34\u00b0C. Une l\u00e9g\u00e8re brise de sud-est soufflera. D\u00e8s le matin, les temp\u00e9ratures \u00e9volueront entre 19 et 31\u2009\u00b0C. L&rsquo;apr\u00e8s-midi, c&rsquo;est une hausse de plusieurs degr\u00e9s que vont enregistrer les temp\u00e9ratures. La ville va souffrir d&rsquo;importantes chaleurs avec des valeurs qui pourraient grimper \u00e0 34\u00b0C. Un ciel pluvieux est attendu dans la nuit entre vendredi et samedi.<\/p>\n<p>Demain, une diminution des temp\u00e9ratures est \u00e0 craindre \u00e0 Bordeaux. Il fera en moyenne 22\u00b0C. Un petit vent de nord-ouest sera ressenti par les habitants. Le ciel va l\u00e9g\u00e8rement se d\u00e9gager dans la matin\u00e9e avec des \u00e9claircies. Les temp\u00e9ratures tourneront autour des 23\u00b0C. Le soleil se montrerait plus t\u00f4t dans l&rsquo;apr\u00e8s-midi si des nuages n&rsquo;\u00e9taient pas pr\u00e9sents dans le ciel. Les nuages seront peu \u00e0 peu visibles. Les maximales pourront atteindre 27\u00b0C tandis que les minimales seront de 24\u00b0C.<\/p>\n<p>Le temps restera inchang\u00e9 les prochains jours. On pr\u00e9voit des journ\u00e9es ensoleill\u00e9es, accompagn\u00e9es par des temp\u00e9ratures dans les 23\u00b0C en moyenne.<\/p>\n<p>M\u00eame si l&rsquo;on peut appr\u00e9cier la chaleur, il ne faut toutefois pas omettre de s&rsquo;en prot\u00e9ger et surtout rester attentif vis-\u00e0-vis des personnes les plus vuln\u00e9rables. Une bonne hydratation et de l&rsquo;\u00e9cran solaire sont indispensables face au soleil.<\/p>\n","protected":false},"excerpt":{"rendered":"Le soleil sera au rendez-vous \u00e0 Bordeaux : une belle journ\u00e9e se pr\u00e9sente ! Les valeurs afficheront entre&hellip;\n","protected":false},"author":2,"featured_media":171942,"comment_status":"","ping_status":"","sticky":false,"template":"","format":"standard","meta":{"footnotes":""},"categories":[2817],"tags":[1111,11,3177,1997,1777,674,1011,27,2905,12,2219,2119,25],"class_list":{"0":"post-171941","1":"post","2":"type-post","3":"status-publish","4":"format-standard","5":"has-post-thumbnail","7":"category-bordeaux","8":"tag-actu","9":"tag-actualites","10":"tag-aquitaine","11":"tag-bordeaux","12":"tag-eu","13":"tag-europe","14":"tag-fr","15":"tag-france","16":"tag-gironde","17":"tag-news","18":"tag-nouvelle-aquitaine","19":"tag-previsions-meteo","20":"tag-republique-francaise"},"share_on_mastodon":{"url":"https:\/\/pubeurope.com\/@fr\/114672913869777597","error":""},"_links":{"self":[{"href":"https:\/\/www.europesays.com\/fr\/wp-json\/wp\/v2\/posts\/171941","targetHints":{"allow":["GET"]}}],"collection":[{"href":"https:\/\/www.europesays.com\/fr\/wp-json\/wp\/v2\/posts"}],"about":[{"href":"https:\/\/www.europesays.com\/fr\/wp-json\/wp\/v2\/types\/post"}],"author":[{"embeddable":true,"href":"https:\/\/www.europesays.com\/fr\/wp-json\/wp\/v2\/users\/2"}],"replies":[{"embeddable":true,"href":"https:\/\/www.europesays.com\/fr\/wp-json\/wp\/v2\/comments?post=171941"}],"version-history":[{"count":0,"href":"https:\/\/www.europesays.com\/fr\/wp-json\/wp\/v2\/posts\/171941\/revisions"}],"wp:featuredmedia":[{"embeddable":true,"href":"https:\/\/www.europesays.com\/fr\/wp-json\/wp\/v2\/media\/171942"}],"wp:attachment":[{"href":"https:\/\/www.europesays.com\/fr\/wp-json\/wp\/v2\/media?parent=171941"}],"wp:term":[{"taxonomy":"category","embeddable":true,"href":"https:\/\/www.europesays.com\/fr\/wp-json\/wp\/v2\/categories?post=171941"},{"taxonomy":"post_tag","embeddable":true,"href":"https:\/\/www.europesays.com\/fr\/wp-json\/wp\/v2\/tags?post=171941"}],"curies":[{"name":"wp","href":"https:\/\/api.w.org\/{rel}","templated":true}]}}