{"id":171943,"date":"2025-06-12T23:09:11","date_gmt":"2025-06-12T23:09:11","guid":{"rendered":"https:\/\/www.europesays.com\/fr\/171943\/"},"modified":"2025-06-12T23:09:11","modified_gmt":"2025-06-12T23:09:11","slug":"garrido-et-tolito-aguirre-une-association-inedite-annoncee-pour-le-bordeaux-p2","status":"publish","type":"post","link":"https:\/\/www.europesays.com\/fr\/171943\/","title":{"rendered":"Garrido et Tolito Aguirre : une association in\u00e9dite annonc\u00e9e pour le Bordeaux P2"},"content":{"rendered":"<p>C\u2019est la grosse information de cette fin de semaine dans le monde du padel professionnel : <strong>Javier Garrido<\/strong> et <strong>Tolito Aguirre<\/strong> joueront ensemble au <strong>Premier Padel P2 de Bordeaux<\/strong>, pr\u00e9vu du <strong>30 juin au 6 juillet 2025<\/strong>. Une nouvelle qui intrigue et suscite d\u00e9j\u00e0 beaucoup d\u2019attentes, tant cette paire para\u00eet presque inattendue et prometteuse.<\/p>\n<p><strong>Tolito Aguirre et Javi Garrido, inattendu, mais \u00e9crit ! <\/strong><\/p>\n<p>Inattendu ? Plus vraiment en r\u00e9alit\u00e9 si on revoit l\u2019actu ces derniers temps avec notamment l\u2019annonce de leur s\u00e9paration il y a 2 jours entre Alfonso et Aguirre : avec la blessure de <strong>Tino Libaak<\/strong> \u00e0 une vert\u00e8bre, qui l\u2019\u00e9loignera des terrains pendant plus d\u2019un mois, <strong>Javi Garrido<\/strong> n\u2019avait pas d\u2019autres choix que de recherche un partenaire. D\u2019ailleurs on se demande m\u00eame pourquoi cela n\u2019a pas \u00e9t\u00e9 act\u00e9 pour le Valladolid P2.<\/p>\n<p><strong>Une opportunit\u00e9 pour relancer une dynamique<\/strong><\/p>\n<p>Les deux joueurs ne traversent pas leur meilleure p\u00e9riode. En difficult\u00e9 sur les derni\u00e8res semaines, <strong>l\u2019Argentin Tolito Aguirre (34e mondial)<\/strong> et <strong>l\u2019Espagnol Javi Garrido (16e mondial)<\/strong> semblent en qu\u00eate de renouveau. Cette nouvelle association, qui d\u00e9butera officiellement \u00e0 Bordeaux, pourrait bien leur permettre de retrouver de la confiance et une dynamique plus positive.<\/p>\n<p><strong>Un duo in\u00e9dit, mais pas encore durable<\/strong><\/p>\n<p>Il est important de pr\u00e9ciser que cette union est, pour l\u2019heure, pr\u00e9vue uniquement \u00e0 partir de <strong>Bordeaux<\/strong>. En effet, lors du <strong>Valladolid P2<\/strong> qui pr\u00e9c\u00e8de l\u2019\u00e9tape bordelaise, <strong>les deux joueurs \u00e9volueront encore aux c\u00f4t\u00e9s de leurs partenaires actuels<\/strong> : Aguirre avec <strong>Gonzalo Alfonso<\/strong>, et Garrido avec <strong>Valentino Libaak<\/strong>. Bordeaux marquera donc un tournant dans leurs projets respectifs.<\/p>\n<p><strong>Une belle op\u00e9ration pour Tolito<\/strong><\/p>\n<p>D\u2019un point de vue purement strat\u00e9gique, <strong>Tolito Aguirre est le grand b\u00e9n\u00e9ficiaire de cette union sur le plan du classement<\/strong>. En s\u2019associant au 16e mondial, l\u2019Argentin augmente significativement ses chances d\u2019\u00eatre t\u00eate de s\u00e9rie \u00e0 terme. Pour Garrido, cette association permet \u00e9galement d\u2019explorer un nouveau registre en compagnie d\u2019un joueur cr\u00e9atif et impr\u00e9visible, capable de faire basculer une rencontre sur un \u00e9clair de g\u00e9nie. Pour l\u2019instant, les deux joueurs formeront la 10e paire du tournoi bordelais.<\/p>\n<p><strong>Un tournoi id\u00e9al pour se r\u00e9v\u00e9ler<\/strong><\/p>\n<p>Le <strong>Bordeaux P2<\/strong>, qui se tiendra \u00e0 la Patinoire M\u00e9riadeck, s\u2019annonce comme un moment fort de la saison. Ce sera le seul P2 organis\u00e9 en France en 2025, avec un plateau qui rassemble les meilleurs joueurs mondiaux et une ferveur locale toujours plus importante. L\u2019arriv\u00e9e de cette paire atypique ne manquera pas d\u2019attirer les regards, aussi bien du public que des observateurs du circuit.<\/p>\n<p><strong>Tolito<\/strong> et <strong>Garrido<\/strong> joueront donc ensemble. Reste une inconnue : s\u2019agit-il d\u2019un duo temporaire, en attendant le retour de Tino sur les pistes, ou d\u2019un partenariat qui pourrait durer ? \u201cTout d\u00e9pendra des r\u00e9sultats, car ceux obtenus par <strong>Tino et Javi<\/strong> jusqu\u2019ici n\u2019\u00e9taient pas convaincants\u201d conclut le coach Emilio Forcher.<\/p>\n<p><img loading=\"lazy\" decoding=\"async\" data-del=\"avatar\" alt=\"Franck Binisti\" src=\"https:\/\/www.europesays.com\/fr\/wp-content\/uploads\/2025\/04\/Franck-Binisti-Padel-100x100.jpg\" class=\"avatar pp-user-avatar avatar-100 photo \" height=\"100\" width=\"100\"\/><\/p>\n<p>Franck Binisti d\u00e9couvre le padel au Club des Pyramides en 2009 en r\u00e9gion parisienne. Depuis, le padel fait partie de sa vie. Vous le voyez souvent faire le tour de France en allant couvrir les grands \u00e9v\u00e9nements de padel fran\u00e7ais.<\/p>\n<p class=\"related-title\">Sur le m\u00eame sujet<\/p>\n","protected":false},"excerpt":{"rendered":"C\u2019est la grosse information de cette fin de semaine dans le monde du padel professionnel : Javier Garrido&hellip;\n","protected":false},"author":2,"featured_media":171944,"comment_status":"","ping_status":"","sticky":false,"template":"","format":"standard","meta":{"footnotes":""},"categories":[2817],"tags":[1111,11,30678,1997,1777,674,1011,27,30679,12,2219,30680,25,30681],"class_list":{"0":"post-171943","1":"post","2":"type-post","3":"status-publish","4":"format-standard","5":"has-post-thumbnail","7":"category-bordeaux","8":"tag-actu","9":"tag-actualites","10":"tag-associations-et-separations-joueurs-de-padel","11":"tag-bordeaux","12":"tag-eu","13":"tag-europe","14":"tag-fr","15":"tag-france","16":"tag-javier-garrido","17":"tag-news","18":"tag-nouvelle-aquitaine","19":"tag-premier-padel-bordeaux-p2","20":"tag-republique-francaise","21":"tag-tolito-aguirre"},"share_on_mastodon":{"url":"https:\/\/pubeurope.com\/@fr\/114672917854521432","error":""},"_links":{"self":[{"href":"https:\/\/www.europesays.com\/fr\/wp-json\/wp\/v2\/posts\/171943","targetHints":{"allow":["GET"]}}],"collection":[{"href":"https:\/\/www.europesays.com\/fr\/wp-json\/wp\/v2\/posts"}],"about":[{"href":"https:\/\/www.europesays.com\/fr\/wp-json\/wp\/v2\/types\/post"}],"author":[{"embeddable":true,"href":"https:\/\/www.europesays.com\/fr\/wp-json\/wp\/v2\/users\/2"}],"replies":[{"embeddable":true,"href":"https:\/\/www.europesays.com\/fr\/wp-json\/wp\/v2\/comments?post=171943"}],"version-history":[{"count":0,"href":"https:\/\/www.europesays.com\/fr\/wp-json\/wp\/v2\/posts\/171943\/revisions"}],"wp:featuredmedia":[{"embeddable":true,"href":"https:\/\/www.europesays.com\/fr\/wp-json\/wp\/v2\/media\/171944"}],"wp:attachment":[{"href":"https:\/\/www.europesays.com\/fr\/wp-json\/wp\/v2\/media?parent=171943"}],"wp:term":[{"taxonomy":"category","embeddable":true,"href":"https:\/\/www.europesays.com\/fr\/wp-json\/wp\/v2\/categories?post=171943"},{"taxonomy":"post_tag","embeddable":true,"href":"https:\/\/www.europesays.com\/fr\/wp-json\/wp\/v2\/tags?post=171943"}],"curies":[{"name":"wp","href":"https:\/\/api.w.org\/{rel}","templated":true}]}}