{"id":171947,"date":"2025-06-12T23:11:10","date_gmt":"2025-06-12T23:11:10","guid":{"rendered":"https:\/\/www.europesays.com\/fr\/171947\/"},"modified":"2025-06-12T23:11:10","modified_gmt":"2025-06-12T23:11:10","slug":"previsions-du-vendredi-13-juin-2025-3","status":"publish","type":"post","link":"https:\/\/www.europesays.com\/fr\/171947\/","title":{"rendered":"pr\u00e9visions du vendredi 13 juin 2025"},"content":{"rendered":"<p>Le soleil sera au rendez-vous \u00e0 Toulouse : une magnifique journ\u00e9e se pr\u00e9sente ! Les temp\u00e9ratures s&rsquo;\u00e9chelonneront entre 18 et 32\u00b0C. Un vent de sud-est soufflera l\u00e9g\u00e8rement. Le matin, de tr\u00e8s fortes chaleurs (entre 20\u00b0C et 30\u00b0C) sont annonc\u00e9es. L&rsquo;apr\u00e8s-midi, c&rsquo;est une hausse de plusieurs degr\u00e9s que vont conna\u00eetre les temp\u00e9ratures. Les valeurs maximums pr\u00e9vues sont \u00e9lev\u00e9es, avec 32\u00b0C. Il va faire 25\u00b0C en moyenne le soir. Pendant que vous dormirez, dans la nuit de vendredi \u00e0 samedi, le ciel sera clair.<\/p>\n<p>Demain, une baisse du mercure est \u00e0 pr\u00e9voir \u00e0 Toulouse. On pr\u00e9voit des temp\u00e9ratures d&rsquo;environ 22\u00b0C. Un vent de nord-ouest rafra\u00eechira quelque peu l&rsquo;atmosph\u00e8re. La ville aura quelques \u00e9claircies le matin. Le soleil fera d\u00e9faut demain apr\u00e8s-midi, car le ciel sera couvert par des nuages. Des orages de faible intensit\u00e9 vont obscurcir le ciel de la ville. D&rsquo;un autre c\u00f4t\u00e9, les temp\u00e9ratures vont enregistrer une augmentation de plusieurs degr\u00e9s. Les valeurs seront comprises entre 26 et 27\u00b0C. La grisaille ne se disperse toujours pas, il y aura encore des nuages demain soir. Des orages s&rsquo;inviteront et pourront faire gronder le ciel. Il fera environ 23\u00b0C.<\/p>\n<p>La m\u00e9t\u00e9o restera inchang\u00e9e les jours \u00e0 venir. Il fera 23\u00b0C en moyenne pour des journ\u00e9es avec un temps ensoleill\u00e9.<\/p>\n<p>Il est important de veiller \u00e0 s&rsquo;hydrater correctement en p\u00e9riode de fortes chaleurs. Prenez soin d&rsquo;offrir \u00e0 boire aux jeunes enfants et aux personnes \u00e2g\u00e9es. Un brumisateur sera aussi votre alli\u00e9 au cours de ces fortes chaleurs !<\/p>\n","protected":false},"excerpt":{"rendered":"Le soleil sera au rendez-vous \u00e0 Toulouse : une magnifique journ\u00e9e se pr\u00e9sente ! Les temp\u00e9ratures s&rsquo;\u00e9chelonneront entre&hellip;\n","protected":false},"author":2,"featured_media":171948,"comment_status":"","ping_status":"","sticky":false,"template":"","format":"standard","meta":{"footnotes":""},"categories":[2816],"tags":[1111,11,1777,674,1011,27,2722,2721,12,2680,2119,25,2312],"class_list":{"0":"post-171947","1":"post","2":"type-post","3":"status-publish","4":"format-standard","5":"has-post-thumbnail","7":"category-toulouse","8":"tag-actu","9":"tag-actualites","10":"tag-eu","11":"tag-europe","12":"tag-fr","13":"tag-france","14":"tag-haute-garonne","15":"tag-midi-pyrenees","16":"tag-news","17":"tag-occitanie","18":"tag-previsions-meteo","19":"tag-republique-francaise","20":"tag-toulouse"},"share_on_mastodon":{"url":"https:\/\/pubeurope.com\/@fr\/114672925558367519","error":""},"_links":{"self":[{"href":"https:\/\/www.europesays.com\/fr\/wp-json\/wp\/v2\/posts\/171947","targetHints":{"allow":["GET"]}}],"collection":[{"href":"https:\/\/www.europesays.com\/fr\/wp-json\/wp\/v2\/posts"}],"about":[{"href":"https:\/\/www.europesays.com\/fr\/wp-json\/wp\/v2\/types\/post"}],"author":[{"embeddable":true,"href":"https:\/\/www.europesays.com\/fr\/wp-json\/wp\/v2\/users\/2"}],"replies":[{"embeddable":true,"href":"https:\/\/www.europesays.com\/fr\/wp-json\/wp\/v2\/comments?post=171947"}],"version-history":[{"count":0,"href":"https:\/\/www.europesays.com\/fr\/wp-json\/wp\/v2\/posts\/171947\/revisions"}],"wp:featuredmedia":[{"embeddable":true,"href":"https:\/\/www.europesays.com\/fr\/wp-json\/wp\/v2\/media\/171948"}],"wp:attachment":[{"href":"https:\/\/www.europesays.com\/fr\/wp-json\/wp\/v2\/media?parent=171947"}],"wp:term":[{"taxonomy":"category","embeddable":true,"href":"https:\/\/www.europesays.com\/fr\/wp-json\/wp\/v2\/categories?post=171947"},{"taxonomy":"post_tag","embeddable":true,"href":"https:\/\/www.europesays.com\/fr\/wp-json\/wp\/v2\/tags?post=171947"}],"curies":[{"name":"wp","href":"https:\/\/api.w.org\/{rel}","templated":true}]}}