{"id":171953,"date":"2025-06-12T23:14:14","date_gmt":"2025-06-12T23:14:14","guid":{"rendered":"https:\/\/www.europesays.com\/fr\/171953\/"},"modified":"2025-06-12T23:14:14","modified_gmt":"2025-06-12T23:14:14","slug":"theodora-nouvelle-sensation-francophone-du-hip-hop-a-rencontre-ses-fans-avant-son-concert-a-marseille-en-aout","status":"publish","type":"post","link":"https:\/\/www.europesays.com\/fr\/171953\/","title":{"rendered":"Theodora, nouvelle sensation francophone du hip-hop, a rencontr\u00e9 ses fans avant son concert \u00e0 Marseille en ao\u00fbt"},"content":{"rendered":"<p>Deux semaines apr\u00e8s la ferveur pour <a href=\"https:\/\/www.laprovence.com\/article\/culture-loisirs\/80807182014289\/stevie-van-zandt-guitariste-de-bruce-springsteen-a-rencontre-les-fans-avant-le-show-a-l-orange-velodrome\" target=\"_blank\" rel=\"noopener\">Stevie Van Zandt<\/a>, guitariste et complice de toujours de <a href=\"https:\/\/www.laprovence.com\/article\/culture-loisirs\/1174896105368314\/concert-de-bruce-springsteen-a-marseille-the-boss-une-energie-intacte\" target=\"_blank\" rel=\"noopener\">Bruce Springsteen<\/a>, la Fnac du Centre Bourse de Marseille retrouvait les grandes affluences ce mercredi 11\u00a0juin. Pour cette fois accueillir <a href=\"https:\/\/open.spotify.com\/intl-fr\/artist\/3PpJbrAbphauEun8Xf9tD2\" target=\"_blank\" rel=\"noopener\">Theodora<\/a>, r\u00e9v\u00e9lation musicale depuis la sortie l\u2019an dernier du titre <a href=\"https:\/\/www.youtube.com\/watch?v=FpAkKxmIYVA&amp;pp=ygUSS29uZ29sZXNlIHNvdXMgQkJM\" target=\"_blank\" rel=\"noopener\">Kongolese sous BBL<\/a>, qui culmine au-del\u00e0 des <a href=\"https:\/\/open.spotify.com\/intl-fr\/artist\/3PpJbrAbphauEun8Xf9tD2\" target=\"_blank\" rel=\"noopener\">40\u00a0millions d\u2019\u00e9coutes sur Spotify<\/a>. Comme attendu, la venue de la chanteuse pour une s\u00e9ance de d\u00e9dicaces et photos suscitait un engouement \u00e9norme. \u00c0 tel point que la file d\u2019attente sortait du centre commercial pour s\u2019\u00e9tendre jusque dans la rue Neuve Saint-Martin.<\/p>\n","protected":false},"excerpt":{"rendered":"Deux semaines apr\u00e8s la ferveur pour Stevie Van Zandt, guitariste et complice de toujours de Bruce Springsteen, la&hellip;\n","protected":false},"author":2,"featured_media":171954,"comment_status":"","ping_status":"","sticky":false,"template":"","format":"standard","meta":{"footnotes":""},"categories":[2814],"tags":[17,1111,11,251,1777,674,1011,27,30684,3617,884,12,2043,882,5486,25,30683,2407,30682],"class_list":{"0":"post-171953","1":"post","2":"type-post","3":"status-publish","4":"format-standard","5":"has-post-thumbnail","7":"category-marseille","8":"tag-17","9":"tag-actu","10":"tag-actualites","11":"tag-culture","12":"tag-eu","13":"tag-europe","14":"tag-fr","15":"tag-france","16":"tag-francophone","17":"tag-hip-hop","18":"tag-marseille","19":"tag-news","20":"tag-nouvelle","21":"tag-provence-alpes-cote-dazur","22":"tag-rencontre","23":"tag-republique-francaise","24":"tag-sensation","25":"tag-ses","26":"tag-theodora"},"share_on_mastodon":{"url":"https:\/\/pubeurope.com\/@fr\/114672937472514879","error":""},"_links":{"self":[{"href":"https:\/\/www.europesays.com\/fr\/wp-json\/wp\/v2\/posts\/171953","targetHints":{"allow":["GET"]}}],"collection":[{"href":"https:\/\/www.europesays.com\/fr\/wp-json\/wp\/v2\/posts"}],"about":[{"href":"https:\/\/www.europesays.com\/fr\/wp-json\/wp\/v2\/types\/post"}],"author":[{"embeddable":true,"href":"https:\/\/www.europesays.com\/fr\/wp-json\/wp\/v2\/users\/2"}],"replies":[{"embeddable":true,"href":"https:\/\/www.europesays.com\/fr\/wp-json\/wp\/v2\/comments?post=171953"}],"version-history":[{"count":0,"href":"https:\/\/www.europesays.com\/fr\/wp-json\/wp\/v2\/posts\/171953\/revisions"}],"wp:featuredmedia":[{"embeddable":true,"href":"https:\/\/www.europesays.com\/fr\/wp-json\/wp\/v2\/media\/171954"}],"wp:attachment":[{"href":"https:\/\/www.europesays.com\/fr\/wp-json\/wp\/v2\/media?parent=171953"}],"wp:term":[{"taxonomy":"category","embeddable":true,"href":"https:\/\/www.europesays.com\/fr\/wp-json\/wp\/v2\/categories?post=171953"},{"taxonomy":"post_tag","embeddable":true,"href":"https:\/\/www.europesays.com\/fr\/wp-json\/wp\/v2\/tags?post=171953"}],"curies":[{"name":"wp","href":"https:\/\/api.w.org\/{rel}","templated":true}]}}