{"id":171959,"date":"2025-06-12T23:17:10","date_gmt":"2025-06-12T23:17:10","guid":{"rendered":"https:\/\/www.europesays.com\/fr\/171959\/"},"modified":"2025-06-12T23:17:10","modified_gmt":"2025-06-12T23:17:10","slug":"previsions-du-vendredi-13-juin-2025-4","status":"publish","type":"post","link":"https:\/\/www.europesays.com\/fr\/171959\/","title":{"rendered":"pr\u00e9visions du vendredi 13 juin 2025"},"content":{"rendered":"<p>C&rsquo;est une belle journ\u00e9e dont va profiter Lyon, o\u00f9 le soleil va briller avec force. Les maximales atteindront les 33\u00b0C et les minimales seront de 17\u00b0C. Un vent de sud soufflera l\u00e9g\u00e8rement, avec 10 km\/h. Le matin, de tr\u00e8s fortes chaleurs (entre 20\u00b0C et 30\u00b0C) sont pr\u00e9vues. L&rsquo;apr\u00e8s-midi, c&rsquo;est une hausse de plusieurs degr\u00e9s que vont conna\u00eetre les temp\u00e9ratures. L&rsquo;\u00e9pisode de grosses chaleurs est bien l\u00e0, avec des temp\u00e9ratures qui risqueront de monter jusqu&rsquo;\u00e0 33\u00b0C. Le ciel sera clair dans la nuit de vendredi \u00e0 samedi.<\/p>\n<p>Demain, les Lyonnais vont pouvoir b\u00e9n\u00e9ficier d&rsquo;un soleil radieux. Le temps va se r\u00e9chauffer avec une augmentation de quelques degr\u00e9s. Les importantes chaleurs sont pr\u00e9sentes. Avec des valeurs comprises entre 18 et 33\u00b0C. Les temp\u00e9ratures seront comprises entre 18 et 33\u00b0C. La ville va conna\u00eetre, le matin, un passage de fortes chaleurs avec des valeurs qui atteindront parfois les 30\u00b0C. Un modeste vent de sud sera ressenti par les habitants. Les temp\u00e9ratures vont grimper pendant l&rsquo;apr\u00e8s-midi de plusieurs degr\u00e9s. La ville va p\u00e2tir des grosses chaleurs avec des temp\u00e9ratures qui pourraient monter \u00e0 33\u00b0C. Le ciel va progressivement se couvrir durant la soir\u00e9e du fait de l&rsquo;arriv\u00e9e de nuages. Des pluies \u00e9parses sont pr\u00e9vues. Prenez garde \u00e0 la vague de chaud. Des valeurs de 22 \u00e0 30\u00b0C sont annonc\u00e9es. Les temp\u00e9ratures tourneront autour des 26\u00b0C. Une petite brise de nord soufflera.<\/p>\n<p>Les jours se suivent mais ne se ressemblent pas. Les conditions m\u00e9t\u00e9orologiques varieront les prochains jours. On s&rsquo;attend \u00e0 une am\u00e9lioration lundi, apr\u00e8s un jour pluvieux dimanche.<\/p>\n<p><\/p>\n","protected":false},"excerpt":{"rendered":"C&rsquo;est une belle journ\u00e9e dont va profiter Lyon, o\u00f9 le soleil va briller avec force. Les maximales atteindront&hellip;\n","protected":false},"author":2,"featured_media":171960,"comment_status":"","ping_status":"","sticky":false,"template":"","format":"standard","meta":{"footnotes":""},"categories":[1889],"tags":[1111,11,2430,1777,674,1011,27,2428,12,2119,25,2429,2431],"class_list":{"0":"post-171959","1":"post","2":"type-post","3":"status-publish","4":"format-standard","5":"has-post-thumbnail","7":"category-lyon","8":"tag-actu","9":"tag-actualites","10":"tag-auvergne-rhone-alpes","11":"tag-eu","12":"tag-europe","13":"tag-fr","14":"tag-france","15":"tag-lyon","16":"tag-news","17":"tag-previsions-meteo","18":"tag-republique-francaise","19":"tag-rhone","20":"tag-rhone-alpes"},"share_on_mastodon":{"url":"https:\/\/pubeurope.com\/@fr\/114672949168071592","error":""},"_links":{"self":[{"href":"https:\/\/www.europesays.com\/fr\/wp-json\/wp\/v2\/posts\/171959","targetHints":{"allow":["GET"]}}],"collection":[{"href":"https:\/\/www.europesays.com\/fr\/wp-json\/wp\/v2\/posts"}],"about":[{"href":"https:\/\/www.europesays.com\/fr\/wp-json\/wp\/v2\/types\/post"}],"author":[{"embeddable":true,"href":"https:\/\/www.europesays.com\/fr\/wp-json\/wp\/v2\/users\/2"}],"replies":[{"embeddable":true,"href":"https:\/\/www.europesays.com\/fr\/wp-json\/wp\/v2\/comments?post=171959"}],"version-history":[{"count":0,"href":"https:\/\/www.europesays.com\/fr\/wp-json\/wp\/v2\/posts\/171959\/revisions"}],"wp:featuredmedia":[{"embeddable":true,"href":"https:\/\/www.europesays.com\/fr\/wp-json\/wp\/v2\/media\/171960"}],"wp:attachment":[{"href":"https:\/\/www.europesays.com\/fr\/wp-json\/wp\/v2\/media?parent=171959"}],"wp:term":[{"taxonomy":"category","embeddable":true,"href":"https:\/\/www.europesays.com\/fr\/wp-json\/wp\/v2\/categories?post=171959"},{"taxonomy":"post_tag","embeddable":true,"href":"https:\/\/www.europesays.com\/fr\/wp-json\/wp\/v2\/tags?post=171959"}],"curies":[{"name":"wp","href":"https:\/\/api.w.org\/{rel}","templated":true}]}}