{"id":171967,"date":"2025-06-12T23:22:08","date_gmt":"2025-06-12T23:22:08","guid":{"rendered":"https:\/\/www.europesays.com\/fr\/171967\/"},"modified":"2025-06-12T23:22:08","modified_gmt":"2025-06-12T23:22:08","slug":"previsions-du-vendredi-13-juin-2025-5","status":"publish","type":"post","link":"https:\/\/www.europesays.com\/fr\/171967\/","title":{"rendered":"pr\u00e9visions du vendredi 13 juin 2025"},"content":{"rendered":"<p>C&rsquo;est une magnifique journ\u00e9e dont va b\u00e9n\u00e9ficier Paris, o\u00f9 le soleil va briller intens\u00e9ment. Les temp\u00e9ratures iront de 18 \u00e0 32\u00b0C. Le matin, de tr\u00e8s fortes chaleurs (entre 21\u00b0C et 30\u00b0C) sont annonc\u00e9es. Les temp\u00e9ratures seront de 26\u00b0C. Un l\u00e9ger vent de nord-est soufflera. Le temps va se r\u00e9chauffer l&rsquo;apr\u00e8s-midi avec une augmentation de plusieurs degr\u00e9s. Attention \u00e0 la vague de chaud. Des valeurs de 31 \u00e0 32\u00b0C sont pr\u00e9vues. Les grosses chaleurs sont pr\u00e9sentes. Avec des temp\u00e9ratures comprises entre 27 et 31\u00b0C. Pendant que vous dormirez, dans la nuit de vendredi \u00e0 samedi, le ciel sera clair.<\/p>\n<p>Demain, une diminution des temp\u00e9ratures est \u00e0 craindre \u00e0 Paris. Les valeurs maximales attendues sont importantes, avec 30\u00b0C. Le thermom\u00e8tre affichera 24\u00b0C en moyenne. Cette matin\u00e9e rimera avec grand soleil. Une brise de sud-ouest soufflera doucement. Le soleil appara\u00eet l\u00e9g\u00e8rement demain apr\u00e8s-midi. Ces \u00e9claircies devraient ravir les habitants. Les temp\u00e9ratures vont grimper de quelques degr\u00e9s. La ville va conna\u00eetre une vague de fortes chaleurs avec des temp\u00e9ratures qui rejoindront parfois les 30\u00b0C. Les valeurs s&rsquo;\u00e9chelonneront entre 26 et 30\u00b0C. Demain soir, on anticipe des temp\u00e9ratures avoisinant 23\u00b0C. Un vent de nord-ouest soufflera l\u00e9g\u00e8rement, avec 13 km\/h.<\/p>\n<p>Les jours suivants s&rsquo;annoncent identiques. Des temp\u00e9ratures dans les 21\u00b0C accompagneront un ciel ensoleill\u00e9.<\/p>\n<p>Pour se prot\u00e9ger des fortes chaleurs, il faut penser \u00e0 s&rsquo;hydrater r\u00e9guli\u00e8rement et \u00e0 bien manger. Couvrez votre peau avec un t-shirt, un bob, de l&rsquo;\u00e9cran solaire et ne vous exposez pas au soleil lors des heures les plus chaudes.<\/p>\n","protected":false},"excerpt":{"rendered":"C&rsquo;est une magnifique journ\u00e9e dont va b\u00e9n\u00e9ficier Paris, o\u00f9 le soleil va briller intens\u00e9ment. Les temp\u00e9ratures iront de&hellip;\n","protected":false},"author":2,"featured_media":171968,"comment_status":"","ping_status":"","sticky":false,"template":"","format":"standard","meta":{"footnotes":""},"categories":[1888],"tags":[11,1777,674,1011,27,662,12,626,2119,25],"class_list":{"0":"post-171967","1":"post","2":"type-post","3":"status-publish","4":"format-standard","5":"has-post-thumbnail","7":"category-paris","8":"tag-actualites","9":"tag-eu","10":"tag-europe","11":"tag-fr","12":"tag-france","13":"tag-ile-de-france","14":"tag-news","15":"tag-paris","16":"tag-previsions-meteo","17":"tag-republique-francaise"},"share_on_mastodon":{"url":"https:\/\/pubeurope.com\/@fr\/114672968906912231","error":""},"_links":{"self":[{"href":"https:\/\/www.europesays.com\/fr\/wp-json\/wp\/v2\/posts\/171967","targetHints":{"allow":["GET"]}}],"collection":[{"href":"https:\/\/www.europesays.com\/fr\/wp-json\/wp\/v2\/posts"}],"about":[{"href":"https:\/\/www.europesays.com\/fr\/wp-json\/wp\/v2\/types\/post"}],"author":[{"embeddable":true,"href":"https:\/\/www.europesays.com\/fr\/wp-json\/wp\/v2\/users\/2"}],"replies":[{"embeddable":true,"href":"https:\/\/www.europesays.com\/fr\/wp-json\/wp\/v2\/comments?post=171967"}],"version-history":[{"count":0,"href":"https:\/\/www.europesays.com\/fr\/wp-json\/wp\/v2\/posts\/171967\/revisions"}],"wp:featuredmedia":[{"embeddable":true,"href":"https:\/\/www.europesays.com\/fr\/wp-json\/wp\/v2\/media\/171968"}],"wp:attachment":[{"href":"https:\/\/www.europesays.com\/fr\/wp-json\/wp\/v2\/media?parent=171967"}],"wp:term":[{"taxonomy":"category","embeddable":true,"href":"https:\/\/www.europesays.com\/fr\/wp-json\/wp\/v2\/categories?post=171967"},{"taxonomy":"post_tag","embeddable":true,"href":"https:\/\/www.europesays.com\/fr\/wp-json\/wp\/v2\/tags?post=171967"}],"curies":[{"name":"wp","href":"https:\/\/api.w.org\/{rel}","templated":true}]}}