{"id":171972,"date":"2025-06-12T23:25:13","date_gmt":"2025-06-12T23:25:13","guid":{"rendered":"https:\/\/www.europesays.com\/fr\/171972\/"},"modified":"2025-06-12T23:25:13","modified_gmt":"2025-06-12T23:25:13","slug":"nouvel-echange-de-prisonniers-dans-le-cadre-de-laccord-distanbul","status":"publish","type":"post","link":"https:\/\/www.europesays.com\/fr\/171972\/","title":{"rendered":"nouvel \u00e9change de prisonniers dans le cadre de l&rsquo;accord d&rsquo;Istanbul"},"content":{"rendered":"<p>L&rsquo;Ukraine et la Russie ont proc\u00e9d\u00e9 ce jeudi \u00e0 un nouvel \u00e9change de prisonniers de guerre, dans le cadre de l\u2019accord conclu le 2 juin \u00e0 Istanbul. Ce transfert porte sur la lib\u00e9ration \u00ab\u00a0de guerriers gravement bless\u00e9s et gravement malades\u00a0\u00bb, selon le pr\u00e9sident ukrainien Volodymyr Zelensky.<\/p>\n<p>Des soldats bless\u00e9s ou port\u00e9s disparus<\/p>\n<p>Selon Kyiv, la majorit\u00e9 des soldats lib\u00e9r\u00e9s ont \u00e9t\u00e9 bless\u00e9s au combat dans les r\u00e9gions de Donetsk, Louhansk, Kharkiv, Kherson et Zaporjjia. Certains figuraient sur la liste des \u00ab\u00a0port\u00e9s disparus\u00a0\u00bb et nombre d&rsquo;entre eux ont \u00e9t\u00e9 retenus en captivit\u00e9 en Russie depuis plus de trois ans.<\/p>\n<p>Le nombre exact de soldats concern\u00e9s n&rsquo;a pas \u00e9t\u00e9 communiqu\u00e9 par les autorit\u00e9s ukrainiennes qui ont pr\u00e9cis\u00e9 que ces informations devraient \u00eatre communiqu\u00e9es une fois l&rsquo;\u00e9change termin\u00e9.<\/p>\n<p>Le si\u00e8ge de coordination ukrainien pour le traitement des prisonniers de guerre a indiqu\u00e9 que les soldats rapatri\u00e9s b\u00e9n\u00e9ficieront de \u00ab\u00a0soins m\u00e9dicaux d&rsquo;urgence\u00a0\u00bb et recevront \u00ab\u00a0une assistance compl\u00e8te, y compris une r\u00e9adaptation psychologique et une compensation financi\u00e8re pour leur temps de captivit\u00e9\u00a0\u00bb.<\/p>\n<p>Un processus d&rsquo;\u00e9changes par \u00e9tapes<\/p>\n<p>Ce transfert fait partie d\u2019un \u00e9change plus large, <a href=\"https:\/\/fr.news.yahoo.com\/guerre-ukraine-deuxi%C3%A8me-%C3%A9change-prisonniers-201058244.html\" data-ylk=\"slk:amorc\u00e9 en d\u00e9but de semaine;elm:context_link;itc:0;sec:content-canvas;outcm:mb_qualified_link;_E:mb_qualified_link;ct:story;\" class=\"link  yahoo-link\" target=\"_blank\" rel=\"noopener\"><strong>amorc\u00e9 en d\u00e9but de semaine<\/strong><\/a>, incluant \u00e9galement le rapatriement des corps de soldats tomb\u00e9s au front.<\/p>\n<p>Kyiv affirme avoir r\u00e9cup\u00e9r\u00e9 1 212 d\u00e9pouilles de soldats ukrainiens, gr\u00e2ce \u00e0 la coordination entre le Service de s\u00e9curit\u00e9 de l\u2019Ukraine, les forces arm\u00e9es, le minist\u00e8re de l\u2019Int\u00e9rieur, le Bureau du M\u00e9diateur, ainsi que d\u2019autres services nationaux de s\u00e9curit\u00e9 et de d\u00e9fense.<\/p>\n<p>Les minist\u00e8res de l\u2019Int\u00e9rieur et de la Sant\u00e9 ukrainiens ont mobilis\u00e9 des \u00e9quipes m\u00e9dico-l\u00e9gales afin d\u2019identifier les corps. Le Comit\u00e9 international de la Croix-Rouge a \u00e9galement particip\u00e9 \u00e0 l\u2019op\u00e9ration.<\/p>\n<p>Selon Vladimir Medinsky, assistant de Vladimir Poutine, la Russie aurait r\u00e9cup\u00e9r\u00e9 les corps de 27 militaires russes, un chiffre que Kyiv n\u2019a pas encore confirm\u00e9.<\/p>\n<p>Vladimir Medinsky a \u00e9galement annonc\u00e9 que la Russie s\u2019est engag\u00e9e \u00e0 transf\u00e9rer jusqu\u2019\u00e0 6 000 corps de soldats et officiers ukrainiens, \u00e0 la suite des pourparlers en Turquie.<\/p>\n","protected":false},"excerpt":{"rendered":"L&rsquo;Ukraine et la Russie ont proc\u00e9d\u00e9 ce jeudi \u00e0 un nouvel \u00e9change de prisonniers de guerre, dans le&hellip;\n","protected":false},"author":2,"featured_media":171973,"comment_status":"","ping_status":"","sticky":false,"template":"","format":"standard","meta":{"footnotes":""},"categories":[1590],"tags":[11,1777,674,17915,5493,2489,12,15307,220,22643],"class_list":{"0":"post-171972","1":"post","2":"type-post","3":"status-publish","4":"format-standard","5":"has-post-thumbnail","7":"category-ukraine","8":"tag-actualites","9":"tag-eu","10":"tag-europe","11":"tag-kyiv","12":"tag-lukraine","13":"tag-la-russie","14":"tag-news","15":"tag-prisonniers-de-guerre","16":"tag-ukraine","17":"tag-vladimir-medinsky"},"share_on_mastodon":{"url":"https:\/\/pubeurope.com\/@fr\/114672980730533170","error":""},"_links":{"self":[{"href":"https:\/\/www.europesays.com\/fr\/wp-json\/wp\/v2\/posts\/171972","targetHints":{"allow":["GET"]}}],"collection":[{"href":"https:\/\/www.europesays.com\/fr\/wp-json\/wp\/v2\/posts"}],"about":[{"href":"https:\/\/www.europesays.com\/fr\/wp-json\/wp\/v2\/types\/post"}],"author":[{"embeddable":true,"href":"https:\/\/www.europesays.com\/fr\/wp-json\/wp\/v2\/users\/2"}],"replies":[{"embeddable":true,"href":"https:\/\/www.europesays.com\/fr\/wp-json\/wp\/v2\/comments?post=171972"}],"version-history":[{"count":0,"href":"https:\/\/www.europesays.com\/fr\/wp-json\/wp\/v2\/posts\/171972\/revisions"}],"wp:featuredmedia":[{"embeddable":true,"href":"https:\/\/www.europesays.com\/fr\/wp-json\/wp\/v2\/media\/171973"}],"wp:attachment":[{"href":"https:\/\/www.europesays.com\/fr\/wp-json\/wp\/v2\/media?parent=171972"}],"wp:term":[{"taxonomy":"category","embeddable":true,"href":"https:\/\/www.europesays.com\/fr\/wp-json\/wp\/v2\/categories?post=171972"},{"taxonomy":"post_tag","embeddable":true,"href":"https:\/\/www.europesays.com\/fr\/wp-json\/wp\/v2\/tags?post=171972"}],"curies":[{"name":"wp","href":"https:\/\/api.w.org\/{rel}","templated":true}]}}