{"id":17198,"date":"2025-04-11T11:47:10","date_gmt":"2025-04-11T11:47:10","guid":{"rendered":"https:\/\/www.europesays.com\/fr\/17198\/"},"modified":"2025-04-11T11:47:10","modified_gmt":"2025-04-11T11:47:10","slug":"ce-quamazon-ads-prevoit-pour-les-annonceurs-en-france","status":"publish","type":"post","link":"https:\/\/www.europesays.com\/fr\/17198\/","title":{"rendered":"Ce qu\u2019Amazon Ads pr\u00e9voit pour les annonceurs en France"},"content":{"rendered":"<p>Amazon Ads, r\u00e9gie publicitaire d\u2019Amazon, va lancer \u00ab\u00a0Complete TV\u00a0\u00bb en France en 2025. C\u2019est l\u2019une des nouveaut\u00e9s annonc\u00e9es lors de l\u2019\u00e9v\u00e9nement unBoxed Paris, organis\u00e9 le 10 avril et auquel plusieurs centaines d\u2019agences et annonceurs ont assist\u00e9. Cet ensemble d\u2019outils int\u00e9gr\u00e9 \u00e0 Amazon DSP aide les marques \u00e0 planifier, \u00e0 g\u00e9rer et \u00e0 mesurer tous leurs investissements publicitaires en t\u00e9l\u00e9vision en streaming. Les utilisateurs pourront b\u00e9n\u00e9ficier d\u2019indicateurs en temps r\u00e9el pour allouer leurs budgets publicitaires aux diff\u00e9rents acteurs de streaming, qu\u2019il s\u2019agisse de Prime Video ou d\u2019autres \u00e9diteurs premium, comme TF1 (intervenu sur sc\u00e8ne) et d\u2019autres diffuseurs.<\/p>\n<p>\u00ab Chez Amazon Ads, nous d\u00e9veloppons des solutions publicitaires full-funnel qui associent notori\u00e9t\u00e9, consid\u00e9ration et conversion\u00a0\u00bb, d\u00e9clare St\u00e9phane Grenier, directeur g\u00e9n\u00e9ral d\u2019<a href=\"https:\/\/www.strategies.fr\/actualites\/medias\/LQ3999585C\/amazon-ads-integre-le-comite-cross-media-video-de-mediametrie.html\" target=\"_blank\" rel=\"noopener\">Amazon Ads France<\/a>.<\/p>\n<p>Amazon Live arrive en France<\/p>\n<p>Autre nouveaut\u00e9 \u00e0 venir \u00ab prochainement\u00a0\u00bb\u00a0sur le march\u00e9 tricolore\u00a0: la version b\u00eata d\u2019Amazon Publisher Cloud (APC), qui permettra aux \u00e9diteurs de planifier et activer des deals programmatiques dans Amazon DSP, gr\u00e2ce \u00e0 l\u2019analyse crois\u00e9e de leurs signaux propri\u00e9taires avec les insights d\u2019Amazon Ads. Amazon DSP qui sera d\u2019ailleurs dot\u00e9e de fonctionnalit\u00e9s optimis\u00e9es, comme des recommandations fond\u00e9es sur le machine learning, permettant aux annonceurs d\u2019auditer plus facilement la performance de leurs campagnes et de leur apporter des optimisations. \u00ab\u00a0Il est d\u00e9sormais possible de cr\u00e9er une campagne en seulement quelques clics \u2013 r\u00e9duisant le temps de configuration de 67% et le temps de production cr\u00e9ative de 75%\u00a0\u00bb, insiste la r\u00e9gie.<\/p>\n<p>Enfin, Amazon Live sera lanc\u00e9 en France au mois de mai. Dans le cadre de cette offre de social selling, d\u00e9j\u00e0 test\u00e9e par Samsung au Royaume-Uni par exemple, les annonceurs pourront int\u00e9grer du contenu vid\u00e9o et interactif directement dans leurs boutiques de marque (ou sur des pages d\u00e9di\u00e9es). L\u2019objectif est de renforcer les ventes.<\/p>\n<p>Par ailleurs, l\u2019\u00e9v\u00e9nement unBoxed Paris a permis de faire le point sur la publicit\u00e9 sur <a href=\"https:\/\/www.strategies.fr\/actualites\/inspirations\/LQ4437968C\/anaon-la-serie-fantastique-bretonne-qui-debarque-sur-prime-video.html\" target=\"_blank\" rel=\"noopener\">Prime Video<\/a>, qui avait \u00e9t\u00e9\u00a0<a href=\"https:\/\/www.strategies.fr\/actualites\/medias\/LQ3117147C\/prime-video-lance-son-tour-son-offre-avec-pub.html\" target=\"_blank\" rel=\"noopener\">lanc\u00e9e en France il y a un an<\/a>. Elle touche plus de 9 millions de clients chaque mois. Et \u00ab\u00a080 % des marques pr\u00e9sentes au lancement dans les six premiers mois ont renouvel\u00e9 leur campagne dans les six mois suivants\u00a0\u00bb, indique St\u00e9phane Grenier.<\/p>\n","protected":false},"excerpt":{"rendered":"Amazon Ads, r\u00e9gie publicitaire d\u2019Amazon, va lancer \u00ab\u00a0Complete TV\u00a0\u00bb en France en 2025. C\u2019est l\u2019une des nouveaut\u00e9s annonc\u00e9es&hellip;\n","protected":false},"author":2,"featured_media":17199,"comment_status":"","ping_status":"","sticky":false,"template":"","format":"standard","meta":{"footnotes":""},"categories":[4],"tags":[11,536,6973,1011,27,6974,6972,500,12,25],"class_list":{"0":"post-17198","1":"post","2":"type-post","3":"status-publish","4":"format-standard","5":"has-post-thumbnail","7":"category-france","8":"tag-actualites","9":"tag-communication","10":"tag-digital","11":"tag-fr","12":"tag-france","13":"tag-magazine-strategies","14":"tag-marketing","15":"tag-medias","16":"tag-news","17":"tag-republique-francaise"},"share_on_mastodon":{"url":"https:\/\/pubeurope.com\/@fr\/114319172941505558","error":""},"_links":{"self":[{"href":"https:\/\/www.europesays.com\/fr\/wp-json\/wp\/v2\/posts\/17198","targetHints":{"allow":["GET"]}}],"collection":[{"href":"https:\/\/www.europesays.com\/fr\/wp-json\/wp\/v2\/posts"}],"about":[{"href":"https:\/\/www.europesays.com\/fr\/wp-json\/wp\/v2\/types\/post"}],"author":[{"embeddable":true,"href":"https:\/\/www.europesays.com\/fr\/wp-json\/wp\/v2\/users\/2"}],"replies":[{"embeddable":true,"href":"https:\/\/www.europesays.com\/fr\/wp-json\/wp\/v2\/comments?post=17198"}],"version-history":[{"count":0,"href":"https:\/\/www.europesays.com\/fr\/wp-json\/wp\/v2\/posts\/17198\/revisions"}],"wp:featuredmedia":[{"embeddable":true,"href":"https:\/\/www.europesays.com\/fr\/wp-json\/wp\/v2\/media\/17199"}],"wp:attachment":[{"href":"https:\/\/www.europesays.com\/fr\/wp-json\/wp\/v2\/media?parent=17198"}],"wp:term":[{"taxonomy":"category","embeddable":true,"href":"https:\/\/www.europesays.com\/fr\/wp-json\/wp\/v2\/categories?post=17198"},{"taxonomy":"post_tag","embeddable":true,"href":"https:\/\/www.europesays.com\/fr\/wp-json\/wp\/v2\/tags?post=17198"}],"curies":[{"name":"wp","href":"https:\/\/api.w.org\/{rel}","templated":true}]}}