{"id":172009,"date":"2025-06-12T23:46:19","date_gmt":"2025-06-12T23:46:19","guid":{"rendered":"https:\/\/www.europesays.com\/fr\/172009\/"},"modified":"2025-06-12T23:46:19","modified_gmt":"2025-06-12T23:46:19","slug":"guillaume-labbe-surpris-par-un-message-de-sa-soeur-constance-dans-c-a-vous-explique-pourquoi-il-ne-joue-pas-au-cinema-avec-elle","status":"publish","type":"post","link":"https:\/\/www.europesays.com\/fr\/172009\/","title":{"rendered":"Guillaume Labb\u00e9, surpris par un message de sa soeur Constance dans C \u00e0 vous, explique pourquoi il ne joue pas au cin\u00e9ma avec elle"},"content":{"rendered":"<p>Constance Labb\u00e9 a surpris son fr\u00e8re Guillaume, venu faire la promotion de la saison 2 d&rsquo;Escort Boys dans C \u00e0 vous, en lui laissant un message tr\u00e8s original. <\/p>\n<p>La s\u00e9rie Escort Boys, dont la premi\u00e8re saison avait \u00e9t\u00e9 d\u00e9voil\u00e9e par Prime Vid\u00e9o en d\u00e9cembre 2023, va faire son retour <a href=\"https:\/\/www.programme-tv.net\/news\/series-tv\/366616-escort-boys-la-serie-avec-guillaume-labbe-aura-t-elle-une-saison-2\/\" data-api-deeplink=\"teleloisirs:\/\/news\/366616\" rel=\"nofollow noopener\" target=\"_blank\">d\u00e8s ce vendredi 13 juin sur la plateforme pour une deuxi\u00e8me saison<\/a>. <a href=\"https:\/\/www.programme-tv.net\/news\/series-tv\/343113-ca-a-ete-une-grosse-galere-guillaume-labbe-et-simon-ehrlacher-escort-boys-reviennent-sur-l-tournag-de-cette-scene-enflammee\/\" data-api-deeplink=\"teleloisirs:\/\/news\/343113\" rel=\"nofollow noopener\" target=\"_blank\">Guillaume Labb\u00e9<\/a> Thibaut Evrard, <a href=\"https:\/\/www.programme-tv.net\/biographie\/290329-fila-corentin\/\" data-link-people=\"11a007c8-1b30-444a-beb5-bedf5a29f96f\" rel=\"nofollow noopener\" target=\"_blank\">Corentin Fila<\/a> et <a href=\"https:\/\/www.programme-tv.net\/news\/series-tv\/343357-escort-boys-simon-ehrlacher-reagit-au-final-de-la-saison-1-sur-mathias-et-charly\/\" data-api-deeplink=\"teleloisirs:\/\/news\/343357\" rel=\"nofollow noopener\" target=\"_blank\">Simon Ehrlacher<\/a> sont toujours au rendez-vous pour la suite de la s\u00e9rie. Comme dans la premi\u00e8re saison, ils seront accompagn\u00e9s par plusieurs invit\u00e9s prestigieux. <a href=\"https:\/\/www.programme-tv.net\/biographie\/2298-balasko-josiane\/\" data-api-deeplink=\"teleloisirs:\/\/person\/2298\" rel=\"nofollow noopener\" target=\"_blank\">Josiane Balasko<\/a>, <a href=\"https:\/\/www.programme-tv.net\/biographie\/3276-morgane-clara\/\" data-link-people=\"524d5706-0029-4021-9b93-74c62ca128fe\" rel=\"nofollow noopener\" target=\"_blank\">Clara Morgane<\/a>, Cristina Reali, <a href=\"https:\/\/www.programme-tv.net\/biographie\/148312-celma-stefi\/\" data-link-people=\"227594c9-4a5c-4bb4-b0d6-3d9caa8e7100\" rel=\"nofollow noopener\" target=\"_blank\">St\u00e9fi Celma<\/a>, et <a href=\"https:\/\/www.programme-tv.net\/biographie\/6394-de-montalembert-thibault\/\" data-link-people=\"b71cd161-1afb-4d9b-b096-dbeef10810b7\" rel=\"nofollow noopener\" target=\"_blank\">Thibault de Montalembert<\/a> seront ainsi pr\u00e9sents \u00e0 l&rsquo;\u00e9cran pour leur donner la r\u00e9plique. Les h\u00e9ros de la s\u00e9rie \u00e9taient les invit\u00e9s d&rsquo;Anne-Elisabeth Lemoine dans C \u00e0 vous ce jeudi 12 juin pour faire la promotion de la deuxi\u00e8me saison d&rsquo;Escort Boys.<\/p>\n<p>Pierre Lescure a r\u00e9serv\u00e9 une jolie surprise \u00e0 Guillaume Labb\u00e9. <a href=\"https:\/\/www.programme-tv.net\/news\/series-tv\/364578-il-y-avait-une-alchimie-entre-nous-constance-labbe-cat-s-eyes-se-confie-sur-ses-scenes-intimes-avec-simon-ehrlacher\/\" data-api-deeplink=\"teleloisirs:\/\/news\/364578\" rel=\"nofollow noopener\" target=\"_blank\">Sa s\u0153ur Constance, com\u00e9dienne comme lui, qui incarne Sylia dans l&rsquo;adaptation de Cat&rsquo;s eyes<\/a>, lui a laiss\u00e9 un message. \u00ab\u00a0Je suis hyper contente que C \u00e0 vous m&rsquo;ait propos\u00e9 de faire une vid\u00e9o parce qu&rsquo;on est hyper pudiques dans la famille et que j&rsquo;en profite pour te dire \u00e0 quel point je t&rsquo;aime, \u00e0 quel point je suis fi\u00e8re du com\u00e9dien que tu deviens et comme j&rsquo;admire ton jeu \u00e0 l&rsquo;\u00e9cran\u00a0\u00bb, a commenc\u00e9 \u00e0 d\u00e9clarer l&rsquo;actrice face cam\u00e9ra. Mais son petit chien s&rsquo;est aussit\u00f4t jet\u00e9 sur l&rsquo;objectif pour le l\u00e9chouiller, la dissimulant \u00e0 l&rsquo;\u00e9cran, pudeur oblige. \u00ab\u00a0Je pense que tu es l&rsquo;un des rares en France qui peut allier autant sensibilit\u00e9 avec vachement de d\u00e9licatesse et \u00e0 chaque fois \u00e7a me surprend dans tous les projets. <b>Et m\u00eame sur un point de vue humain, je suis trop contente de t&rsquo;avoir dans ma vie et je pense que si je devais choisir une personne avec qui jouer aujourd&rsquo;hui \u00e7a serait toi\u00a0\u00bb<\/b>, conclut-elle, \u00e0 peine interrompue par son chien tr\u00e8s entreprenant.<\/p>\n<p>                        Guillaume et Constance Labb\u00e9 aimeraient jouer ensemble<\/p>\n<p>Comme l&rsquo;a rappel\u00e9 <a href=\"https:\/\/www.programme-tv.net\/biographie\/29286-lescure-pierre\/\" data-link-people=\"d01334c5-bddf-44f8-b5cc-90d04be4cb4d\" rel=\"nofollow noopener\" target=\"_blank\">Pierre Lescure<\/a>, le fr\u00e8re et la s\u0153ur aimeraient jouer ensemble, mais on leur a seulement propos\u00e9 d&rsquo;\u00eatre en couple \u00e0 l&rsquo;\u00e9cran. \u00ab\u00a0Je ne pense pas qu&rsquo;on nous ait propos\u00e9 \u00e7a\u00a0\u00bb, l&rsquo;a corrig\u00e9 Guillaume Labb\u00e9. Il a ensuite \u00e9voqu\u00e9 leur seule collaboration \u00e0 l&rsquo;\u00e9cran. \u00ab\u00a0On a travaill\u00e9 ensemble sur une s\u00e9rie sur France 2. On a fait une sc\u00e8ne. On a fait un moyen-m\u00e9trage. Mais c&rsquo;est s\u00fbr qu&rsquo;on a vraiment envie de rejouer ensemble. Mais ce n&rsquo;est pas \u00e9vident. Il y a une esp\u00e8ce de pudeur que je ne trouve pas avec d&rsquo;autres com\u00e9diens. Et donc, il faut trouver le projet qui collera sur \u00e7a. Elle ne l&rsquo;a pas elle vraiment, mais moi j&rsquo;ai un truc, de on se conna\u00eet tellement, que c&rsquo;est vraiment l&rsquo;ultime jeu. (&#8230;) Tu ne peux jamais, jamais tricher, m\u00eame une demi-seconde\u00a0\u00bb, a expliqu\u00e9 le com\u00e9dien.<\/p>\n","protected":false},"excerpt":{"rendered":"Constance Labb\u00e9 a surpris son fr\u00e8re Guillaume, venu faire la promotion de la saison 2 d&rsquo;Escort Boys dans&hellip;\n","protected":false},"author":2,"featured_media":172010,"comment_status":"","ping_status":"","sticky":false,"template":"","format":"standard","meta":{"footnotes":""},"categories":[1356],"tags":[4470,244,30689,58,59,30690,1011,27,30688,10395,129,252,1364],"class_list":{"0":"post-172009","1":"post","2":"type-post","3":"status-publish","4":"format-standard","5":"has-post-thumbnail","7":"category-television","8":"tag-c-u00e0-vous","9":"tag-commentaire","10":"tag-constance-labbu00e9","11":"tag-divertissement","12":"tag-entertainment","13":"tag-escort-boys","14":"tag-fr","15":"tag-france","16":"tag-guillaume-labbu00e9","17":"tag-pub-streaming","18":"tag-svod","19":"tag-television","20":"tag-tv"},"share_on_mastodon":{"url":"https:\/\/pubeurope.com\/@fr\/114673063268606341","error":""},"_links":{"self":[{"href":"https:\/\/www.europesays.com\/fr\/wp-json\/wp\/v2\/posts\/172009","targetHints":{"allow":["GET"]}}],"collection":[{"href":"https:\/\/www.europesays.com\/fr\/wp-json\/wp\/v2\/posts"}],"about":[{"href":"https:\/\/www.europesays.com\/fr\/wp-json\/wp\/v2\/types\/post"}],"author":[{"embeddable":true,"href":"https:\/\/www.europesays.com\/fr\/wp-json\/wp\/v2\/users\/2"}],"replies":[{"embeddable":true,"href":"https:\/\/www.europesays.com\/fr\/wp-json\/wp\/v2\/comments?post=172009"}],"version-history":[{"count":0,"href":"https:\/\/www.europesays.com\/fr\/wp-json\/wp\/v2\/posts\/172009\/revisions"}],"wp:featuredmedia":[{"embeddable":true,"href":"https:\/\/www.europesays.com\/fr\/wp-json\/wp\/v2\/media\/172010"}],"wp:attachment":[{"href":"https:\/\/www.europesays.com\/fr\/wp-json\/wp\/v2\/media?parent=172009"}],"wp:term":[{"taxonomy":"category","embeddable":true,"href":"https:\/\/www.europesays.com\/fr\/wp-json\/wp\/v2\/categories?post=172009"},{"taxonomy":"post_tag","embeddable":true,"href":"https:\/\/www.europesays.com\/fr\/wp-json\/wp\/v2\/tags?post=172009"}],"curies":[{"name":"wp","href":"https:\/\/api.w.org\/{rel}","templated":true}]}}