{"id":172025,"date":"2025-06-12T23:55:13","date_gmt":"2025-06-12T23:55:13","guid":{"rendered":"https:\/\/www.europesays.com\/fr\/172025\/"},"modified":"2025-06-12T23:55:13","modified_gmt":"2025-06-12T23:55:13","slug":"le-compte-tiktok-dalex-hitchens-supprime-deux-jours-apres-son-audition-catastrophique-a-lassemblee","status":"publish","type":"post","link":"https:\/\/www.europesays.com\/fr\/172025\/","title":{"rendered":"Le compte TikTok d\u2019Alex Hitchens supprim\u00e9 deux jours apr\u00e8s son audition catastrophique \u00e0 l\u2019Assembl\u00e9e"},"content":{"rendered":"<p>        <img decoding=\"async\" loading=\"lazy\" src=\"https:\/\/www.europesays.com\/fr\/wp-content\/uploads\/2025\/06\/a8b8171_upload-1-icn94fynpodf-1a26a8ae-32ea-4f8d-bd1e-bd65a47647b5.png\"  width=\"728\" height=\"441\" alt=\"Alex Hitchens \u00e9tait suivi par plus de 650\u00a0000\u00a0personnes sur TikTok avant la suppression de son compte. (capture d\u2019\u00e9cran Assembl\u00e9e nationale)\"\/>   <\/p>\n<p>Alex Hitchens \u00e9tait suivi par plus de 650\u00a0000\u00a0personnes sur TikTok avant la suppression de son compte. (capture d\u2019\u00e9cran Assembl\u00e9e nationale)<\/p>\n<p class=\"asset asset-text\">R\u00c9SEAUX SOCIAUX &#8211; Il avait raccroch\u00e9 au nez des d\u00e9put\u00e9s. Le compte TikTok de l\u2019influenceur masculiniste<a href=\"https:\/\/www.huffingtonpost.fr\/politique\/article\/nasdas-ad-laurent-les-tanti-et-alex-hitchens-le-president-de-la-commission-tiktok-explique-le-choix-des-influenceurs-convoques_251160.html\" rel=\"nofollow noopener\" target=\"_blank\"> Alex Hitchens<\/a>, suivi par plus de 650\u00a0000 abonn\u00e9s, a \u00e9t\u00e9 supprim\u00e9 ce jeudi 12\u00a0juin, a confirm\u00e9 le r\u00e9seau social \u00e0 l\u2019AFP, deux jours apr\u00e8s qu\u2019il a quitt\u00e9 brusquement une audition dans le cadre de<a href=\"https:\/\/www.huffingtonpost.fr\/politique\/video\/de-ad-laurent-a-alex-hitchens-on-vous-resume-l-audition-lunaire-de-ces-influenceurs-par-les-deputes_251208.html\" rel=\"nofollow noopener\" target=\"_blank\"> la commission d\u2019enqu\u00eate parlementaire<\/a> sur les effets psychologiques de TikTok sur les mineurs.<\/p>\n<p class=\"asset asset-text\">\u00ab\u00a0La d\u00e9cision de supprimer ce compte a \u00e9t\u00e9 prise conform\u00e9ment \u00e0 nos r\u00e8gles communautaires (discours haineux et comportements haineux), que nous appliquons strictement \u00e0 tous les utilisateurs, sans exception\u00a0\u00bb, a indiqu\u00e9 jeudi \u00e0 l\u2019AFP un porte-parole du r\u00e9seau social, propri\u00e9t\u00e9 du groupe chinois ByteDance.<\/p>\n<p class=\"asset asset-text\">De son vrai nom Isac Mayembo, Alex Hitchens se pr\u00e9sente comme un coach en s\u00e9duction autoproclam\u00e9 qui vend des formations en ligne et dont le compte TikTok avait d\u00e9j\u00e0 \u00e9t\u00e9 retir\u00e9 une premi\u00e8re fois. Il compte \u00e9galement plus de 370\u00a0000 abonn\u00e9s sur YouTube et 164\u00a0000 sur Instagram.<\/p>\n<p>    \u00ab\u00a0Il aurait d\u00fb \u00eatre banni depuis longtemps\u00a0\u00bb    <\/p>\n<p class=\"asset asset-text\">\u00ab\u00a0Au total, plusieurs comptes usurpant l\u2019identit\u00e9 d\u2019Alex Hitchens ont \u00e9t\u00e9 bannis\u00a0\u00bb, a \u00e9galement pr\u00e9cis\u00e9 TikTok, alors que l\u2019influenceur avait affirm\u00e9 mardi que la plateforme h\u00e9bergeait une cinquantaine de comptes reprenant ses contenus, dont 7 g\u00e9r\u00e9s par lui-m\u00eame.<\/p>\n<p class=\"asset asset-text\">Auditionn\u00e9 \u00e0 distance mardi dans le cadre de la commission parlementaire sur les effets psychologiques de TikTok sur les mineurs, l\u2019influenceur de 26\u00a0ans avait cr\u00e9\u00e9 la surprise en quittant brusquement l\u2019audition au bout de 20 minutes, accusant son pr\u00e9sident, le d\u00e9put\u00e9 socialiste Arthur Delaporte, de vouloir \u00ab\u00a0isoler\u00a0\u00bb un de ses propos.<\/p>\n<p class=\"asset asset-text\">Il l\u2019interrogeait notamment sur des phrases prononc\u00e9es dans ses vid\u00e9os, comme affirmer que les femmes \u00ab\u00a0n\u2019ont rien \u00e0 faire dans la rue apr\u00e8s 22\u00a0heures\u00a0\u00bb. \u00ab\u00a0Au revoir monsieur, bonne journ\u00e9e\u00a0\u00bb, avait-il lanc\u00e9 avant de couper la connexion, interrompant la s\u00e9ance.<\/p>\n<p class=\"asset asset-text\">\u00ab\u00a0Il faut que vous soyez mis devant le fait accompli, qu\u2019on vous re\u00e7oive\u00a0\u00bb, pour r\u00e9agir, s\u2019est agac\u00e9 jeudi Arthur Delaporte devant des repr\u00e9sentants de TikTok, auditionn\u00e9s \u00e0 leur tour. \u00ab\u00a0Il aurait d\u00fb \u00eatre banni depuis longtemps\u00a0\u00bb, a-t-il ajout\u00e9.<\/p>\n","protected":false},"excerpt":{"rendered":"Alex Hitchens \u00e9tait suivi par plus de 650\u00a0000\u00a0personnes sur TikTok avant la suppression de son compte. (capture d\u2019\u00e9cran&hellip;\n","protected":false},"author":2,"featured_media":172026,"comment_status":"","ping_status":"","sticky":false,"template":"","format":"standard","meta":{"footnotes":""},"categories":[4],"tags":[11,416,5137,1011,27,12,316,25,938,2439],"class_list":{"0":"post-172025","1":"post","2":"type-post","3":"status-publish","4":"format-standard","5":"has-post-thumbnail","7":"category-france","8":"tag-actualites","9":"tag-assemblee-nationale","10":"tag-commission-denquete","11":"tag-fr","12":"tag-france","13":"tag-news","14":"tag-politique","15":"tag-republique-francaise","16":"tag-reseaux-sociaux","17":"tag-tiktok"},"share_on_mastodon":{"url":"https:\/\/pubeurope.com\/@fr\/114673098752836167","error":""},"_links":{"self":[{"href":"https:\/\/www.europesays.com\/fr\/wp-json\/wp\/v2\/posts\/172025","targetHints":{"allow":["GET"]}}],"collection":[{"href":"https:\/\/www.europesays.com\/fr\/wp-json\/wp\/v2\/posts"}],"about":[{"href":"https:\/\/www.europesays.com\/fr\/wp-json\/wp\/v2\/types\/post"}],"author":[{"embeddable":true,"href":"https:\/\/www.europesays.com\/fr\/wp-json\/wp\/v2\/users\/2"}],"replies":[{"embeddable":true,"href":"https:\/\/www.europesays.com\/fr\/wp-json\/wp\/v2\/comments?post=172025"}],"version-history":[{"count":0,"href":"https:\/\/www.europesays.com\/fr\/wp-json\/wp\/v2\/posts\/172025\/revisions"}],"wp:featuredmedia":[{"embeddable":true,"href":"https:\/\/www.europesays.com\/fr\/wp-json\/wp\/v2\/media\/172026"}],"wp:attachment":[{"href":"https:\/\/www.europesays.com\/fr\/wp-json\/wp\/v2\/media?parent=172025"}],"wp:term":[{"taxonomy":"category","embeddable":true,"href":"https:\/\/www.europesays.com\/fr\/wp-json\/wp\/v2\/categories?post=172025"},{"taxonomy":"post_tag","embeddable":true,"href":"https:\/\/www.europesays.com\/fr\/wp-json\/wp\/v2\/tags?post=172025"}],"curies":[{"name":"wp","href":"https:\/\/api.w.org\/{rel}","templated":true}]}}