{"id":172034,"date":"2025-06-13T00:00:28","date_gmt":"2025-06-13T00:00:28","guid":{"rendered":"https:\/\/www.europesays.com\/fr\/172034\/"},"modified":"2025-06-13T00:00:28","modified_gmt":"2025-06-13T00:00:28","slug":"le-pole-de-nancy-grand-prix-du-festival-open-football-club","status":"publish","type":"post","link":"https:\/\/www.europesays.com\/fr\/172034\/","title":{"rendered":"Le p\u00f4le de Nancy Grand Prix du festival Open Football Club"},"content":{"rendered":"<p>                                                              <img data-twic-src=\"https:\/\/www.europesays.com\/fr\/wp-content\/uploads\/2025\/06\/fff1551863719806811c0d8699cd115a.png\" data-credit=\"Nolwenn LE HELLO \/ FFF\" title=\"Nolwenn LE HELLO \/ FFF\" alt=\"3e festival Open Football Club\" class=\"block\"\/>                                        <\/p>\n<p style=\"font-weight: bold\">Le p\u00f4le Espoirs de Nancy est le Grand Prix du 3e festival de cr\u00e9ation artistique Open Football Club, \u00e9lu jeudi 12 juin par le Fondaction du Football avec la FFF.<\/p>\n<p>Le p\u00f4le Espoirs de Nancy (Ligue du Grand Est) a remport\u00e9 le Grand Prix du 3e festival Open Football Club, organis\u00e9 par le <a href=\"http:\/\/www.fondactiondufootball.com\/\" target=\"_blank\" rel=\"noopener\">Fondaction du Football<\/a> avec la FFF, d\u00e9cern\u00e9 le jeudi 12 juin. Il succ\u00e8de au p\u00f4le Espoirs de Castelmaurou, <a href=\"https:\/\/www.fff.fr\/article\/10387-focus-sur-le-1er-festival-open-football-club.html\" target=\"_blank\" rel=\"noopener\">couronn\u00e9 en 2023<\/a>, et \u00e0 l\u2019ESTAC Troyes, laur\u00e9at la saison derni\u00e8re d\u2019une manifestation destin\u00e9e \u00e0 valoriser le programme Open Football Club et l\u2019engagement de ces structures autour de sujets socio-\u00e9ducatifs.\u00a0<\/p>\n<blockquote class=\"margin_b30 relative bleu_fonce small_12 module_blockquote row column\"><p>Nous sommes enthousiasm\u00e9s par ce programme, qui permet \u00e0 nos jeunes joueurs et joueuses de se d\u00e9velopper sur les plans \u00e9ducatif et soci\u00e9tal. Outre qu\u2019il r\u00e9v\u00e8le des personnalit\u00e9s, il concourt \u00e0 en faire des citoyens de demain, int\u00e9gr\u00e9s \u00e0 la soci\u00e9t\u00e9.<\/p>\n<p>Hubert Fournier, directeur technique national<\/p>\n<\/blockquote>\n<p>Les laur\u00e9ats de la 3e \u00e9dition<\/p>\n<ul>\n<li class=\"light\"><strong>Grand Prix :<\/strong> p\u00f4le Espoirs de Nancy (Ligue du Grand Est).<\/li>\n<li class=\"light\"><strong>Prix de l&rsquo;engagement :<\/strong> centre de formation du FC Lorient.<\/li>\n<li class=\"light\"><strong>Prix de l\u2019originalit\u00e9 :<\/strong> centre de formation du SM Caen.<\/li>\n<li class=\"light\"><strong>Prix sp\u00e9ciaux du jury :<\/strong> p\u00f4le Espoirs de Saint-S\u00e9bastien-sur-Loire (Ligue des Pays de la Loire) et centre de formation de l\u2019ESTAC Troyes.<\/li>\n<\/ul>\n<p>Les repr\u00e9sentants de quatre p\u00f4les Espoirs \u2013 Castelmaurou (Occitanie), Nancy et Reims (Grand Est) et Saint-S\u00e9bastien-sur-Loire (Pays de la Loire) \u2013 et de six centres de formation de clubs professionnels (SM Caen, FC Lorient, FC Metz, AS Saint-\u00c9tienne, Toulouse FC et ESTAC Troyes) ont pr\u00e9sent\u00e9 leurs r\u00e9alisations le jeudi 12 juin au si\u00e8ge de la F\u00e9d\u00e9ration. Un jury compos\u00e9 de membres du conseil d\u2019administration du Fondaction du Football et de personnalit\u00e9s du monde de la culture et des m\u00e9dias (voir encadr\u00e9 ci-dessous) ont \u00e9valu\u00e9 ces \u0153uvres alliant football et culture.\u00a0<\/p>\n<p><img decoding=\"async\" title=\"Nolwenn LE HELLO FFF\" src=\"https:\/\/www.europesays.com\/fr\/wp-content\/uploads\/2025\/06\/67fadf1e911e1b4d35ec3bdeca9553b9.jpeg\" alt=\"\"\/>Le jury du 3e festival Open Football Club (photo Nolwenn LE HELLO\/FFF).<\/p>\n<p>Pour les r\u00e9aliser, les jeunes et leurs encadrants ont particip\u00e9 tout au long de la saison \u00e0 des ateliers m\u00ealant cr\u00e9ation artistique (chanson, photo, cuisine, th\u00e9\u00e2tre, court-m\u00e9trage, etc.) et r\u00e9flexion sur des th\u00e8mes soci\u00e9taux comme la lutte contre les discriminations, la solidarit\u00e9, le devoir de m\u00e9moire, l\u2019addiction aux \u00e9crans\u2026 Ces initiatives visent \u00e0 les \u00e9veiller \u00e0 l\u2019art sous toutes ses formes, \u00e0 favoriser leur engagement, \u00e0 les encourager \u00e0 s\u2019exprimer et \u00e0 d\u00e9velopper un regard critique sur des sujets qui les touchent. Elles cherchent \u00e9galement \u00e0 stimuler leur cr\u00e9ativit\u00e9 et \u00e0 promouvoir le travail d\u2019\u00e9quipe et la collaboration.\u00a0<\/p>\n<blockquote class=\"margin_b30 relative bleu_fonce small_12 module_blockquote row column\"><p>Ce festival fait partie de ces moments o\u00f9 l\u2019on parle de football autrement. Il est au c\u0153ur de l\u2019humanisme, de la citoyennet\u00e9 et de la dimension soci\u00e9tale, un lien pour ouvrir les horizons et faire en sorte que le football donne lieu \u00e0 d\u2019autres modalit\u00e9s de d\u00e9couvertes.<\/p>\n<p>Jacques Bungert, pr\u00e9sident du Fondaction du Football<\/p>\n<\/blockquote>\n<p>LE GRAND PRIX 2025<br \/><strong>\u00ab Je dois passer 24h sans mon t\u00e9l\u00e9phone \u00bb<\/strong><\/p>\n<p>Le jury du festival 2025<\/p>\n<ul>\n<li class=\"light\"><strong>Pr\u00e9sident :<\/strong> Jacques Bungert (pr\u00e9sident du Fondaction du Football).<\/li>\n<li class=\"light\"><strong>Membres :<\/strong> Amel Bouzoura (directrice de l\u2019Engagement FFF), Franck Chaussidi\u00e8re (Direction technique nationale FFF), Brieux F\u00e9rot (directeur du d\u00e9veloppement So Press), Sylvie Hoarau (chanteuse et autrice-compositrice groupe Brigitte), Herv\u00e9 Mathoux (journaliste sportif et pr\u00e9sentateur t\u00e9l\u00e9 Canal+), \u00c9milie Montan\u00e9 (directrice Strat\u00e9gie et d\u00e9veloppement M\u00e9dias &amp; Sport), Marie-H\u00e9l\u00e8ne Patry (d\u00e9l\u00e9gu\u00e9e g\u00e9n\u00e9rale Foot Unis), Harry Tordjman (producteur et pr\u00e9sident My Box Productions), Pierre Viguier (avocat associ\u00e9 senior GBS Disputes).<\/li>\n<\/ul>\n","protected":false},"excerpt":{"rendered":"Le p\u00f4le Espoirs de Nancy est le Grand Prix du 3e festival de cr\u00e9ation artistique Open Football Club,&hellip;\n","protected":false},"author":2,"featured_media":172035,"comment_status":"","ping_status":"","sticky":false,"template":"","format":"standard","meta":{"footnotes":""},"categories":[9635],"tags":[1111,11,1777,674,85,1011,27,775,1702,12,25],"class_list":{"0":"post-172034","1":"post","2":"type-post","3":"status-publish","4":"format-standard","5":"has-post-thumbnail","7":"category-nancy","8":"tag-actu","9":"tag-actualites","10":"tag-eu","11":"tag-europe","12":"tag-fff","13":"tag-fr","14":"tag-france","15":"tag-grand-est","16":"tag-nancy","17":"tag-news","18":"tag-republique-francaise"},"share_on_mastodon":{"url":"https:\/\/pubeurope.com\/@fr\/114673118310338122","error":""},"_links":{"self":[{"href":"https:\/\/www.europesays.com\/fr\/wp-json\/wp\/v2\/posts\/172034","targetHints":{"allow":["GET"]}}],"collection":[{"href":"https:\/\/www.europesays.com\/fr\/wp-json\/wp\/v2\/posts"}],"about":[{"href":"https:\/\/www.europesays.com\/fr\/wp-json\/wp\/v2\/types\/post"}],"author":[{"embeddable":true,"href":"https:\/\/www.europesays.com\/fr\/wp-json\/wp\/v2\/users\/2"}],"replies":[{"embeddable":true,"href":"https:\/\/www.europesays.com\/fr\/wp-json\/wp\/v2\/comments?post=172034"}],"version-history":[{"count":0,"href":"https:\/\/www.europesays.com\/fr\/wp-json\/wp\/v2\/posts\/172034\/revisions"}],"wp:featuredmedia":[{"embeddable":true,"href":"https:\/\/www.europesays.com\/fr\/wp-json\/wp\/v2\/media\/172035"}],"wp:attachment":[{"href":"https:\/\/www.europesays.com\/fr\/wp-json\/wp\/v2\/media?parent=172034"}],"wp:term":[{"taxonomy":"category","embeddable":true,"href":"https:\/\/www.europesays.com\/fr\/wp-json\/wp\/v2\/categories?post=172034"},{"taxonomy":"post_tag","embeddable":true,"href":"https:\/\/www.europesays.com\/fr\/wp-json\/wp\/v2\/tags?post=172034"}],"curies":[{"name":"wp","href":"https:\/\/api.w.org\/{rel}","templated":true}]}}