{"id":172036,"date":"2025-06-13T00:01:10","date_gmt":"2025-06-13T00:01:10","guid":{"rendered":"https:\/\/www.europesays.com\/fr\/172036\/"},"modified":"2025-06-13T00:01:10","modified_gmt":"2025-06-13T00:01:10","slug":"la-direction-generale-de-larmement-renforce-son-expertise-sur-les-drones-navals-les-sites-de-saint-mandrier-mis-a-contribution","status":"publish","type":"post","link":"https:\/\/www.europesays.com\/fr\/172036\/","title":{"rendered":"La Direction g\u00e9n\u00e9rale de l\u2019armement renforce son expertise sur les drones navals, les sites de Saint-Mandrier mis \u00e0 contribution"},"content":{"rendered":"<p>Dans l\u2019air, sur terre, sur l\u2019eau ou m\u00eame sous l\u2019eau, plus aucun milieu ne semble \u00e9chapper aux drones. Et c\u2019est encore plus vrai dans le domaine militaire: depuis trois ans, la guerre en Ukraine en est la parfaite illustration.<\/p>\n<p>Naval Group l\u2019a bien compris puisque, \u00e0 l\u2019horizon 2027, la soci\u00e9t\u00e9 ouvrira son centre d\u2019excellence des drones \u00e0 La Londe-les-Maures, dans le Var.<\/p>\n<p>Experte des syst\u00e8mes de d\u00e9fense fran\u00e7ais, la Direction g\u00e9n\u00e9rale de l\u2019armement (DGA) est, elle aussi, bien consciente de la place pr\u00e9pond\u00e9rante que prennent les drones dans les conflits modernes.<\/p>\n<p>Pour preuve, elle vient d\u2019annoncer, ce jeudi 12 juin \u00e0 Toulon, le lancement de sa capacit\u00e9 d\u2019exp\u00e9rimentation de drones navals, baptis\u00e9e CapXDN.<\/p>\n<p>Plus de trente ans d\u2019exp\u00e9rience<\/p>\n<p>La DGA ne part pas de z\u00e9ro dans ce domaine. Avec son centre d\u2019essai et d\u2019expertise DGA Techniques navales, cela fait plus de trente ans qu\u2019elle m\u00e8ne des essais de dronisation au profit de la Marine nationale.<\/p>\n<p>Et c\u2019est d\u2019ailleurs cette m\u00eame DGA Techniques navales qui pilotera la nouvelle capacit\u00e9 d\u2019exp\u00e9rimentation des drones navals, en \u00e9troite collaboration avec le Centre d\u2019exp\u00e9rimentation des programmes navals de la Marine.<\/p>\n<p>\u00c0 peine lanc\u00e9e, la CapXDN dispose d\u2019ores et d\u00e9j\u00e0 de plusieurs sites pour r\u00e9aliser ses prochains essais multidrones et multimilieux.<\/p>\n<p>Sur la presqu\u2019\u00eele de Saint-Mandrier, au sud de la rade de Toulon, le site du Canier et le site d\u2019exp\u00e9rimentation des syst\u00e8mes de d\u00e9fense a\u00e9rienne (SESDA) seront mis \u00e0 contribution. Alors que sur la fa\u00e7ade atlantique, le site de Lanv\u00e9oc, pr\u00e8s de Brest, a \u00e9galement \u00e9t\u00e9 identifi\u00e9.<\/p>\n<p>Selon la DGA, sa toute nouvelle capacit\u00e9 d\u2019exp\u00e9rimentation des drones navals va lui permettre \u00ab\u00a0de ma\u00eetriser de bout en bout certains essais sensibles n\u00e9cessitant d\u2019\u00eatre r\u00e9alis\u00e9s en toute discr\u00e9tion, de d\u00e9velopper l\u2019\u00e9cosyst\u00e8me industriel et acad\u00e9mique dans le domaine des drones navals, et de r\u00e9pondre \u00e0 un besoin croissant d\u2019essais de drones navals dans divers domaines avec agilit\u00e9 et r\u00e9activit\u00e9\u00a0\u00bb.<\/p>\n","protected":false},"excerpt":{"rendered":"Dans l\u2019air, sur terre, sur l\u2019eau ou m\u00eame sous l\u2019eau, plus aucun milieu ne semble \u00e9chapper aux drones.&hellip;\n","protected":false},"author":2,"featured_media":172037,"comment_status":"","ping_status":"","sticky":false,"template":"","format":"standard","meta":{"footnotes":""},"categories":[9619],"tags":[1111,11,554,1777,674,1011,27,6128,12,882,25,2310],"class_list":{"0":"post-172036","1":"post","2":"type-post","3":"status-publish","4":"format-standard","5":"has-post-thumbnail","7":"category-toulon","8":"tag-actu","9":"tag-actualites","10":"tag-defense","11":"tag-eu","12":"tag-europe","13":"tag-fr","14":"tag-france","15":"tag-marine","16":"tag-news","17":"tag-provence-alpes-cote-dazur","18":"tag-republique-francaise","19":"tag-toulon"},"share_on_mastodon":{"url":"https:\/\/pubeurope.com\/@fr\/114673122291015445","error":""},"_links":{"self":[{"href":"https:\/\/www.europesays.com\/fr\/wp-json\/wp\/v2\/posts\/172036","targetHints":{"allow":["GET"]}}],"collection":[{"href":"https:\/\/www.europesays.com\/fr\/wp-json\/wp\/v2\/posts"}],"about":[{"href":"https:\/\/www.europesays.com\/fr\/wp-json\/wp\/v2\/types\/post"}],"author":[{"embeddable":true,"href":"https:\/\/www.europesays.com\/fr\/wp-json\/wp\/v2\/users\/2"}],"replies":[{"embeddable":true,"href":"https:\/\/www.europesays.com\/fr\/wp-json\/wp\/v2\/comments?post=172036"}],"version-history":[{"count":0,"href":"https:\/\/www.europesays.com\/fr\/wp-json\/wp\/v2\/posts\/172036\/revisions"}],"wp:featuredmedia":[{"embeddable":true,"href":"https:\/\/www.europesays.com\/fr\/wp-json\/wp\/v2\/media\/172037"}],"wp:attachment":[{"href":"https:\/\/www.europesays.com\/fr\/wp-json\/wp\/v2\/media?parent=172036"}],"wp:term":[{"taxonomy":"category","embeddable":true,"href":"https:\/\/www.europesays.com\/fr\/wp-json\/wp\/v2\/categories?post=172036"},{"taxonomy":"post_tag","embeddable":true,"href":"https:\/\/www.europesays.com\/fr\/wp-json\/wp\/v2\/tags?post=172036"}],"curies":[{"name":"wp","href":"https:\/\/api.w.org\/{rel}","templated":true}]}}