{"id":172042,"date":"2025-06-13T00:07:11","date_gmt":"2025-06-13T00:07:11","guid":{"rendered":"https:\/\/www.europesays.com\/fr\/172042\/"},"modified":"2025-06-13T00:07:11","modified_gmt":"2025-06-13T00:07:11","slug":"metropole-de-grenoble-quick-debarque-a-saint-martin-dheres-a-quelques-metres-de-mcdo-et-kfc","status":"publish","type":"post","link":"https:\/\/www.europesays.com\/fr\/172042\/","title":{"rendered":"M\u00e9tropole de Grenoble. Quick d\u00e9barque \u00e0 Saint-Martin-d&rsquo;H\u00e8res&#8230; \u00e0 quelques m\u00e8tres de McDo et KFC"},"content":{"rendered":"<p>Les nostalgiques et les fans de la marque vont se r\u00e9jouir et (re)d\u00e9couvrir les recettes iconiques de l\u2019enseigne\u2026 Un nouveau lieu de restauration rapide a d\u00e9barqu\u00e9 \u00e0 Saint-Martin-d\u2019H\u00e8res et pas n\u2019importe lequel\u00a0: Quick\u00a0! Le lieu, qui a ouvert ce jeudi 12\u00a0juin, est implant\u00e9 sur l\u2019avenue Gabriel-P\u00e9ri, \u00e0 proximit\u00e9 de ses concurrents am\u00e9ricains Mc Donald\u2019s et KFC, en face tout pr\u00e8s du domaine universitaire. Il dispose de 208 places assises, dont 166 en salle et 42 en terrasse, et affiche le dernier d\u00e9cor de l\u2019enseigne avec couleurs vives, panneaux lumineux, n\u00e9ons rouges et un \u201cStory Wall\u201d illustrant les quelque 45 ans d\u2019histoire de l\u2019enseigne.<\/p>\n<p>Ce contenu est bloqu\u00e9 car vous n&rsquo;avez pas accept\u00e9 les cookies et autres traceurs.<\/p>\n<p>En cliquant sur \u00ab J\u2019accepte \u00bb, les cookies et autres traceurs seront d\u00e9pos\u00e9s et vous pourrez visualiser les contenus  (<a href=\"\" class=\"consentModule_policy\" target=\"_blank\" title=\"Consulter la politique de protection des donn\u00e9es du fournisseur\">plus d&rsquo;informations<\/a>).<\/p>\n<p>En cliquant sur \u00ab J\u2019accepte tous les cookies \u00bb, vous autorisez des d\u00e9p\u00f4ts de cookies et autres traceurs pour le stockage de vos donn\u00e9es sur nos sites et applications \u00e0 des fins de personnalisation et de ciblage publicitaire.<\/p>\n<p class=\"consentModule_secondaryText\">Vous gardez la possibilit\u00e9 de retirer votre consentement \u00e0 tout moment en consultant notre <a href=\"https:\/\/www.ledauphine.com\/protection-des-donnees\" target=\"_blank\" title=\"Consulter notre politique de protection des donn\u00e9es\" rel=\"nofollow noopener\">politique de protection des donn\u00e9es<\/a>. <br \/>&#13;<br \/>\n            <a href=\"https:\/\/www.ledauphine.com\/economie\/2025\/06\/12\/javascript:Didomi.notice.show()\" class=\"consentModule_cmp\" rel=\"nofollow noopener\" target=\"_blank\">G\u00e9rer mes choix<\/a>&#13;\n        <\/p>\n<p>&#13;<br \/>\n                        J&rsquo;accepte&#13;<br \/>\n            J&rsquo;accepte tous les cookies&#13;\n        <\/p>\n<p>  Un espace de jeux pour les enfants<\/p>\n<p>Comme cela se fait ailleurs, la client\u00e8le aura \u00e0 sa disposition des bornes de commandes et pourra aussi b\u00e9n\u00e9ficier de la vente \u00e0 emporter et de la livraison \u00e0 domicile. Le restaurant est par ailleurs \u00e9quip\u00e9 d\u2019une piste drive avec \u00e9crans digitaux pour faciliter la prise de commande. Les enfants pourront, eux, profiter d\u2019un vaste espace de jeux avec la Magic Planet de Quickos. Jusqu\u2019\u00e0 80 personnes en CDI (directeur, manager, \u00e9quipiers experts et \u00e9quipiers) ont \u00e9t\u00e9 recrut\u00e9s en collaboration avec la cellule France Travail de Saint-Martin-d\u2019H\u00e8res.<\/p>\n<p>\u00ab\u00a0Notre ambition est de doubler la pr\u00e9sence de l\u2019enseigne en 5 ans \u00bb<\/p>\n<p>Avec cette nouvelle implantation, l\u2019enseigne confirme son d\u00e9veloppement dans la r\u00e9gion Auvergne-Rh\u00f4ne-Alpes o\u00f9 30 nouveaux restaurants devraient ouvrir cette ann\u00e9e. Un plan de d\u00e9veloppement ambitieux pour la marque qui entend poursuivre la croissance initi\u00e9e en 2023 et confirm\u00e9e en 2024 avec l\u2019objectif d\u2019atteindre 300 restaurants en France d\u2019ici 2028. \u00ab\u00a0Notre ambition est de doubler la pr\u00e9sence de l\u2019enseigne en 5 ans et de continuer \u00e0 innover afin que nos clients aient le go\u00fbt de retrouver Quick partout en France\u00a0\u00bb, confirme Fr\u00e9d\u00e9ric Levacher, Pr\u00e9sident de Quick France.<\/p>\n","protected":false},"excerpt":{"rendered":"Les nostalgiques et les fans de la marque vont se r\u00e9jouir et (re)d\u00e9couvrir les recettes iconiques de l\u2019enseigne\u2026&hellip;\n","protected":false},"author":2,"featured_media":172043,"comment_status":"","ping_status":"","sticky":false,"template":"","format":"standard","meta":{"footnotes":""},"categories":[9566],"tags":[1111,11,2430,4406,130,33,112,1777,674,107,1011,27,2731,108,1985,12,25,9448,11264,71,216],"class_list":{"0":"post-172042","1":"post","2":"type-post","3":"status-publish","4":"format-standard","5":"has-post-thumbnail","7":"category-grenoble","8":"tag-actu","9":"tag-actualites","10":"tag-auvergne-rhone-alpes","11":"tag-commerce-et-services","12":"tag-consommation","13":"tag-economie","14":"tag-edition-grenoble-agglomeration","15":"tag-eu","16":"tag-europe","17":"tag-fil-info","18":"tag-fr","19":"tag-france","20":"tag-grenoble","21":"tag-isere","22":"tag-metropole-de-grenoble","23":"tag-news","24":"tag-republique-francaise","25":"tag-saint-martin-dheres","26":"tag-saint-martin-dheres-bassin","27":"tag-sante","28":"tag-vie-des-entreprises"},"share_on_mastodon":{"url":"https:\/\/pubeurope.com\/@fr\/114673145842596628","error":""},"_links":{"self":[{"href":"https:\/\/www.europesays.com\/fr\/wp-json\/wp\/v2\/posts\/172042","targetHints":{"allow":["GET"]}}],"collection":[{"href":"https:\/\/www.europesays.com\/fr\/wp-json\/wp\/v2\/posts"}],"about":[{"href":"https:\/\/www.europesays.com\/fr\/wp-json\/wp\/v2\/types\/post"}],"author":[{"embeddable":true,"href":"https:\/\/www.europesays.com\/fr\/wp-json\/wp\/v2\/users\/2"}],"replies":[{"embeddable":true,"href":"https:\/\/www.europesays.com\/fr\/wp-json\/wp\/v2\/comments?post=172042"}],"version-history":[{"count":0,"href":"https:\/\/www.europesays.com\/fr\/wp-json\/wp\/v2\/posts\/172042\/revisions"}],"wp:featuredmedia":[{"embeddable":true,"href":"https:\/\/www.europesays.com\/fr\/wp-json\/wp\/v2\/media\/172043"}],"wp:attachment":[{"href":"https:\/\/www.europesays.com\/fr\/wp-json\/wp\/v2\/media?parent=172042"}],"wp:term":[{"taxonomy":"category","embeddable":true,"href":"https:\/\/www.europesays.com\/fr\/wp-json\/wp\/v2\/categories?post=172042"},{"taxonomy":"post_tag","embeddable":true,"href":"https:\/\/www.europesays.com\/fr\/wp-json\/wp\/v2\/tags?post=172042"}],"curies":[{"name":"wp","href":"https:\/\/api.w.org\/{rel}","templated":true}]}}